{"id":4229,"date":"2015-06-19T14:42:23","date_gmt":"2015-06-19T18:42:23","guid":{"rendered":"https:\/\/ocorreionews.com.br\/?p=4229"},"modified":"2015-06-19T14:42:23","modified_gmt":"2015-06-19T18:42:23","slug":"ilton-pede-manutencao-urgente-do-aeroporto-municipal","status":"publish","type":"post","link":"https:\/\/www.ocorreionews.com.br\/acervo-correio\/?p=4229","title":{"rendered":"Ilton pede manuten\u00e7\u00e3o urgente do aeroporto municipal"},"content":{"rendered":"<div class=\"ultimas_noticias-content-left\">Ilton em suas palavras comentou sobre o afastamento do prefeito Dr. Felipe, segundo o vereador, quem perde diante desta situa\u00e7\u00e3o \u00e9 a cidade e a popula\u00e7\u00e3o, assim \u00e9 necess\u00e1rio que se tenha uma decis\u00e3o concreta e definitiva, ou se tira de uma vez ou deixa. A cidade perde a credibilidade e a popula\u00e7\u00e3o \u00e9 a mais prejudicada segundo o vereador.<\/div>\n<div class=\"ultimas_noticias-content-right\">\n<p>Ilton elogiou o vereador Elton Silva pelas suas palavras sobre a EXPOSUL, o vereador comentou ainda que o sindicato rural concedeu ingressos do parque para as crian\u00e7as das creches, al\u00e9m de ceder o local para uso de varias entidades durante o ano.<\/p>\n<p>O vereador comentou tamb\u00e9m que a agricultura \u00e9 o \u00fanico setor com saldo positivo na balan\u00e7a comercial com um aumento de 4,7%, desta forma esta \u00e9 uma classe que deve ser respeitada e que o agroneg\u00f3cio atualmente \u00e9 o que leva o Brasil nas costas. Sobre o assunto o vereador ainda citou a audi\u00eancia p\u00fablica realizada para discuss\u00e3o sobre a utiliza\u00e7\u00e3o e armazenamento de agrot\u00f3xicos.<\/p>\n<p>Segundo o vereador a c\u00e2mara ficou lotada e foi muito bom ver que todos colaboraram, opinaram e comentaram sobre o projeto de lei, ainda mais com a participa\u00e7\u00e3o de tantas pessoas que tem conhecimento t\u00e9cnico do assunto. Segundo ele, \u00e9 desta forma que deve ser feito, ouvir todas as partes, uma vez que o munic\u00edpio sobrevive do agroneg\u00f3cio, mas que os agrot\u00f3xicos n\u00e3o podem prejudicar a popula\u00e7\u00e3o.<\/p>\n<p>Parabenizou o Diretor do Demutran, Sr. Vicente que esteve em Campo Grande discutindo a implanta\u00e7\u00e3o do projeto bin\u00e1rio no munic\u00edpio, que ser\u00e1 o primeiro do interior do estado a contar com um projeto t\u00e3o bem planejado. Segundo o vereador o projeto est\u00e1 em estudo e o governo do estado ajudar\u00e1 a custear o mesmo.<\/p>\n<p>Comentou tamb\u00e9m sobre os projetos protocolados para asfaltamento de algumas vias do parque uni\u00e3o, segundo ele, todas as ruas que n\u00e3o est\u00e3o em projetos beneficiados por recursos federais foram encaminhados ao governo do estado, a pedido do pr\u00f3prio governador.<\/p>\n<p>Sobre o aeroporto, citou que n\u00e3o foi atualmente no local, mas que se encontra de tal maneira \u00e9 necess\u00e1rio que se fa\u00e7a a manuten\u00e7\u00e3o urgente, o vereador assumiu o compromisso de averiguar tais situa\u00e7\u00f5es, e citou ainda que quando foi secret\u00e1rio de obras, por vezes buscou recursos ao aeroporto, e que inclusive a ilumina\u00e7\u00e3o do local \u00e9 especial, portanto n\u00e3o pode estar com defeito.<\/p>\n<p>Finalizou comentando a Parada Gay realizada em S\u00e3o Paulo, para o vereador foi uma falta de respeito pra com os crist\u00e3os, uma vez que tantas barbaridades foram feitas nas ruas com s\u00edmbolos do cristianismo, segundo ele, respeita a op\u00e7\u00e3o de todos, mas que naquele caso houve muito desrespeito a f\u00e9 das pessoas.<\/p>\n<\/div>\n<p><span class=\"content-news\"><label><i>Assessoria: <\/i><\/label>Nat\u00e1lia Leal Scheer<\/span><\/p>\n<p><iframe loading=\"lazy\" width=\"1170\" height=\"658\" src=\"https:\/\/www.youtube.com\/embed\/22LRT3SoPdM?feature=oembed\" frameborder=\"0\" allow=\"autoplay; encrypted-media\" allowfullscreen><\/iframe><\/p>\n","protected":false},"excerpt":{"rendered":"<p>Ilton em suas palavras comentou sobre o afastamento do prefeito Dr. Felipe, segundo o vereador, quem perde diante desta situa\u00e7\u00e3o \u00e9 a cidade e a popula\u00e7\u00e3o, assim \u00e9 necess\u00e1rio que se tenha uma decis\u00e3o concreta e definitiva, ou se tira de uma vez ou deixa. A cidade perde a credibilidade e a popula\u00e7\u00e3o \u00e9 a [&hellip;]<\/p>\n","protected":false},"author":4,"featured_media":995,"comment_status":"closed","ping_status":"closed","sticky":false,"template":"","format":"standard","meta":{"footnotes":""},"categories":[20],"tags":[],"class_list":["post-4229","post","type-post","status-publish","format-standard","has-post-thumbnail","hentry","category-camara-municipal"],"_links":{"self":[{"href":"https:\/\/www.ocorreionews.com.br\/acervo-correio\/index.php?rest_route=\/wp\/v2\/posts\/4229","targetHints":{"allow":["GET"]}}],"collection":[{"href":"https:\/\/www.ocorreionews.com.br\/acervo-correio\/index.php?rest_route=\/wp\/v2\/posts"}],"about":[{"href":"https:\/\/www.ocorreionews.com.br\/acervo-correio\/index.php?rest_route=\/wp\/v2\/types\/post"}],"author":[{"embeddable":true,"href":"https:\/\/www.ocorreionews.com.br\/acervo-correio\/index.php?rest_route=\/wp\/v2\/users\/4"}],"replies":[{"embeddable":true,"href":"https:\/\/www.ocorreionews.com.br\/acervo-correio\/index.php?rest_route=%2Fwp%2Fv2%2Fcomments&post=4229"}],"version-history":[{"count":0,"href":"https:\/\/www.ocorreionews.com.br\/acervo-correio\/index.php?rest_route=\/wp\/v2\/posts\/4229\/revisions"}],"wp:featuredmedia":[{"embeddable":true,"href":"https:\/\/www.ocorreionews.com.br\/acervo-correio\/index.php?rest_route=\/wp\/v2\/media\/995"}],"wp:attachment":[{"href":"https:\/\/www.ocorreionews.com.br\/acervo-correio\/index.php?rest_route=%2Fwp%2Fv2%2Fmedia&parent=4229"}],"wp:term":[{"taxonomy":"category","embeddable":true,"href":"https:\/\/www.ocorreionews.com.br\/acervo-correio\/index.php?rest_route=%2Fwp%2Fv2%2Fcategories&post=4229"},{"taxonomy":"post_tag","embeddable":true,"href":"https:\/\/www.ocorreionews.com.br\/acervo-correio\/index.php?rest_route=%2Fwp%2Fv2%2Ftags&post=4229"}],"curies":[{"name":"wp","href":"https:\/\/api.w.org\/{rel}","templated":true}]}}