{"id":4231,"date":"2015-06-19T14:46:17","date_gmt":"2015-06-19T18:46:17","guid":{"rendered":"https:\/\/ocorreionews.com.br\/?p=4231"},"modified":"2015-06-19T14:46:17","modified_gmt":"2015-06-19T18:46:17","slug":"prainha-agradeceu-secretario-de-obras-waldemar-mendonca-pela-limpeza-na-avenida-minas-gerais","status":"publish","type":"post","link":"https:\/\/www.ocorreionews.com.br\/acervo-correio\/?p=4231","title":{"rendered":"Prainha agradeceu Secret\u00e1rio de Obras Waldemar Mendon\u00e7a pela limpeza na avenida Minas Gerais"},"content":{"rendered":"<div class=\"ultimas_noticias-content-left\">Prainha iniciou comentando sobre sua indica\u00e7\u00e3o referente ao cemit\u00e9rio municipal, segundo ele o local foi aumentado, mas hoje o local est\u00e1 um pouco abandonado e com t\u00famulos expostos, assim solicitou uma a\u00e7\u00e3o do executivo.<\/div>\n<div class=\"ultimas_noticias-content-right\">\n<p>O vereador nominou tamb\u00e9m v\u00e1rias ruas que hoje precisam de manuten\u00e7\u00e3o pois tem escoamento de agua em suas vias, dificultado assim o servi\u00e7o de tapa buracos feito pela equipe da secretaria de obras, segundo ele, o munic\u00edpio possui muitos pontos cr\u00edticos e devem ser solucionados o mais breve poss\u00edvel, al\u00e9m de ser necess\u00e1rio ainda, contar com a colabora\u00e7\u00e3o da popula\u00e7\u00e3o.<\/p>\n<p>Agradeceu ao secret\u00e1rio de obras, Waldemar Mendon\u00e7a pela limpeza na avenida Minas Gerais, outrora solicitada pelo vereador.<\/p>\n<p>Finalizou parabenizando o esporte do munic\u00edpio pelas in\u00fameras conquistas, segundo o vereador, o esporte sempre foi muito cobrado em outras \u00e9pocas, mas que atualmente a cidade se encontra muito bem servida.<\/p>\n<p>Citou todos os professores presentes na sess\u00e3o e parabenizou a Secretaria de Cultura e Esportes pelo excelente trabalho que vem sendo realizado, uma vez que o munic\u00edpio est\u00e1 se destacando cada vez mais.<\/p>\n<p>&nbsp;<\/p>\n<\/div>\n<p><span class=\"content-news\"><label><i>Assessoria: <\/i><\/label>Nat\u00e1lia Leal Scheer<\/span><\/p>\n<p><iframe loading=\"lazy\" width=\"1170\" height=\"658\" src=\"https:\/\/www.youtube.com\/embed\/F1OLdBbCb-Q?feature=oembed\" frameborder=\"0\" allow=\"autoplay; encrypted-media\" allowfullscreen><\/iframe><\/p>\n","protected":false},"excerpt":{"rendered":"<p>Prainha iniciou comentando sobre sua indica\u00e7\u00e3o referente ao cemit\u00e9rio municipal, segundo ele o local foi aumentado, mas hoje o local est\u00e1 um pouco abandonado e com t\u00famulos expostos, assim solicitou uma a\u00e7\u00e3o do executivo. O vereador nominou tamb\u00e9m v\u00e1rias ruas que hoje precisam de manuten\u00e7\u00e3o pois tem escoamento de agua em suas vias, dificultado assim [&hellip;]<\/p>\n","protected":false},"author":4,"featured_media":4232,"comment_status":"closed","ping_status":"closed","sticky":false,"template":"","format":"standard","meta":{"footnotes":""},"categories":[20],"tags":[],"class_list":["post-4231","post","type-post","status-publish","format-standard","has-post-thumbnail","hentry","category-camara-municipal"],"_links":{"self":[{"href":"https:\/\/www.ocorreionews.com.br\/acervo-correio\/index.php?rest_route=\/wp\/v2\/posts\/4231","targetHints":{"allow":["GET"]}}],"collection":[{"href":"https:\/\/www.ocorreionews.com.br\/acervo-correio\/index.php?rest_route=\/wp\/v2\/posts"}],"about":[{"href":"https:\/\/www.ocorreionews.com.br\/acervo-correio\/index.php?rest_route=\/wp\/v2\/types\/post"}],"author":[{"embeddable":true,"href":"https:\/\/www.ocorreionews.com.br\/acervo-correio\/index.php?rest_route=\/wp\/v2\/users\/4"}],"replies":[{"embeddable":true,"href":"https:\/\/www.ocorreionews.com.br\/acervo-correio\/index.php?rest_route=%2Fwp%2Fv2%2Fcomments&post=4231"}],"version-history":[{"count":0,"href":"https:\/\/www.ocorreionews.com.br\/acervo-correio\/index.php?rest_route=\/wp\/v2\/posts\/4231\/revisions"}],"wp:featuredmedia":[{"embeddable":true,"href":"https:\/\/www.ocorreionews.com.br\/acervo-correio\/index.php?rest_route=\/wp\/v2\/media\/4232"}],"wp:attachment":[{"href":"https:\/\/www.ocorreionews.com.br\/acervo-correio\/index.php?rest_route=%2Fwp%2Fv2%2Fmedia&parent=4231"}],"wp:term":[{"taxonomy":"category","embeddable":true,"href":"https:\/\/www.ocorreionews.com.br\/acervo-correio\/index.php?rest_route=%2Fwp%2Fv2%2Fcategories&post=4231"},{"taxonomy":"post_tag","embeddable":true,"href":"https:\/\/www.ocorreionews.com.br\/acervo-correio\/index.php?rest_route=%2Fwp%2Fv2%2Ftags&post=4231"}],"curies":[{"name":"wp","href":"https:\/\/api.w.org\/{rel}","templated":true}]}}