{"id":4239,"date":"2015-06-19T14:55:48","date_gmt":"2015-06-19T18:55:48","guid":{"rendered":"https:\/\/ocorreionews.com.br\/?p=4239"},"modified":"2015-06-19T14:55:48","modified_gmt":"2015-06-19T18:55:48","slug":"sonia-maran-diz-que-para-uma-secretaria-ter-funcionalidade-faz-se-necessaria-a-lideranca-do-secretario","status":"publish","type":"post","link":"https:\/\/www.ocorreionews.com.br\/acervo-correio\/?p=4239","title":{"rendered":"S\u00f4nia Maran, diz que para uma secretaria ter funcionalidade faz-se necess\u00e1ria a lideran\u00e7a do secret\u00e1rio"},"content":{"rendered":"<div class=\"ultimas_noticias-content-left\">A Presidente da C\u00e2mara S\u00f4nia Maran parabenizou os jovens atletas que conquistaram o JEMS \u2013 Jogos Estudantis de Mato Grosso do Sul, parabenizou tamb\u00e9m o Secret\u00e1rio Municipal de Esportes Emerson Willian, todos os professores e assistentes que fazem parte da referida secretaria. Segundo S\u00f4nia Maran, para uma secretaria ter funcionalidade faz-se necess\u00e1ria a lideran\u00e7a do secret\u00e1rio que est\u00e1 \u00e0 frente da pasta e a compet\u00eancia de seus liderados, e isso ficou comprovado atrav\u00e9s dos resultados obtidos pela Secretaria Municipal de Esportes.<\/div>\n<div class=\"ultimas_noticias-content-right\">\n<p>&nbsp;<\/p>\n<p>Complementou mencionando que esta Casa de Leis ser\u00e1 parceira, em tudo o que estiver relacionado ao esporte e a cultura. Informou que em breve ser\u00e1 realizado em nosso munic\u00edpio o Vinil de Ouro, de antem\u00e3o, fez quest\u00e3o de informar aos demais vereadores que o Senhor Raul Martin Palomares solicitar\u00e1 a esta Casa de Leis a devolu\u00e7\u00e3o de um duod\u00e9cimo no valor de (R$ 16.000,00) dezesseis mil reais, para custeio do referido evento.<\/p>\n<p>&nbsp;<\/p>\n<p>Em rela\u00e7\u00e3o a visita que fez juntamente com a Vereadora Rosemari Cruz ao DENIT, relatou que os respons\u00e1veis deixaram claro ser uma quest\u00e3o de honra iniciar no m\u00eas de setembro, a obra de recapeamento da BR 060 e a constru\u00e7\u00e3o de acostamentos na mesma, com in\u00edcio no Posto S\u00e3o Pedro e t\u00e9rmino na divisa do munic\u00edpio de Chapad\u00e3o do C\u00e9u\/GO.<\/p>\n<p>&nbsp;<\/p>\n<p>Teceu coment\u00e1rios relacionados a mais um afastamento do Prefeito Municipal Dr. Felipe e concordou com o Vereador Ilton, quando o mesmo disse que quem sofre com esse tipo de situa\u00e7\u00e3o \u00e9 a popula\u00e7\u00e3o sul-chapadense. Ao mesmo tempo, discordou com o referido vereador, em rela\u00e7\u00e3o ao munic\u00edpio ser prejudicado com as verbas de emendas estaduais e federais que podem ser liberadas a nossa cidade, pois a Vice-Prefeita foi eleita com a mesma base do prefeito, al\u00e9m disso, os deputados conhecem bem seu car\u00e1ter e sua dignidade.<\/p>\n<p>&nbsp;<\/p>\n<p>Segundo S\u00f4nia Maran, ser\u00e1 necess\u00e1rio a uni\u00e3o entre os poderes e esta Casa de Leis dar o apoio que a Vice-Prefeita Liza precisar, at\u00e9 porque, o apoio n\u00e3o foi dado, da maneira que deveria, devido a atual administra\u00e7\u00e3o n\u00e3o t\u00ea-lo acatado. Leu na \u00edntegra a Comunica\u00e7\u00e3o Interna n\u00ba 24\/2015 entregue a todos os Vereadores, na qual foi entregue anexo, c\u00f3pia do despacho decis\u00f3rio, proferido pelo Juiz de Direito da 2\u00aa Vara da Comarca de Chapad\u00e3o do Sul, que determinou o afastamento do Senhor Luiz Felipe Barreto de Magalh\u00e3es, do cargo de Prefeito Municipal.<\/p>\n<p>&nbsp;<\/p>\n<p>Complementou deixando claro que deu ci\u00eancia a todos vereadores desta Casa de Leis, sobre a den\u00fancia que afastou o prefeito municipal, juntamente com uma c\u00f3pia do despacho feito pelo juiz mencionado anteriormente, porque, se eventualmente, adentrar nesta Casa de Leis den\u00fancia contra o prefeito, todos ter\u00e3o a consci\u00eancia tranquila para votar naquilo que vier a ser pedido. Finalizou ressaltando, caso seja aberta uma processante nesta Casa de Leis, nenhum vereador poder\u00e1 votar sim ou n\u00e3o, e posteriormente alegar que n\u00e3o tinham conhecimento, pois os documentos da decis\u00e3o judicial foram entregues a todos os vereadores, na data de hoje.<\/p>\n<p>&nbsp;<\/p>\n<p><span class=\"content-news\"><label><i>Assessoria: <\/i><\/label>Nat\u00e1lia Leal Scheer<\/span><\/p>\n<p><iframe loading=\"lazy\" width=\"1170\" height=\"658\" src=\"https:\/\/www.youtube.com\/embed\/RA9e3q9IeXQ?feature=oembed\" frameborder=\"0\" allow=\"autoplay; encrypted-media\" allowfullscreen><\/iframe><\/p>\n<\/div>\n","protected":false},"excerpt":{"rendered":"<p>A Presidente da C\u00e2mara S\u00f4nia Maran parabenizou os jovens atletas que conquistaram o JEMS \u2013 Jogos Estudantis de Mato Grosso do Sul, parabenizou tamb\u00e9m o Secret\u00e1rio Municipal de Esportes Emerson Willian, todos os professores e assistentes que fazem parte da referida secretaria. Segundo S\u00f4nia Maran, para uma secretaria ter funcionalidade faz-se necess\u00e1ria a lideran\u00e7a do [&hellip;]<\/p>\n","protected":false},"author":4,"featured_media":4240,"comment_status":"closed","ping_status":"closed","sticky":false,"template":"","format":"standard","meta":{"footnotes":""},"categories":[20],"tags":[],"class_list":["post-4239","post","type-post","status-publish","format-standard","has-post-thumbnail","hentry","category-camara-municipal"],"_links":{"self":[{"href":"https:\/\/www.ocorreionews.com.br\/acervo-correio\/index.php?rest_route=\/wp\/v2\/posts\/4239","targetHints":{"allow":["GET"]}}],"collection":[{"href":"https:\/\/www.ocorreionews.com.br\/acervo-correio\/index.php?rest_route=\/wp\/v2\/posts"}],"about":[{"href":"https:\/\/www.ocorreionews.com.br\/acervo-correio\/index.php?rest_route=\/wp\/v2\/types\/post"}],"author":[{"embeddable":true,"href":"https:\/\/www.ocorreionews.com.br\/acervo-correio\/index.php?rest_route=\/wp\/v2\/users\/4"}],"replies":[{"embeddable":true,"href":"https:\/\/www.ocorreionews.com.br\/acervo-correio\/index.php?rest_route=%2Fwp%2Fv2%2Fcomments&post=4239"}],"version-history":[{"count":0,"href":"https:\/\/www.ocorreionews.com.br\/acervo-correio\/index.php?rest_route=\/wp\/v2\/posts\/4239\/revisions"}],"wp:featuredmedia":[{"embeddable":true,"href":"https:\/\/www.ocorreionews.com.br\/acervo-correio\/index.php?rest_route=\/wp\/v2\/media\/4240"}],"wp:attachment":[{"href":"https:\/\/www.ocorreionews.com.br\/acervo-correio\/index.php?rest_route=%2Fwp%2Fv2%2Fmedia&parent=4239"}],"wp:term":[{"taxonomy":"category","embeddable":true,"href":"https:\/\/www.ocorreionews.com.br\/acervo-correio\/index.php?rest_route=%2Fwp%2Fv2%2Fcategories&post=4239"},{"taxonomy":"post_tag","embeddable":true,"href":"https:\/\/www.ocorreionews.com.br\/acervo-correio\/index.php?rest_route=%2Fwp%2Fv2%2Ftags&post=4239"}],"curies":[{"name":"wp","href":"https:\/\/api.w.org\/{rel}","templated":true}]}}