{"id":4275,"date":"2015-06-20T13:19:26","date_gmt":"2015-06-20T17:19:26","guid":{"rendered":"https:\/\/ocorreionews.com.br\/?p=4275"},"modified":"2015-06-20T13:19:26","modified_gmt":"2015-06-20T17:19:26","slug":"ex-funcionario-da-odebrecht-e-acusado-de-ter-ateado-fogo-em-plantacao-de-cana-revela-delegado","status":"publish","type":"post","link":"https:\/\/www.ocorreionews.com.br\/acervo-correio\/?p=4275","title":{"rendered":"Ex-funcion\u00e1rio da Odebrecht \u00e9 acusado de ter ateado fogo em planta\u00e7\u00e3o de cana, revela delegado"},"content":{"rendered":"<div style=\"text-align: justify;\">A Pol\u00edcia Civil de Costa Rica \u2013 MS j\u00e1 identificou a pessoa que ateou fogo na planta\u00e7\u00e3o de cana-de-a\u00e7\u00facar no \u00faltimo dia 14 de junho de 2015.<\/div>\n<div style=\"text-align: justify;\"><\/div>\n<div style=\"text-align: justify;\">Os agentes chegaram at\u00e9 a identidade do homem atrav\u00e9s de informa\u00e7\u00f5es apuradas na investiga\u00e7\u00e3o, em depoimentos de testemunhas colhidos durante toda a semana, tendo como pe\u00e7a chave um morador que atendeu o aviso da recompensa.<\/div>\n<div style=\"text-align: justify;\"><\/div>\n<div style=\"text-align: justify;\">Segundo o delegado Cleverson Alves dos Santos, trata-se de um ex-funcion\u00e1rio da empresa Odebrecht Agroindustrial que teria ficado revoltado com a sua demiss\u00e3o. \u00a0\u201cChegamos a essa pessoa por meio do relato de um morador que atendeu o aviso da recompensa\u201d, revelou.<\/div>\n<div style=\"text-align: justify;\"><\/div>\n<div style=\"text-align: justify;\">O delegado afirma ainda que nas pr\u00f3ximas horas dever\u00e1 prender o acusado, por\u00e9m ele n\u00e3o revelou a nossa reportagem o nome do suspeito, uma vez que o inqu\u00e9rito policial corre em segredo de justi\u00e7a.<\/div>\n","protected":false},"excerpt":{"rendered":"<p>A Pol\u00edcia Civil de Costa Rica \u2013 MS j\u00e1 identificou a pessoa que ateou fogo na planta\u00e7\u00e3o de cana-de-a\u00e7\u00facar no \u00faltimo dia 14 de junho de 2015. Os agentes chegaram at\u00e9 a identidade do homem atrav\u00e9s de informa\u00e7\u00f5es apuradas na investiga\u00e7\u00e3o, em depoimentos de testemunhas colhidos durante toda a semana, tendo como pe\u00e7a chave um [&hellip;]<\/p>\n","protected":false},"author":4,"featured_media":1945,"comment_status":"closed","ping_status":"closed","sticky":false,"template":"","format":"standard","meta":{"footnotes":""},"categories":[25],"tags":[],"class_list":["post-4275","post","type-post","status-publish","format-standard","has-post-thumbnail","hentry","category-costa-rica"],"_links":{"self":[{"href":"https:\/\/www.ocorreionews.com.br\/acervo-correio\/index.php?rest_route=\/wp\/v2\/posts\/4275","targetHints":{"allow":["GET"]}}],"collection":[{"href":"https:\/\/www.ocorreionews.com.br\/acervo-correio\/index.php?rest_route=\/wp\/v2\/posts"}],"about":[{"href":"https:\/\/www.ocorreionews.com.br\/acervo-correio\/index.php?rest_route=\/wp\/v2\/types\/post"}],"author":[{"embeddable":true,"href":"https:\/\/www.ocorreionews.com.br\/acervo-correio\/index.php?rest_route=\/wp\/v2\/users\/4"}],"replies":[{"embeddable":true,"href":"https:\/\/www.ocorreionews.com.br\/acervo-correio\/index.php?rest_route=%2Fwp%2Fv2%2Fcomments&post=4275"}],"version-history":[{"count":0,"href":"https:\/\/www.ocorreionews.com.br\/acervo-correio\/index.php?rest_route=\/wp\/v2\/posts\/4275\/revisions"}],"wp:featuredmedia":[{"embeddable":true,"href":"https:\/\/www.ocorreionews.com.br\/acervo-correio\/index.php?rest_route=\/wp\/v2\/media\/1945"}],"wp:attachment":[{"href":"https:\/\/www.ocorreionews.com.br\/acervo-correio\/index.php?rest_route=%2Fwp%2Fv2%2Fmedia&parent=4275"}],"wp:term":[{"taxonomy":"category","embeddable":true,"href":"https:\/\/www.ocorreionews.com.br\/acervo-correio\/index.php?rest_route=%2Fwp%2Fv2%2Fcategories&post=4275"},{"taxonomy":"post_tag","embeddable":true,"href":"https:\/\/www.ocorreionews.com.br\/acervo-correio\/index.php?rest_route=%2Fwp%2Fv2%2Ftags&post=4275"}],"curies":[{"name":"wp","href":"https:\/\/api.w.org\/{rel}","templated":true}]}}