{"id":4277,"date":"2015-06-21T07:51:24","date_gmt":"2015-06-21T11:51:24","guid":{"rendered":"https:\/\/ocorreionews.com.br\/?p=4277"},"modified":"2015-06-21T07:51:24","modified_gmt":"2015-06-21T11:51:24","slug":"na-sua-reativacao-cob-ja-recupera-carro-roubado-em-go","status":"publish","type":"post","link":"https:\/\/www.ocorreionews.com.br\/acervo-correio\/?p=4277","title":{"rendered":"Na sua reativa\u00e7\u00e3o COB j\u00e1 recupera carro roubado em GO"},"content":{"rendered":"<p style=\"text-align: justify;\">Na tarde de ontem a guarni\u00e7\u00e3o do COB, , recuperaram um ve\u00edculo produto de furto na cidade de Luzi\u00e2nia GO.<\/p>\n<p style=\"text-align: justify;\">A apreens\u00e3o do ve\u00edculo e do condutor, Charles Almeida de Deus, Natural do Tocantins, ocorreu no entroncamento da MS 324-B, com a BR 060, quando a guarni\u00e7\u00e3o, suspeitou da atitude do ve\u00edculo, resolveram fazer a abordagem e na checagem dos chassis, ficou constatado que havia uma Boletim de Ocorr\u00eancia, na cidade Goiana, pelo furto do carro.<\/p>\n<p style=\"text-align: justify;\">O carro tinha como destino o Pais vizinho do Paraguai, onde com certeza seria trocado por produtos il\u00edcitos<\/p>\n<p style=\"text-align: justify;\">Foi dado voz de pris\u00e3o ao condutor e encaminhado \u00e0 Delegacia, para as devidas provid\u00eancias e o ve\u00edculo encaminhado ao Quartel da Pol\u00edcia.<\/p>\n<p style=\"text-align: justify;\">Os policias do COB j\u00e1 comunicaram como propriet\u00e1rio do ve\u00edculo, informando o ocorrido.<\/p>\n","protected":false},"excerpt":{"rendered":"<p>Na tarde de ontem a guarni\u00e7\u00e3o do COB, , recuperaram um ve\u00edculo produto de furto na cidade de Luzi\u00e2nia GO. A apreens\u00e3o do ve\u00edculo e do condutor, Charles Almeida de Deus, Natural do Tocantins, ocorreu no entroncamento da MS 324-B, com a BR 060, quando a guarni\u00e7\u00e3o, suspeitou da atitude do ve\u00edculo, resolveram fazer a [&hellip;]<\/p>\n","protected":false},"author":4,"featured_media":4279,"comment_status":"closed","ping_status":"closed","sticky":false,"template":"","format":"standard","meta":{"footnotes":""},"categories":[38],"tags":[],"class_list":["post-4277","post","type-post","status-publish","format-standard","has-post-thumbnail","hentry","category-policia"],"_links":{"self":[{"href":"https:\/\/www.ocorreionews.com.br\/acervo-correio\/index.php?rest_route=\/wp\/v2\/posts\/4277","targetHints":{"allow":["GET"]}}],"collection":[{"href":"https:\/\/www.ocorreionews.com.br\/acervo-correio\/index.php?rest_route=\/wp\/v2\/posts"}],"about":[{"href":"https:\/\/www.ocorreionews.com.br\/acervo-correio\/index.php?rest_route=\/wp\/v2\/types\/post"}],"author":[{"embeddable":true,"href":"https:\/\/www.ocorreionews.com.br\/acervo-correio\/index.php?rest_route=\/wp\/v2\/users\/4"}],"replies":[{"embeddable":true,"href":"https:\/\/www.ocorreionews.com.br\/acervo-correio\/index.php?rest_route=%2Fwp%2Fv2%2Fcomments&post=4277"}],"version-history":[{"count":0,"href":"https:\/\/www.ocorreionews.com.br\/acervo-correio\/index.php?rest_route=\/wp\/v2\/posts\/4277\/revisions"}],"wp:featuredmedia":[{"embeddable":true,"href":"https:\/\/www.ocorreionews.com.br\/acervo-correio\/index.php?rest_route=\/wp\/v2\/media\/4279"}],"wp:attachment":[{"href":"https:\/\/www.ocorreionews.com.br\/acervo-correio\/index.php?rest_route=%2Fwp%2Fv2%2Fmedia&parent=4277"}],"wp:term":[{"taxonomy":"category","embeddable":true,"href":"https:\/\/www.ocorreionews.com.br\/acervo-correio\/index.php?rest_route=%2Fwp%2Fv2%2Fcategories&post=4277"},{"taxonomy":"post_tag","embeddable":true,"href":"https:\/\/www.ocorreionews.com.br\/acervo-correio\/index.php?rest_route=%2Fwp%2Fv2%2Ftags&post=4277"}],"curies":[{"name":"wp","href":"https:\/\/api.w.org\/{rel}","templated":true}]}}