{"id":4304,"date":"2015-06-23T07:29:55","date_gmt":"2015-06-23T11:29:55","guid":{"rendered":"https:\/\/ocorreionews.com.br\/?p=4304"},"modified":"2015-06-23T11:54:22","modified_gmt":"2015-06-23T15:54:22","slug":"prefeito-xixi-fara-entrega-da-uti-movel-neste-sabado","status":"publish","type":"post","link":"https:\/\/www.ocorreionews.com.br\/acervo-correio\/?p=4304","title":{"rendered":"Prefeito Xixi far\u00e1 entrega da UTI M\u00f3vel neste s\u00e1bado"},"content":{"rendered":"<p style=\"text-align: justify;\"><span style=\"font-family: helvetica; font-size: small;\">De acordo com informa\u00e7\u00f5es do prefeito Ivan Xixi (PMDB), o pr\u00f3ximo s\u00e1bado(27), poder\u00e1 ser marcado com a entrega da Unidade de Terapia Intensiva UTI M\u00f3vel e com a presen\u00e7a de deputados estaduais, federais e da senadora Simone Tebet (PMDB).<\/span><\/p>\n<div style=\"text-align: justify;\"><span style=\"font-family: helvetica; font-size: small;\">\u00a0<\/span><\/div>\n<div style=\"text-align: justify;\"><span style=\"font-family: helvetica; font-size: small;\"><b>&#8220;Falta a confirma\u00e7\u00e3o oficial da parte de alguns deputados, mas est\u00e1 quase certo que no pr\u00f3ximo s\u00e1bado teremos estes acontecimentos em Para\u00edso das \u00c1guas&#8221;<\/b>, informou Ivan.<\/span><\/div>\n<div style=\"text-align: justify;\"><span style=\"font-family: helvetica; font-size: small;\">\u00a0<\/span><\/div>\n<div style=\"text-align: justify;\"><span style=\"font-family: helvetica; font-size: small;\">A UTI M\u00f3vel de Para\u00edso das \u00c1guas \u00e9 um dos modelos mais equipadas do estado e do pa\u00eds. O ve\u00edculo \u00e9 completo com neonatal. Para atendimento de emerg\u00eancia e alto risco de crian\u00e7as at\u00e9 adultos.\u00a0<\/span><\/div>\n<div style=\"text-align: justify;\"><span style=\"font-family: helvetica; font-size: small;\">\u00a0<\/span><\/div>\n<div style=\"text-align: justify;\"><span style=\"font-family: helvetica; font-size: small;\">Na aquisi\u00e7\u00e3o do ve\u00edculo houve a participa\u00e7\u00e3o do repasse dos deputados estaduais Junior Mochi (PMDB) e Eduardo Rocha (PMDB), na qual o prefeito Ivan fez quest\u00e3o de agradecer e refor\u00e7ar a indispens\u00e1vel presen\u00e7a destas e outras autoridades no munic\u00edpio durante a entrega do ve\u00edculo.<\/span><\/div>\n","protected":false},"excerpt":{"rendered":"<p>De acordo com informa\u00e7\u00f5es do prefeito Ivan Xixi (PMDB), o pr\u00f3ximo s\u00e1bado(27), poder\u00e1 ser marcado com a entrega da Unidade de Terapia Intensiva UTI M\u00f3vel e com a presen\u00e7a de deputados estaduais, federais e da senadora Simone Tebet (PMDB). \u00a0 &#8220;Falta a confirma\u00e7\u00e3o oficial da parte de alguns deputados, mas est\u00e1 quase certo que no [&hellip;]<\/p>\n","protected":false},"author":4,"featured_media":4306,"comment_status":"closed","ping_status":"closed","sticky":false,"template":"","format":"standard","meta":{"footnotes":""},"categories":[36],"tags":[],"class_list":["post-4304","post","type-post","status-publish","format-standard","has-post-thumbnail","hentry","category-paraiso-das-aguas"],"_links":{"self":[{"href":"https:\/\/www.ocorreionews.com.br\/acervo-correio\/index.php?rest_route=\/wp\/v2\/posts\/4304","targetHints":{"allow":["GET"]}}],"collection":[{"href":"https:\/\/www.ocorreionews.com.br\/acervo-correio\/index.php?rest_route=\/wp\/v2\/posts"}],"about":[{"href":"https:\/\/www.ocorreionews.com.br\/acervo-correio\/index.php?rest_route=\/wp\/v2\/types\/post"}],"author":[{"embeddable":true,"href":"https:\/\/www.ocorreionews.com.br\/acervo-correio\/index.php?rest_route=\/wp\/v2\/users\/4"}],"replies":[{"embeddable":true,"href":"https:\/\/www.ocorreionews.com.br\/acervo-correio\/index.php?rest_route=%2Fwp%2Fv2%2Fcomments&post=4304"}],"version-history":[{"count":0,"href":"https:\/\/www.ocorreionews.com.br\/acervo-correio\/index.php?rest_route=\/wp\/v2\/posts\/4304\/revisions"}],"wp:featuredmedia":[{"embeddable":true,"href":"https:\/\/www.ocorreionews.com.br\/acervo-correio\/index.php?rest_route=\/wp\/v2\/media\/4306"}],"wp:attachment":[{"href":"https:\/\/www.ocorreionews.com.br\/acervo-correio\/index.php?rest_route=%2Fwp%2Fv2%2Fmedia&parent=4304"}],"wp:term":[{"taxonomy":"category","embeddable":true,"href":"https:\/\/www.ocorreionews.com.br\/acervo-correio\/index.php?rest_route=%2Fwp%2Fv2%2Fcategories&post=4304"},{"taxonomy":"post_tag","embeddable":true,"href":"https:\/\/www.ocorreionews.com.br\/acervo-correio\/index.php?rest_route=%2Fwp%2Fv2%2Ftags&post=4304"}],"curies":[{"name":"wp","href":"https:\/\/api.w.org\/{rel}","templated":true}]}}