{"id":4316,"date":"2015-06-23T08:06:34","date_gmt":"2015-06-23T12:06:34","guid":{"rendered":"https:\/\/ocorreionews.com.br\/?p=4316"},"modified":"2015-06-23T08:06:34","modified_gmt":"2015-06-23T12:06:34","slug":"camara-cria-canal-de-comunicacao-com-a-populacao","status":"publish","type":"post","link":"https:\/\/www.ocorreionews.com.br\/acervo-correio\/?p=4316","title":{"rendered":"C\u00e2mara cria canal de comunica\u00e7\u00e3o com a popula\u00e7\u00e3o"},"content":{"rendered":"<p style=\"text-align: justify;\"><strong>A C\u00e2mara Municipal de Chapad\u00e3o do Sul, com o objetivo de estar mais perto do cidad\u00e3o criou no site o link \u201cFALE CONOSCO\u201d, com objetivo de dar a oportunidade da popula\u00e7\u00e3o em apresentar sugest\u00f5es, reclama\u00e7\u00f5es e at\u00e9 mesmo de den\u00fancias.<\/strong><\/p>\n<p style=\"text-align: justify;\"><strong>O an\u00fancio do novo foi feito na noite de ontem, no pronunciamento da vereadora Rosimari Cruz.<\/strong><\/p>\n<p style=\"text-align: justify;\"><strong>O link fica ao lado esquerdo do site, abaixo da TV Camara.<\/strong><\/p>\n<p style=\"text-align: justify;\"><strong>Acesse <a href=\"http:\/\/www.camarachapadaodosul.ms.gov.br\/\">http:\/\/www.camarachapadaodosul.ms.gov.br\/<\/a><\/strong><\/p>\n<p style=\"text-align: justify;\">\n","protected":false},"excerpt":{"rendered":"<p>A C\u00e2mara Municipal de Chapad\u00e3o do Sul, com o objetivo de estar mais perto do cidad\u00e3o criou no site o link \u201cFALE CONOSCO\u201d, com objetivo de dar a oportunidade da popula\u00e7\u00e3o em apresentar sugest\u00f5es, reclama\u00e7\u00f5es e at\u00e9 mesmo de den\u00fancias. O an\u00fancio do novo foi feito na noite de ontem, no pronunciamento da vereadora Rosimari [&hellip;]<\/p>\n","protected":false},"author":4,"featured_media":4317,"comment_status":"closed","ping_status":"closed","sticky":false,"template":"","format":"standard","meta":{"footnotes":""},"categories":[20],"tags":[],"class_list":["post-4316","post","type-post","status-publish","format-standard","has-post-thumbnail","hentry","category-camara-municipal"],"_links":{"self":[{"href":"https:\/\/www.ocorreionews.com.br\/acervo-correio\/index.php?rest_route=\/wp\/v2\/posts\/4316","targetHints":{"allow":["GET"]}}],"collection":[{"href":"https:\/\/www.ocorreionews.com.br\/acervo-correio\/index.php?rest_route=\/wp\/v2\/posts"}],"about":[{"href":"https:\/\/www.ocorreionews.com.br\/acervo-correio\/index.php?rest_route=\/wp\/v2\/types\/post"}],"author":[{"embeddable":true,"href":"https:\/\/www.ocorreionews.com.br\/acervo-correio\/index.php?rest_route=\/wp\/v2\/users\/4"}],"replies":[{"embeddable":true,"href":"https:\/\/www.ocorreionews.com.br\/acervo-correio\/index.php?rest_route=%2Fwp%2Fv2%2Fcomments&post=4316"}],"version-history":[{"count":0,"href":"https:\/\/www.ocorreionews.com.br\/acervo-correio\/index.php?rest_route=\/wp\/v2\/posts\/4316\/revisions"}],"wp:featuredmedia":[{"embeddable":true,"href":"https:\/\/www.ocorreionews.com.br\/acervo-correio\/index.php?rest_route=\/wp\/v2\/media\/4317"}],"wp:attachment":[{"href":"https:\/\/www.ocorreionews.com.br\/acervo-correio\/index.php?rest_route=%2Fwp%2Fv2%2Fmedia&parent=4316"}],"wp:term":[{"taxonomy":"category","embeddable":true,"href":"https:\/\/www.ocorreionews.com.br\/acervo-correio\/index.php?rest_route=%2Fwp%2Fv2%2Fcategories&post=4316"},{"taxonomy":"post_tag","embeddable":true,"href":"https:\/\/www.ocorreionews.com.br\/acervo-correio\/index.php?rest_route=%2Fwp%2Fv2%2Ftags&post=4316"}],"curies":[{"name":"wp","href":"https:\/\/api.w.org\/{rel}","templated":true}]}}