{"id":4319,"date":"2015-06-23T09:10:42","date_gmt":"2015-06-23T13:10:42","guid":{"rendered":"https:\/\/ocorreionews.com.br\/?p=4319"},"modified":"2015-06-23T09:10:42","modified_gmt":"2015-06-23T13:10:42","slug":"camara-apoia-o-esporte-presidente-recebeu-atletas-em-seu-gabinete","status":"publish","type":"post","link":"https:\/\/www.ocorreionews.com.br\/acervo-correio\/?p=4319","title":{"rendered":"C\u00e2mara apoia o esporte! Presidente recebeu atletas em seu gabinete"},"content":{"rendered":"<p style=\"text-align: justify;\">A Presidente da C\u00e2mara, S\u00f4nia Maran, recebeu na \u00faltima segunda-feira, dia 15, ap\u00f3s a sess\u00e3o ordin\u00e1ria os jovens atletas que participaram dos JEMS (Jogos Escolares de Mato Grosso do Sul). Acompanhados dos seus professores os atletas foram at\u00e9 a Casa de Leis para apresentar as conquistas obtidas no JEMS em Chapad\u00e3o do Sul e nos JEMS individuais ocorridos em Campo Grande e Tr\u00eas Lagoas.<\/p>\n<p style=\"text-align: justify;\">Em um encontro bastante descontra\u00eddo e agrad\u00e1vel, os atletas receberam os cumprimentos da Presidente do Legislativo que inclusive ofereceu um coquetel aos jovens. Segundo S\u00f4nia Maran, o esporte do munic\u00edpio vem se destacando por onde passa e deve receber o apoio necess\u00e1rio.<\/p>\n<p style=\"text-align: justify;\">\u201cDai a C\u00e9sar o que \u00e9 de C\u00e9sar, nossos atletas est\u00e3o fazendo bonito e n\u00f3s vereadores precisamos reconhecer isso, sabemos do empenho de todos os professores para que os jovens retornem vitoriosos ao munic\u00edpio\u201d \u2013 Enfatizou a presidente reafirmando a parceria da C\u00e2mara com a cultura e o esporte no munic\u00edpio.<\/p>\n<p style=\"text-align: justify;\">Incentivo a Cultura e Esporte<\/p>\n<p style=\"text-align: justify;\">O poder legislativo tem apoiado a cultura e o esporte desde o primeiro ano desta gest\u00e3o. Exemplo disso foi a devolu\u00e7\u00e3o de 580 mil reais para constru\u00e7\u00e3o de um gin\u00e1sio poliesportivo no Bairro Esperan\u00e7a, al\u00e9m da devolu\u00e7\u00e3o de 930 mil reais para constru\u00e7\u00e3o de um Centro Cultural no munic\u00edpio.<\/p>\n<p style=\"text-align: justify;\">Recentemente a Presidente S\u00f4nia anunciou que far\u00e1 mais uma devolu\u00e7\u00e3o, esta de 16 mil reais para realiza\u00e7\u00e3o do Festival Cultural O Vinil de Ouro que ser\u00e1 realizado em julho.<\/p>\n<p style=\"text-align: justify;\">Confira abaixo o nome dos atletas que participaram dos JEMS<\/p>\n<p style=\"text-align: justify;\">Atletismo:<\/p>\n<p style=\"text-align: justify;\">Lan\u00e7amento de Dardo<\/p>\n<p style=\"text-align: justify;\">9\u00ba Lugar \u2013 Guilherme Nunes<\/p>\n<p style=\"text-align: justify;\">12\u00ba Lugar \u2013 Gustavo C\u00e9sar<\/p>\n<p style=\"text-align: justify;\">\n<p style=\"text-align: justify;\">75 Metros<\/p>\n<p style=\"text-align: justify;\">2\u00ba Lugar\u00a0 Felipe Roniery<\/p>\n<p style=\"text-align: justify;\">3\u00ba Lugar \u2013 Jazi dos Santos<\/p>\n<p style=\"text-align: justify;\">Salto em Altura<\/p>\n<p style=\"text-align: justify;\">4\u00ba Lugar \u2013 Gustavo C\u00e9sar<\/p>\n<p style=\"text-align: justify;\">5\u00ba Lugar \u2013 Vin\u00edcius Ribeiro<\/p>\n<p style=\"text-align: justify;\">\n<p style=\"text-align: justify;\">1000 Metros<\/p>\n<p style=\"text-align: justify;\">2\u00ba Lugar \u2013 Kennedy Lucas Rojas<\/p>\n<p style=\"text-align: justify;\">\n<p style=\"text-align: justify;\">Arremesso de Peso (4Kg)<\/p>\n<p style=\"text-align: justify;\">4\u00ba Lugar \u2013 Bruno Alencar<\/p>\n<p style=\"text-align: justify;\">7\u00ba Lugar \u2013 Gabriel Prado<\/p>\n<p style=\"text-align: justify;\">\n<p style=\"text-align: justify;\">Salto em Dist\u00e2ncia<\/p>\n<p style=\"text-align: justify;\">1\u00ba Lugar \u2013 Vin\u00edcius Alves Ribeiro<\/p>\n<p style=\"text-align: justify;\">6\u00ba Lugar \u2013 Kennedy Lucas Rojas<\/p>\n<p style=\"text-align: justify;\">\n<p style=\"text-align: justify;\">Lan\u00e7amento de Disco<\/p>\n<p style=\"text-align: justify;\">4\u00ba Lugar \u2013 Bruno Alencar<\/p>\n<p style=\"text-align: justify;\">7\u00ba Lugar \u2013 Gabriel Prado<\/p>\n<p style=\"text-align: justify;\">\n<p style=\"text-align: justify;\">Revezamento 4X75 metros &#8211; 2\u00ba Lugar<\/p>\n<p style=\"text-align: justify;\">Vin\u00edcius Ribeiro \u2013 Felipe Roniery<\/p>\n<p style=\"text-align: justify;\">Kennedy Rojas \u2013 Jazi dos Santos<\/p>\n<p style=\"text-align: justify;\">\n<p style=\"text-align: justify;\">100m Com Barreiras<\/p>\n<p style=\"text-align: justify;\">1\u00ba Lugar \u2013 Felipe Roniery (Recorde do campeonato)<\/p>\n<p style=\"text-align: justify;\">2\u00ba Lugar \u2013 Jazi dos Santos<\/p>\n<p style=\"text-align: justify;\">\n<p style=\"text-align: justify;\">Nata\u00e7\u00e3o<\/p>\n<p style=\"text-align: justify;\">Jo\u00e3o Pedro Damke<\/p>\n<p style=\"text-align: justify;\">3\u00ba Lugar \u2013 50m Crawl<\/p>\n<p style=\"text-align: justify;\">3\u00ba Lugar \u2013 200m Crawl<\/p>\n<p style=\"text-align: justify;\">\n<p style=\"text-align: justify;\">Equipe Centro Aqu\u00e1tico<\/p>\n<p style=\"text-align: justify;\">Jo\u00e3o Pedro Damke Oliveira<\/p>\n<p style=\"text-align: justify;\">Bruno Ribeiro de Souza<\/p>\n<p style=\"text-align: justify;\">Mateus Sousa de Oliveira<\/p>\n<p style=\"text-align: justify;\">Luis Henrique Mazon<\/p>\n<p style=\"text-align: justify;\">Fabio Ross Pereira Filho<\/p>\n<p style=\"text-align: justify;\">Ryan Gabriel P. Fachinello<\/p>\n<p style=\"text-align: justify;\">Milene Riquelme da Silva Pires<\/p>\n<p style=\"text-align: justify;\">Geovana Paes Oliveira dos Santos<\/p>\n<p style=\"text-align: justify;\">\n<p style=\"text-align: justify;\">Futsal \u2013 1\u00ba Lugar<\/p>\n<p style=\"text-align: justify;\">Atletas: Douglas, Edu, Felipe, Vin\u00edcius, L\u00e9o, Cezinha, Jazi, Leandro, Rodrigo e Gustavo.<\/p>\n<p style=\"text-align: justify;\">\n<p style=\"text-align: justify;\">Assessoria: Nat\u00e1lia Leal Scheer)<\/p>\n","protected":false},"excerpt":{"rendered":"<p>A Presidente da C\u00e2mara, S\u00f4nia Maran, recebeu na \u00faltima segunda-feira, dia 15, ap\u00f3s a sess\u00e3o ordin\u00e1ria os jovens atletas que participaram dos JEMS (Jogos Escolares de Mato Grosso do Sul). Acompanhados dos seus professores os atletas foram at\u00e9 a Casa de Leis para apresentar as conquistas obtidas no JEMS em Chapad\u00e3o do Sul e nos [&hellip;]<\/p>\n","protected":false},"author":4,"featured_media":4320,"comment_status":"closed","ping_status":"closed","sticky":false,"template":"","format":"standard","meta":{"footnotes":""},"categories":[20],"tags":[],"class_list":["post-4319","post","type-post","status-publish","format-standard","has-post-thumbnail","hentry","category-camara-municipal"],"_links":{"self":[{"href":"https:\/\/www.ocorreionews.com.br\/acervo-correio\/index.php?rest_route=\/wp\/v2\/posts\/4319","targetHints":{"allow":["GET"]}}],"collection":[{"href":"https:\/\/www.ocorreionews.com.br\/acervo-correio\/index.php?rest_route=\/wp\/v2\/posts"}],"about":[{"href":"https:\/\/www.ocorreionews.com.br\/acervo-correio\/index.php?rest_route=\/wp\/v2\/types\/post"}],"author":[{"embeddable":true,"href":"https:\/\/www.ocorreionews.com.br\/acervo-correio\/index.php?rest_route=\/wp\/v2\/users\/4"}],"replies":[{"embeddable":true,"href":"https:\/\/www.ocorreionews.com.br\/acervo-correio\/index.php?rest_route=%2Fwp%2Fv2%2Fcomments&post=4319"}],"version-history":[{"count":0,"href":"https:\/\/www.ocorreionews.com.br\/acervo-correio\/index.php?rest_route=\/wp\/v2\/posts\/4319\/revisions"}],"wp:featuredmedia":[{"embeddable":true,"href":"https:\/\/www.ocorreionews.com.br\/acervo-correio\/index.php?rest_route=\/wp\/v2\/media\/4320"}],"wp:attachment":[{"href":"https:\/\/www.ocorreionews.com.br\/acervo-correio\/index.php?rest_route=%2Fwp%2Fv2%2Fmedia&parent=4319"}],"wp:term":[{"taxonomy":"category","embeddable":true,"href":"https:\/\/www.ocorreionews.com.br\/acervo-correio\/index.php?rest_route=%2Fwp%2Fv2%2Fcategories&post=4319"},{"taxonomy":"post_tag","embeddable":true,"href":"https:\/\/www.ocorreionews.com.br\/acervo-correio\/index.php?rest_route=%2Fwp%2Fv2%2Ftags&post=4319"}],"curies":[{"name":"wp","href":"https:\/\/api.w.org\/{rel}","templated":true}]}}