{"id":4322,"date":"2015-06-23T09:13:10","date_gmt":"2015-06-23T13:13:10","guid":{"rendered":"https:\/\/ocorreionews.com.br\/?p=4322"},"modified":"2015-06-23T09:20:28","modified_gmt":"2015-06-23T13:20:28","slug":"camara-reduz-de-40-para-apenas-5-o-limite-de-suplementacao-da-administracao","status":"publish","type":"post","link":"https:\/\/www.ocorreionews.com.br\/acervo-correio\/?p=4322","title":{"rendered":"C\u00e2mara reduz de 40% para  5% o limite de suplementa\u00e7\u00e3o da administra\u00e7\u00e3o."},"content":{"rendered":"<p style=\"text-align: justify;\">Por 6x 3, a C\u00e2mara de Vereadores aprovou a redu\u00e7\u00e3o de 40% para apenas 5%\u00a0o limite da suplementa\u00e7\u00e3o da administra\u00e7\u00e3o municipal. Votaram a favor do das Emendas \u00e0 o Projeto de Lei que disp\u00f5em sobre as Diretrizes Or\u00e7ament\u00e1rias para o exerc\u00edcio de 2016.<\/p>\n<p style=\"text-align: justify;\">Com a aprova\u00e7\u00e3o o limite de gasto da administra\u00e7\u00e3o, acima desse percentual somente com a autoriza\u00e7\u00e3o do Poder Legislativo.<\/p>\n<p style=\"text-align: justify;\">Os parlamentares justificaram a redu\u00e7\u00e3o, alegando que com menos gastos e que a partir de 2016 \u00e9 o per\u00edodo de ajustar contas no munic\u00edpio, fica mais f\u00e1cil de fiscalizar as a\u00e7\u00f5es do Poder Executivo.<\/p>\n<p style=\"text-align: justify;\">\u201cA redu\u00e7\u00e3o deste percentual no Projeto de Lei sobre as Diretrizes Or\u00e7ament\u00e1rias, vai evitar que o Executivo fa\u00e7a gastos desnecess\u00e1rios e bobagem, inviabilizando e comprometendo a futura administra\u00e7\u00e3o\u201d afirmou a presidente S\u00f4nia Maran.<\/p>\n<p style=\"text-align: justify;\">Votaram a favor das emendas ao projeto os vereadores: Prainha, Alirio Bacca, Sonia Maran, Rosimari, Elton Silva e Wagner Teacher. Contra Abel Lemes, Ilton, Dr.Quaranta.<\/p>\n","protected":false},"excerpt":{"rendered":"<p>Por 6x 3, a C\u00e2mara de Vereadores aprovou a redu\u00e7\u00e3o de 40% para apenas 5%\u00a0o limite da suplementa\u00e7\u00e3o da administra\u00e7\u00e3o municipal. Votaram a favor do das Emendas \u00e0 o Projeto de Lei que disp\u00f5em sobre as Diretrizes Or\u00e7ament\u00e1rias para o exerc\u00edcio de 2016. Com a aprova\u00e7\u00e3o o limite de gasto da administra\u00e7\u00e3o, acima desse percentual [&hellip;]<\/p>\n","protected":false},"author":4,"featured_media":4324,"comment_status":"closed","ping_status":"closed","sticky":false,"template":"","format":"standard","meta":{"footnotes":""},"categories":[20],"tags":[],"class_list":["post-4322","post","type-post","status-publish","format-standard","has-post-thumbnail","hentry","category-camara-municipal"],"_links":{"self":[{"href":"https:\/\/www.ocorreionews.com.br\/acervo-correio\/index.php?rest_route=\/wp\/v2\/posts\/4322","targetHints":{"allow":["GET"]}}],"collection":[{"href":"https:\/\/www.ocorreionews.com.br\/acervo-correio\/index.php?rest_route=\/wp\/v2\/posts"}],"about":[{"href":"https:\/\/www.ocorreionews.com.br\/acervo-correio\/index.php?rest_route=\/wp\/v2\/types\/post"}],"author":[{"embeddable":true,"href":"https:\/\/www.ocorreionews.com.br\/acervo-correio\/index.php?rest_route=\/wp\/v2\/users\/4"}],"replies":[{"embeddable":true,"href":"https:\/\/www.ocorreionews.com.br\/acervo-correio\/index.php?rest_route=%2Fwp%2Fv2%2Fcomments&post=4322"}],"version-history":[{"count":0,"href":"https:\/\/www.ocorreionews.com.br\/acervo-correio\/index.php?rest_route=\/wp\/v2\/posts\/4322\/revisions"}],"wp:featuredmedia":[{"embeddable":true,"href":"https:\/\/www.ocorreionews.com.br\/acervo-correio\/index.php?rest_route=\/wp\/v2\/media\/4324"}],"wp:attachment":[{"href":"https:\/\/www.ocorreionews.com.br\/acervo-correio\/index.php?rest_route=%2Fwp%2Fv2%2Fmedia&parent=4322"}],"wp:term":[{"taxonomy":"category","embeddable":true,"href":"https:\/\/www.ocorreionews.com.br\/acervo-correio\/index.php?rest_route=%2Fwp%2Fv2%2Fcategories&post=4322"},{"taxonomy":"post_tag","embeddable":true,"href":"https:\/\/www.ocorreionews.com.br\/acervo-correio\/index.php?rest_route=%2Fwp%2Fv2%2Ftags&post=4322"}],"curies":[{"name":"wp","href":"https:\/\/api.w.org\/{rel}","templated":true}]}}