{"id":4328,"date":"2015-06-23T10:21:23","date_gmt":"2015-06-23T14:21:23","guid":{"rendered":"https:\/\/ocorreionews.com.br\/?p=4328"},"modified":"2015-06-23T10:21:23","modified_gmt":"2015-06-23T14:21:23","slug":"tragedia-crianca-de-2-anos-morre-em-acidente-na-br-364-em-santa-rita","status":"publish","type":"post","link":"https:\/\/www.ocorreionews.com.br\/acervo-correio\/?p=4328","title":{"rendered":"Trag\u00e9dia: Crian\u00e7a de 2 anos morre em acidente na BR 364 em Santa Rita"},"content":{"rendered":"<p style=\"text-align: justify;\">Um grave acidente foi registrado na BR 364 pr\u00f3ximo ao Posto Fiscal de Santa Rita do Araguaia \u2013 GO, h\u00e1 cerca de 2 quil\u00f4metros da cidade. Uma carreta placa OQR 0846 de Uberl\u00e2ndia \u2013 MG carregada de cerveja, trafegava sentido Santa Rita, quando ao passar por uma curva existente no local acabou tombando e se arrastando por quase 50 metros.<\/p>\n<p style=\"text-align: justify;\">O clima de preocupa\u00e7\u00e3o pairou no local, pois, devido a gravidade, as v\u00edtimas n\u00e3o puderam ser retiradas com rapidez, j\u00e1 que ficaram presas \u00e0s ferragens dentro da gabine e o choro de uma crian\u00e7a p\u00f4de ser ouvido. A tens\u00e3o maior era porque n\u00e3o se conseguia ver dentro do caminh\u00e3o e ningu\u00e9m sabia do estado de sa\u00fade das v\u00edtimas.<\/p>\n<p style=\"text-align: justify;\">Uma equipe do Corpo de Bombeiros de Mineiros \u2013 GO foi acionado e em poucos minutos j\u00e1 estavam trabalhando no resgate.\u00a0Pouco tempo depois veio tamb\u00e9m a noticia ruim: a crian\u00e7a de aproximadamente 2 anos foi retirada sem vida, causando grande como\u00e7\u00e3o \u00e0s pessoas presentes. Muitas n\u00e3o resistiram e choraram. O motorista, identificado apenas como Renato e a mulher, de nome Lorena, foram retirados com vida, mas com muitos ferimentos. Ambos foram encaminhados ao Hospital de Alto Araguaia \u2013 MT e podem ser transferidos.<\/p>\n<p style=\"text-align: justify;\">Quanto a carga\u00a0de cerveja,\u00a0populares que estavam no local acabaram levando para casa.<\/p>\n<p style=\"text-align: justify;\">Al\u00e9m do Corpo de Bombeiros, trabalharam no resgate a Pol\u00edcia Militar de Santa Rita com o apoio da Pol\u00edcia Militar de Alto Araguaia.<\/p>\n<p style=\"text-align: justify;\">Fonte; sergiolopesnews.com.br<\/p>\n<p style=\"text-align: justify;\"><a class=\"cboxElement\" href=\"http:\/\/sergiolopesnews.com\/wp-content\/uploads\/2015\/06\/Acidente-9.jpg\" rel=\"shadowbox[sbpost-21263];player=img;\"><img loading=\"lazy\" decoding=\"async\" class=\"alignnone size-full wp-image-21265 colorbox-34817\" src=\"http:\/\/sergiolopesnews.com\/wp-content\/uploads\/2015\/06\/Acidente-9.jpg\" alt=\"Acidente (9)\" width=\"750\" height=\"562\" \/><\/a><a class=\"cboxElement\" href=\"http:\/\/sergiolopesnews.com\/wp-content\/uploads\/2015\/06\/Acidente-6.jpg\" rel=\"shadowbox[sbpost-21263];player=img;\"><img loading=\"lazy\" decoding=\"async\" class=\"alignnone size-full wp-image-21266 colorbox-34817\" src=\"http:\/\/sergiolopesnews.com\/wp-content\/uploads\/2015\/06\/Acidente-6.jpg\" alt=\"Acidente (6)\" width=\"750\" height=\"562\" \/><\/a><a class=\"cboxElement\" href=\"http:\/\/sergiolopesnews.com\/wp-content\/uploads\/2015\/06\/Acidente-27.jpg\" rel=\"shadowbox[sbpost-21263];player=img;\"><img loading=\"lazy\" decoding=\"async\" class=\"alignnone size-full wp-image-21268 colorbox-34817\" src=\"http:\/\/sergiolopesnews.com\/wp-content\/uploads\/2015\/06\/Acidente-27.jpg\" alt=\"Acidente (27)\" width=\"750\" height=\"562\" \/><\/a><a class=\"cboxElement\" href=\"http:\/\/sergiolopesnews.com\/wp-content\/uploads\/2015\/06\/Acidente-35.jpg\" rel=\"shadowbox[sbpost-21263];player=img;\"><img loading=\"lazy\" decoding=\"async\" class=\"alignnone size-full wp-image-21272 colorbox-34817\" src=\"http:\/\/sergiolopesnews.com\/wp-content\/uploads\/2015\/06\/Acidente-35.jpg\" alt=\"Acidente (35)\" width=\"750\" height=\"562\" \/><\/a><a class=\"cboxElement\" href=\"http:\/\/sergiolopesnews.com\/wp-content\/uploads\/2015\/06\/Acidente-25.jpg\" rel=\"shadowbox[sbpost-21263];player=img;\"><img loading=\"lazy\" decoding=\"async\" class=\"alignnone size-full wp-image-21270 colorbox-34817\" src=\"http:\/\/sergiolopesnews.com\/wp-content\/uploads\/2015\/06\/Acidente-25.jpg\" alt=\"Acidente (25)\" width=\"750\" height=\"562\" \/><\/a><a class=\"cboxElement\" href=\"http:\/\/sergiolopesnews.com\/wp-content\/uploads\/2015\/06\/Acidente-4.jpg\" rel=\"shadowbox[sbpost-21263];player=img;\"><img loading=\"lazy\" decoding=\"async\" class=\"alignnone size-full wp-image-21271 colorbox-34817\" src=\"http:\/\/sergiolopesnews.com\/wp-content\/uploads\/2015\/06\/Acidente-4.jpg\" alt=\"Acidente (4)\" width=\"750\" height=\"562\" \/><\/a><\/p>\n","protected":false},"excerpt":{"rendered":"<p>Um grave acidente foi registrado na BR 364 pr\u00f3ximo ao Posto Fiscal de Santa Rita do Araguaia \u2013 GO, h\u00e1 cerca de 2 quil\u00f4metros da cidade. Uma carreta placa OQR 0846 de Uberl\u00e2ndia \u2013 MG carregada de cerveja, trafegava sentido Santa Rita, quando ao passar por uma curva existente no local acabou tombando e se [&hellip;]<\/p>\n","protected":false},"author":4,"featured_media":4329,"comment_status":"closed","ping_status":"closed","sticky":false,"template":"","format":"standard","meta":{"footnotes":""},"categories":[38],"tags":[],"class_list":["post-4328","post","type-post","status-publish","format-standard","has-post-thumbnail","hentry","category-policia"],"_links":{"self":[{"href":"https:\/\/www.ocorreionews.com.br\/acervo-correio\/index.php?rest_route=\/wp\/v2\/posts\/4328","targetHints":{"allow":["GET"]}}],"collection":[{"href":"https:\/\/www.ocorreionews.com.br\/acervo-correio\/index.php?rest_route=\/wp\/v2\/posts"}],"about":[{"href":"https:\/\/www.ocorreionews.com.br\/acervo-correio\/index.php?rest_route=\/wp\/v2\/types\/post"}],"author":[{"embeddable":true,"href":"https:\/\/www.ocorreionews.com.br\/acervo-correio\/index.php?rest_route=\/wp\/v2\/users\/4"}],"replies":[{"embeddable":true,"href":"https:\/\/www.ocorreionews.com.br\/acervo-correio\/index.php?rest_route=%2Fwp%2Fv2%2Fcomments&post=4328"}],"version-history":[{"count":0,"href":"https:\/\/www.ocorreionews.com.br\/acervo-correio\/index.php?rest_route=\/wp\/v2\/posts\/4328\/revisions"}],"wp:featuredmedia":[{"embeddable":true,"href":"https:\/\/www.ocorreionews.com.br\/acervo-correio\/index.php?rest_route=\/wp\/v2\/media\/4329"}],"wp:attachment":[{"href":"https:\/\/www.ocorreionews.com.br\/acervo-correio\/index.php?rest_route=%2Fwp%2Fv2%2Fmedia&parent=4328"}],"wp:term":[{"taxonomy":"category","embeddable":true,"href":"https:\/\/www.ocorreionews.com.br\/acervo-correio\/index.php?rest_route=%2Fwp%2Fv2%2Fcategories&post=4328"},{"taxonomy":"post_tag","embeddable":true,"href":"https:\/\/www.ocorreionews.com.br\/acervo-correio\/index.php?rest_route=%2Fwp%2Fv2%2Ftags&post=4328"}],"curies":[{"name":"wp","href":"https:\/\/api.w.org\/{rel}","templated":true}]}}