{"id":4331,"date":"2015-06-23T10:55:26","date_gmt":"2015-06-23T14:55:26","guid":{"rendered":"https:\/\/ocorreionews.com.br\/?p=4331"},"modified":"2015-06-23T10:55:26","modified_gmt":"2015-06-23T14:55:26","slug":"vereador-paulo-sergio-agradece-emenda-de-250-mil-do-deputado-roberto-balestra-para-a-pavimentacao-da-rua-figueira","status":"publish","type":"post","link":"https:\/\/www.ocorreionews.com.br\/acervo-correio\/?p=4331","title":{"rendered":"Vereador Paulo S\u00e9rgio agradece emenda de 250 mil do Deputado Roberto Balestra para a pavimenta\u00e7\u00e3o da Rua Figueira."},"content":{"rendered":"<p style=\"text-align: justify;\">Os in\u00fameros pedidos dos vereadores a deputados estaduais e federais v\u00eam refletindo na melhoria da qualidade de vida da popula\u00e7\u00e3o em Chapad\u00e3o do C\u00e9u.<\/p>\n<p style=\"text-align: justify;\">Recentemente o Prefeito Municipal anunciou o in\u00edcio das obras de pavimenta\u00e7\u00e3o asf\u00e1ltica no Bairro Ragagnin com recursos obtidos atrav\u00e9s de uma emenda parlamentar do Deputado Federal Roberto Balestra (PP), no valor de 250 mil reais, com uma contrapartida do munic\u00edpio est\u00e3o sendo constru\u00eddos 9.350 metros de asfalto com meio fio na Rua Figueira.<\/p>\n<p style=\"text-align: justify;\">Destacou o Vereador Paulo S\u00e9rgio A. de P\u00e1dua que os vereadores est\u00e3o empenhados na busca de recursos e os resultados est\u00e3o aparecendo.<\/p>\n<p style=\"text-align: justify;\">\u201cA cobran\u00e7a dos vereadores atrav\u00e9s de emendas, projetos e requerimentos, visam atender toda a popula\u00e7\u00e3o, \u00e0s vezes, algumas pessoas n\u00e3o entendem determinadas solicita\u00e7\u00f5es, mas, este \u00e9 papel, como representantes do povo atendemos a todos sem distin\u00e7\u00e3o, tenho andado em todos os bairros do nosso munic\u00edpio conversando com a popula\u00e7\u00e3o para saber quais s\u00e3o suas d\u00favidas e anseios e levo as autoridades ou setores competentes\u201d Disse.<\/p>\n<p style=\"text-align: justify;\">O Vereador Paulinho solicitou ao Presidente do Legislativo que realize algumas Sess\u00f5es Itinerantes no segundo semestre, para aproximar a C\u00e2mara Municipal da popula\u00e7\u00e3o.<\/p>\n<p style=\"text-align: justify;\">Parabenizou ao Vice Prefeito Alcides de S\u00e1 Soares (Cid\u00e3o), e ao Superintendente Alcides da Rosa Flores (Bid\u00fa), pela libera\u00e7\u00e3o do barrac\u00e3o da reciclagem aos colaboradores para separa\u00e7\u00e3o do lixo.<\/p>\n<p style=\"text-align: justify;\">\u201cCom os trabalhos de separa\u00e7\u00e3o do lixo no barrac\u00e3o, o \u00edndice de separa\u00e7\u00e3o dos materiais que podem ser reciclados e comercializados ficar\u00e1 pr\u00f3ximo a 100%, isso nos deixa orgulhosos, pois somos novamente exemplo para o Brasil, na \u00e1rea de separa\u00e7\u00e3o e reaproveitamento de recicl\u00e1veis\u201d Destacou Paulinho.<\/p>\n<p style=\"text-align: justify;\">Finalizou seu pronunciamento lamentando as p\u00e9ssimas condi\u00e7\u00f5es da GO 050, estrada que \u00e9 o principal acesso ao munic\u00edpio de Mineiros, convocou os demais vereadores a defender os interesses dos produtores rurais e demais motoristas que transitam diariamente pela rodovia, intercedendo junto ao Governo do Estado em busca de solu\u00e7\u00f5es para melhorias na referida rodovia.<\/p>\n<p style=\"text-align: justify;\">Assecom C\u00e2mara Municipal<\/p>\n","protected":false},"excerpt":{"rendered":"<p>Os in\u00fameros pedidos dos vereadores a deputados estaduais e federais v\u00eam refletindo na melhoria da qualidade de vida da popula\u00e7\u00e3o em Chapad\u00e3o do C\u00e9u. Recentemente o Prefeito Municipal anunciou o in\u00edcio das obras de pavimenta\u00e7\u00e3o asf\u00e1ltica no Bairro Ragagnin com recursos obtidos atrav\u00e9s de uma emenda parlamentar do Deputado Federal Roberto Balestra (PP), no valor [&hellip;]<\/p>\n","protected":false},"author":4,"featured_media":4041,"comment_status":"closed","ping_status":"closed","sticky":false,"template":"","format":"standard","meta":{"footnotes":""},"categories":[22],"tags":[],"class_list":["post-4331","post","type-post","status-publish","format-standard","has-post-thumbnail","hentry","category-chapadao-do-ceu"],"_links":{"self":[{"href":"https:\/\/www.ocorreionews.com.br\/acervo-correio\/index.php?rest_route=\/wp\/v2\/posts\/4331","targetHints":{"allow":["GET"]}}],"collection":[{"href":"https:\/\/www.ocorreionews.com.br\/acervo-correio\/index.php?rest_route=\/wp\/v2\/posts"}],"about":[{"href":"https:\/\/www.ocorreionews.com.br\/acervo-correio\/index.php?rest_route=\/wp\/v2\/types\/post"}],"author":[{"embeddable":true,"href":"https:\/\/www.ocorreionews.com.br\/acervo-correio\/index.php?rest_route=\/wp\/v2\/users\/4"}],"replies":[{"embeddable":true,"href":"https:\/\/www.ocorreionews.com.br\/acervo-correio\/index.php?rest_route=%2Fwp%2Fv2%2Fcomments&post=4331"}],"version-history":[{"count":0,"href":"https:\/\/www.ocorreionews.com.br\/acervo-correio\/index.php?rest_route=\/wp\/v2\/posts\/4331\/revisions"}],"wp:featuredmedia":[{"embeddable":true,"href":"https:\/\/www.ocorreionews.com.br\/acervo-correio\/index.php?rest_route=\/wp\/v2\/media\/4041"}],"wp:attachment":[{"href":"https:\/\/www.ocorreionews.com.br\/acervo-correio\/index.php?rest_route=%2Fwp%2Fv2%2Fmedia&parent=4331"}],"wp:term":[{"taxonomy":"category","embeddable":true,"href":"https:\/\/www.ocorreionews.com.br\/acervo-correio\/index.php?rest_route=%2Fwp%2Fv2%2Fcategories&post=4331"},{"taxonomy":"post_tag","embeddable":true,"href":"https:\/\/www.ocorreionews.com.br\/acervo-correio\/index.php?rest_route=%2Fwp%2Fv2%2Ftags&post=4331"}],"curies":[{"name":"wp","href":"https:\/\/api.w.org\/{rel}","templated":true}]}}