{"id":4333,"date":"2015-06-23T10:58:34","date_gmt":"2015-06-23T14:58:34","guid":{"rendered":"https:\/\/ocorreionews.com.br\/?p=4333"},"modified":"2015-06-23T10:58:34","modified_gmt":"2015-06-23T14:58:34","slug":"vereadores-solicitam-doacao-de-terreno-para-conselho-tutelar","status":"publish","type":"post","link":"https:\/\/www.ocorreionews.com.br\/acervo-correio\/?p=4333","title":{"rendered":"Vereadores solicitam doa\u00e7\u00e3o de terreno para Conselho Tutelar"},"content":{"rendered":"<p style=\"text-align: justify;\">Buscando melhorar as condi\u00e7\u00f5es de trabalho do Conselho Tutelar de Chapad\u00e3o do C\u00e9u, com a constru\u00e7\u00e3o de uma sede modelo para atender as necessidades do referido \u00f3rg\u00e3o, foi aprovado pelos vereadores o requerimento N\u00ba 32\/2015, solicitando ao Poder Executivo, as provid\u00eancias necess\u00e1rias visando a doa\u00e7\u00e3o de um terreno, para a constru\u00e7\u00e3o da sede do Conselho Tutelar.<\/p>\n<p style=\"text-align: justify;\">O pedido atende a solicita\u00e7\u00e3o do Deputado Estadual Carlos Ant\u00f4nio do Partido Solidariedade que esteve no munic\u00edpio no dia 11 de junho e apresentou uma proposta para constru\u00e7\u00e3o do pr\u00e9dio do Conselho Tutelar, o deputado prop\u00f4s destinar ao munic\u00edpio, destinar atrav\u00e9s de uma emenda parlamentar, o valor necess\u00e1rio para aquisi\u00e7\u00e3o do material de constru\u00e7\u00e3o do pr\u00e9dio, o munic\u00edpio em contrapartida entraria com a doa\u00e7\u00e3o do terreno e servi\u00e7os de m\u00e3o de obra.<\/p>\n<p style=\"text-align: justify;\">Assecom C\u00e2mara Municipal<\/p>\n","protected":false},"excerpt":{"rendered":"<p>Buscando melhorar as condi\u00e7\u00f5es de trabalho do Conselho Tutelar de Chapad\u00e3o do C\u00e9u, com a constru\u00e7\u00e3o de uma sede modelo para atender as necessidades do referido \u00f3rg\u00e3o, foi aprovado pelos vereadores o requerimento N\u00ba 32\/2015, solicitando ao Poder Executivo, as provid\u00eancias necess\u00e1rias visando a doa\u00e7\u00e3o de um terreno, para a constru\u00e7\u00e3o da sede do Conselho [&hellip;]<\/p>\n","protected":false},"author":4,"featured_media":2652,"comment_status":"closed","ping_status":"closed","sticky":false,"template":"","format":"standard","meta":{"footnotes":""},"categories":[22],"tags":[],"class_list":["post-4333","post","type-post","status-publish","format-standard","has-post-thumbnail","hentry","category-chapadao-do-ceu"],"_links":{"self":[{"href":"https:\/\/www.ocorreionews.com.br\/acervo-correio\/index.php?rest_route=\/wp\/v2\/posts\/4333","targetHints":{"allow":["GET"]}}],"collection":[{"href":"https:\/\/www.ocorreionews.com.br\/acervo-correio\/index.php?rest_route=\/wp\/v2\/posts"}],"about":[{"href":"https:\/\/www.ocorreionews.com.br\/acervo-correio\/index.php?rest_route=\/wp\/v2\/types\/post"}],"author":[{"embeddable":true,"href":"https:\/\/www.ocorreionews.com.br\/acervo-correio\/index.php?rest_route=\/wp\/v2\/users\/4"}],"replies":[{"embeddable":true,"href":"https:\/\/www.ocorreionews.com.br\/acervo-correio\/index.php?rest_route=%2Fwp%2Fv2%2Fcomments&post=4333"}],"version-history":[{"count":0,"href":"https:\/\/www.ocorreionews.com.br\/acervo-correio\/index.php?rest_route=\/wp\/v2\/posts\/4333\/revisions"}],"wp:featuredmedia":[{"embeddable":true,"href":"https:\/\/www.ocorreionews.com.br\/acervo-correio\/index.php?rest_route=\/wp\/v2\/media\/2652"}],"wp:attachment":[{"href":"https:\/\/www.ocorreionews.com.br\/acervo-correio\/index.php?rest_route=%2Fwp%2Fv2%2Fmedia&parent=4333"}],"wp:term":[{"taxonomy":"category","embeddable":true,"href":"https:\/\/www.ocorreionews.com.br\/acervo-correio\/index.php?rest_route=%2Fwp%2Fv2%2Fcategories&post=4333"},{"taxonomy":"post_tag","embeddable":true,"href":"https:\/\/www.ocorreionews.com.br\/acervo-correio\/index.php?rest_route=%2Fwp%2Fv2%2Ftags&post=4333"}],"curies":[{"name":"wp","href":"https:\/\/api.w.org\/{rel}","templated":true}]}}