{"id":4335,"date":"2015-06-23T11:06:39","date_gmt":"2015-06-23T15:06:39","guid":{"rendered":"https:\/\/ocorreionews.com.br\/?p=4335"},"modified":"2015-06-23T11:06:39","modified_gmt":"2015-06-23T15:06:39","slug":"camara-de-vereadores-aprova-projeto-de-lei-para-conclusao-de-cadastro-do-parque-municipal","status":"publish","type":"post","link":"https:\/\/www.ocorreionews.com.br\/acervo-correio\/?p=4335","title":{"rendered":"C\u00e2mara de Vereadores aprova Projeto de Lei para conclus\u00e3o de cadastro do Parque Municipal."},"content":{"rendered":"<p style=\"text-align: justify;\">Durante a Sess\u00e3o Ordin\u00e1ria do dia 16 de junho, foi aprovado o Projeto de Lei N\u00ba 17 de 15 de Junho de 2015 de autoria do Executivo municipal, que atende pedido dos t\u00e9cnicos da Semarh, para conclus\u00e3o do cadastramento do Parque Municipal denominado Alberto Rodrigues da Cunha. O parque ser\u00e1 implantado na Quadra 07, do Loteamento Cidade Jardim, com \u00e1rea de 40.371,54 m.<\/p>\n<p style=\"text-align: justify;\">O objetivo da cria\u00e7\u00e3o do mesmo \u00e9 manter uma reserva natural dentro do per\u00edmetro urbano agindo preventivamente e de forma positiva para resguardar a sa\u00fade da popula\u00e7\u00e3o e ao mesmo tempo proporcionar lazer aos moradores locais e visitantes.<\/p>\n<p style=\"text-align: justify;\">Assecom C\u00e2mara Municipal<\/p>\n","protected":false},"excerpt":{"rendered":"<p>Durante a Sess\u00e3o Ordin\u00e1ria do dia 16 de junho, foi aprovado o Projeto de Lei N\u00ba 17 de 15 de Junho de 2015 de autoria do Executivo municipal, que atende pedido dos t\u00e9cnicos da Semarh, para conclus\u00e3o do cadastramento do Parque Municipal denominado Alberto Rodrigues da Cunha. O parque ser\u00e1 implantado na Quadra 07, do [&hellip;]<\/p>\n","protected":false},"author":4,"featured_media":4336,"comment_status":"closed","ping_status":"closed","sticky":false,"template":"","format":"standard","meta":{"footnotes":""},"categories":[22],"tags":[],"class_list":["post-4335","post","type-post","status-publish","format-standard","has-post-thumbnail","hentry","category-chapadao-do-ceu"],"_links":{"self":[{"href":"https:\/\/www.ocorreionews.com.br\/acervo-correio\/index.php?rest_route=\/wp\/v2\/posts\/4335","targetHints":{"allow":["GET"]}}],"collection":[{"href":"https:\/\/www.ocorreionews.com.br\/acervo-correio\/index.php?rest_route=\/wp\/v2\/posts"}],"about":[{"href":"https:\/\/www.ocorreionews.com.br\/acervo-correio\/index.php?rest_route=\/wp\/v2\/types\/post"}],"author":[{"embeddable":true,"href":"https:\/\/www.ocorreionews.com.br\/acervo-correio\/index.php?rest_route=\/wp\/v2\/users\/4"}],"replies":[{"embeddable":true,"href":"https:\/\/www.ocorreionews.com.br\/acervo-correio\/index.php?rest_route=%2Fwp%2Fv2%2Fcomments&post=4335"}],"version-history":[{"count":0,"href":"https:\/\/www.ocorreionews.com.br\/acervo-correio\/index.php?rest_route=\/wp\/v2\/posts\/4335\/revisions"}],"wp:featuredmedia":[{"embeddable":true,"href":"https:\/\/www.ocorreionews.com.br\/acervo-correio\/index.php?rest_route=\/wp\/v2\/media\/4336"}],"wp:attachment":[{"href":"https:\/\/www.ocorreionews.com.br\/acervo-correio\/index.php?rest_route=%2Fwp%2Fv2%2Fmedia&parent=4335"}],"wp:term":[{"taxonomy":"category","embeddable":true,"href":"https:\/\/www.ocorreionews.com.br\/acervo-correio\/index.php?rest_route=%2Fwp%2Fv2%2Fcategories&post=4335"},{"taxonomy":"post_tag","embeddable":true,"href":"https:\/\/www.ocorreionews.com.br\/acervo-correio\/index.php?rest_route=%2Fwp%2Fv2%2Ftags&post=4335"}],"curies":[{"name":"wp","href":"https:\/\/api.w.org\/{rel}","templated":true}]}}