{"id":4338,"date":"2015-06-23T11:12:19","date_gmt":"2015-06-23T15:12:19","guid":{"rendered":"https:\/\/ocorreionews.com.br\/?p=4338"},"modified":"2015-06-23T11:12:19","modified_gmt":"2015-06-23T15:12:19","slug":"vereadores-aprovam-requerimento-solicitando-informacoes-sobre-exames-oftalmologicos-aos-alunos-da-rede-municipal-de-ensino","status":"publish","type":"post","link":"https:\/\/www.ocorreionews.com.br\/acervo-correio\/?p=4338","title":{"rendered":"Vereadores aprovam requerimento solicitando informa\u00e7\u00f5es sobre Exames Oftalmol\u00f3gicos aos alunos da Rede Municipal de Ensino"},"content":{"rendered":"<p style=\"text-align: justify;\">A C\u00e2mara Municipal aprovou o requerimento N\u00ba 33\/2015, solicitando ao Prefeito Municipal quais as provid\u00eancias foram tomadas em rela\u00e7\u00e3o ao requerimento N\u00ba 10 aprovado no dia 25 de mar\u00e7o\/15.<\/p>\n<p style=\"text-align: justify;\">Entenda o caso.<\/p>\n<p style=\"text-align: justify;\">O Presidente do Legislativo Marcos Ant\u00f4nio Navarini (PSDB) apresentou na Sess\u00e3o Ordin\u00e1ria do dia 25 de mar\u00e7o\/15, o requerimento N\u00ba 10 solicitando a realiza\u00e7\u00e3o de exames oftalmol\u00f3gicos e doa\u00e7\u00e3o de \u00f3culos, aos alunos da rede municipal de ensino.<\/p>\n<p style=\"text-align: justify;\">Na ocasi\u00e3o o Presidente do Poder Legislativo Marquinhos Navarini destacou:<\/p>\n<p style=\"text-align: justify;\">\u201cMuitos pais n\u00e3o disp\u00f5em de recursos financeiros para a realiza\u00e7\u00e3o do exame oftalmol\u00f3gico, uma crian\u00e7a com problemas de vis\u00e3o, tem maiores dificuldades no aprendizado e quanto antes os problemas de vis\u00e3o forem detectados melhores e mais eficazes s\u00e3o os tratamentos\u201d.<\/p>\n<p style=\"text-align: justify;\">Como at\u00e9 o dia 15 de junho, o Poder Legislativo n\u00e3o obteve resposta sobre as provid\u00eancias tomadas em rela\u00e7\u00e3o ao requerimento, foi enviado um novo requerimento solicitando tais informa\u00e7\u00f5es.<\/p>\n<p style=\"text-align: justify;\">O Presidente do Legislativo firmou compromisso com o Prefeito Municipal de estar repassando atrav\u00e9s da devolu\u00e7\u00e3o do duod\u00e9cimo, os valores necess\u00e1rios para custear os exames e a aquisi\u00e7\u00e3o de \u00f3culos, para os alunos da rede municipal, que forem constados problemas de vis\u00e3o e a necessidade dos mesmos.<\/p>\n<p style=\"text-align: justify;\">Assecom C\u00e2mara Municipal<\/p>\n","protected":false},"excerpt":{"rendered":"<p>A C\u00e2mara Municipal aprovou o requerimento N\u00ba 33\/2015, solicitando ao Prefeito Municipal quais as provid\u00eancias foram tomadas em rela\u00e7\u00e3o ao requerimento N\u00ba 10 aprovado no dia 25 de mar\u00e7o\/15. Entenda o caso. O Presidente do Legislativo Marcos Ant\u00f4nio Navarini (PSDB) apresentou na Sess\u00e3o Ordin\u00e1ria do dia 25 de mar\u00e7o\/15, o requerimento N\u00ba 10 solicitando a [&hellip;]<\/p>\n","protected":false},"author":4,"featured_media":4339,"comment_status":"closed","ping_status":"closed","sticky":false,"template":"","format":"standard","meta":{"footnotes":""},"categories":[22],"tags":[],"class_list":["post-4338","post","type-post","status-publish","format-standard","has-post-thumbnail","hentry","category-chapadao-do-ceu"],"_links":{"self":[{"href":"https:\/\/www.ocorreionews.com.br\/acervo-correio\/index.php?rest_route=\/wp\/v2\/posts\/4338","targetHints":{"allow":["GET"]}}],"collection":[{"href":"https:\/\/www.ocorreionews.com.br\/acervo-correio\/index.php?rest_route=\/wp\/v2\/posts"}],"about":[{"href":"https:\/\/www.ocorreionews.com.br\/acervo-correio\/index.php?rest_route=\/wp\/v2\/types\/post"}],"author":[{"embeddable":true,"href":"https:\/\/www.ocorreionews.com.br\/acervo-correio\/index.php?rest_route=\/wp\/v2\/users\/4"}],"replies":[{"embeddable":true,"href":"https:\/\/www.ocorreionews.com.br\/acervo-correio\/index.php?rest_route=%2Fwp%2Fv2%2Fcomments&post=4338"}],"version-history":[{"count":0,"href":"https:\/\/www.ocorreionews.com.br\/acervo-correio\/index.php?rest_route=\/wp\/v2\/posts\/4338\/revisions"}],"wp:featuredmedia":[{"embeddable":true,"href":"https:\/\/www.ocorreionews.com.br\/acervo-correio\/index.php?rest_route=\/wp\/v2\/media\/4339"}],"wp:attachment":[{"href":"https:\/\/www.ocorreionews.com.br\/acervo-correio\/index.php?rest_route=%2Fwp%2Fv2%2Fmedia&parent=4338"}],"wp:term":[{"taxonomy":"category","embeddable":true,"href":"https:\/\/www.ocorreionews.com.br\/acervo-correio\/index.php?rest_route=%2Fwp%2Fv2%2Fcategories&post=4338"},{"taxonomy":"post_tag","embeddable":true,"href":"https:\/\/www.ocorreionews.com.br\/acervo-correio\/index.php?rest_route=%2Fwp%2Fv2%2Ftags&post=4338"}],"curies":[{"name":"wp","href":"https:\/\/api.w.org\/{rel}","templated":true}]}}