{"id":4341,"date":"2015-06-23T11:14:05","date_gmt":"2015-06-23T15:14:05","guid":{"rendered":"https:\/\/ocorreionews.com.br\/?p=4341"},"modified":"2015-06-23T11:14:05","modified_gmt":"2015-06-23T15:14:05","slug":"vereadores-aprovam-adequacoes-sobre-eleicoes-do-conselho-tutelar","status":"publish","type":"post","link":"https:\/\/www.ocorreionews.com.br\/acervo-correio\/?p=4341","title":{"rendered":"Vereadores aprovam adequa\u00e7\u00f5es sobre elei\u00e7\u00f5es do Conselho Tutelar"},"content":{"rendered":"<p style=\"text-align: justify;\">Visando atualizar a Lei Municipal N\u00ba 244\/1999 \u00e0s normas estabelecidas pela Legisla\u00e7\u00e3o Nacional do Conselho Nacional dos Direitos da Crian\u00e7a e do Adolescente \u2013 CONANDA, a C\u00e2mara Municipal de Vereadores aprovou o Projeto de Lei N\u00ba 16\/2015 \u2013 Acrescentando par\u00e1grafo \u00fanico ao art. 9, alterando ainda o art.13 da Lei Municipal.<\/p>\n<p style=\"text-align: justify;\">Com as altera\u00e7\u00f5es aprovadas o Conselheiro Tutelar que tiver exercido o cargo por per\u00edodo consecutivo superior a um mandato e meio n\u00e3o poder\u00e1 participar do processo de escolha subsequente (reelei\u00e7\u00e3o).<\/p>\n<p style=\"text-align: justify;\">Ficam aprovadas ainda as seguintes condi\u00e7\u00f5es para concorrer as elei\u00e7\u00f5es para Conselheiro Tutelar:<\/p>\n<p style=\"text-align: justify;\">Idade Superior a 21 anos<\/p>\n<p style=\"text-align: justify;\">Residir no munic\u00edpio h\u00e1 mais de 2 anos<\/p>\n<p style=\"text-align: justify;\">Estar em gozo dos direitos pol\u00edticos<\/p>\n<p style=\"text-align: justify;\">Ter no m\u00ednimo o Ensino M\u00e9dio Completo<\/p>\n<p style=\"text-align: justify;\">Avalia\u00e7\u00e3o por Comiss\u00e3o Eleitoral, que promover\u00e1 dilig\u00eancias, avalia\u00e7\u00f5es psicol\u00f3gicas, provas escritas e entrevistas com os candidatos em fases sucessivas e eliminat\u00f3rias.<\/p>\n<p style=\"text-align: justify;\">As altera\u00e7\u00f5es no referido projeto de lei ser\u00e3o aplicadas somente na pr\u00f3xima elei\u00e7\u00e3o do Conselho Tutelar, n\u00e3o sendo aplicadas nas elei\u00e7\u00f5es que ocorrem em outubro deste ano.<\/p>\n<p style=\"text-align: justify;\">Assecom C\u00e2mara Municipal<\/p>\n","protected":false},"excerpt":{"rendered":"<p>Visando atualizar a Lei Municipal N\u00ba 244\/1999 \u00e0s normas estabelecidas pela Legisla\u00e7\u00e3o Nacional do Conselho Nacional dos Direitos da Crian\u00e7a e do Adolescente \u2013 CONANDA, a C\u00e2mara Municipal de Vereadores aprovou o Projeto de Lei N\u00ba 16\/2015 \u2013 Acrescentando par\u00e1grafo \u00fanico ao art. 9, alterando ainda o art.13 da Lei Municipal. Com as altera\u00e7\u00f5es aprovadas [&hellip;]<\/p>\n","protected":false},"author":4,"featured_media":4342,"comment_status":"closed","ping_status":"closed","sticky":false,"template":"","format":"standard","meta":{"footnotes":""},"categories":[22],"tags":[],"class_list":["post-4341","post","type-post","status-publish","format-standard","has-post-thumbnail","hentry","category-chapadao-do-ceu"],"_links":{"self":[{"href":"https:\/\/www.ocorreionews.com.br\/acervo-correio\/index.php?rest_route=\/wp\/v2\/posts\/4341","targetHints":{"allow":["GET"]}}],"collection":[{"href":"https:\/\/www.ocorreionews.com.br\/acervo-correio\/index.php?rest_route=\/wp\/v2\/posts"}],"about":[{"href":"https:\/\/www.ocorreionews.com.br\/acervo-correio\/index.php?rest_route=\/wp\/v2\/types\/post"}],"author":[{"embeddable":true,"href":"https:\/\/www.ocorreionews.com.br\/acervo-correio\/index.php?rest_route=\/wp\/v2\/users\/4"}],"replies":[{"embeddable":true,"href":"https:\/\/www.ocorreionews.com.br\/acervo-correio\/index.php?rest_route=%2Fwp%2Fv2%2Fcomments&post=4341"}],"version-history":[{"count":0,"href":"https:\/\/www.ocorreionews.com.br\/acervo-correio\/index.php?rest_route=\/wp\/v2\/posts\/4341\/revisions"}],"wp:featuredmedia":[{"embeddable":true,"href":"https:\/\/www.ocorreionews.com.br\/acervo-correio\/index.php?rest_route=\/wp\/v2\/media\/4342"}],"wp:attachment":[{"href":"https:\/\/www.ocorreionews.com.br\/acervo-correio\/index.php?rest_route=%2Fwp%2Fv2%2Fmedia&parent=4341"}],"wp:term":[{"taxonomy":"category","embeddable":true,"href":"https:\/\/www.ocorreionews.com.br\/acervo-correio\/index.php?rest_route=%2Fwp%2Fv2%2Fcategories&post=4341"},{"taxonomy":"post_tag","embeddable":true,"href":"https:\/\/www.ocorreionews.com.br\/acervo-correio\/index.php?rest_route=%2Fwp%2Fv2%2Ftags&post=4341"}],"curies":[{"name":"wp","href":"https:\/\/api.w.org\/{rel}","templated":true}]}}