{"id":4359,"date":"2015-06-23T13:19:32","date_gmt":"2015-06-23T17:19:32","guid":{"rendered":"https:\/\/ocorreionews.com.br\/?p=4359"},"modified":"2015-06-23T13:19:32","modified_gmt":"2015-06-23T17:19:32","slug":"costa-rica-sediara-a-ix-olimpiada-especial-estadual-das-apaes-do-ms","status":"publish","type":"post","link":"https:\/\/www.ocorreionews.com.br\/acervo-correio\/?p=4359","title":{"rendered":"Costa Rica sediar\u00e1 a IX Olimp\u00edada Especial Estadual das APAES do MS"},"content":{"rendered":"<div class=\"marginBottom30px link-Internas\">\n<p>Com apoio da Administra\u00e7\u00e3o Municipal o Munic\u00edpio de Costa Rica sediar\u00e1 no per\u00edodo de 30 de junho a 04 de julho de 2015, a IX Olimp\u00edada Estadual Especial das APAES do MS.<\/p>\n<p>O evento \u00e9 uma realiza\u00e7\u00e3o da Federa\u00e7\u00e3o das APAES do Estado de Mato Grosso do Sul e tem por objetivo celebrar a capacidade de supera\u00e7\u00e3o, o companheirismo a solidariedade, a valoriza de todos os participantes de forma individual, realiza a socializa\u00e7\u00e3o e\u00a0 troca de experi\u00eancias.<\/p>\n<p>\u201cE assim, amplia a\u00a0 experi\u00eancia de vida dos participantes, pessoas com defici\u00eancia intelectual e m\u00faltipla que nos inspiram e nos d\u00e3o exemplo todos os dias\u201d, complementa o prefeito Waldeli dos Santos Rosa.<\/p>\n<p>A IX Olimp\u00edada Estadual Especial das APAES do MS contar\u00e1 com equipes de todo Estado, aproximadamente 500 atletas, t\u00e9cnicos e acompanhantes s\u00e3o esperados em Costa Rica.<\/p>\n<p>Os jogos re\u00fanem v\u00e1rias modalidades entre elas: Atletismo, Basquetebol, Futebol de Sal\u00e3o, Futebol Su\u00ed\u00e7o, Nata\u00e7\u00e3o, Bocha, Malha, PolyBat, T\u00eanis de Mesa, Capoeira, Voleibol Adaptado, Gin\u00e1stica R\u00edtmica, Gin\u00e1stica Art\u00edstica, Jud\u00f4, Muay \u2013 Thay e Queimada.<\/p>\n<p><strong>Confira abaixo a Programa\u00e7\u00e3o completa da IX Olimp\u00edada Estadual Especial das APAES do MS:<\/strong><\/p>\n<p><strong>Dia 30\/06\/2015 (Ter\u00e7a \u2013 Feira)<\/strong><br \/>\n09:00 \u2013 Chegada das delega\u00e7\u00f5es e recep\u00e7\u00e3o das delega\u00e7\u00f5es na APAE de Costa Rica &#8211; MS<br \/>\n11:00 \u2013 Almo\u00e7o Centro de Conviv\u00eancia do Idoso Rua: Jo\u00e3o Bispo de Carvalho n\u00ba 396 Bairro: Sonho Meu II<br \/>\n14:00 \u2013 CONGRESSO T\u00c9CNICO APAE de Costa Rica &#8211; MS<br \/>\n17:30 \u2013 Jantar no refeit\u00f3rio do Centro de Conviv\u00eancia do Idoso<br \/>\n18:30 &#8211;\u00a0 CARREATA COM TODAS AS DELEGA\u00c7\u00d5ES<br \/>\n19:00 \u2013 ABERTURA Centro de Eventos Ramez Tebet Rua Josina Garcia de Melo s\/n Bairro: Vila Santana<br \/>\n19:30 \u2013 Apresenta\u00e7\u00f5es da 12\u00aa Regi\u00e3o<br \/>\n20:00 \u2013 INICIO DO MUAY THAI \u2013 Centro de Eventos Ramez Tebet<br \/>\n22:30 \u2013 Encerramento<br \/>\n22:45 \u2013 Retorno das delega\u00e7\u00f5es para o alojamento<\/p>\n<p><strong>Dia 01\/07\/2015 (Quarta \u2013 Feira)<\/strong><br \/>\n06:00 \u2013 Caf\u00e9 da manha das delega\u00e7\u00f5es Centro de Conviv\u00eancia do Idoso<br \/>\n07:00 \u2013 INICIO DO FUTSAL MASC. GRUPO A e FEM.\u2013 Escola Municipal Francisco Martins Corrijo &#8211; Rua Francisco Martins Corrijo 316 &#8211; Bairro. S\u00e3o Francisco.<br \/>\n07:30 \u2013 INICIO DA QUEIMADA \u2013 E. E. Jose Ferreira da Costa Rua: Avenida Jos\u00e9 Ferreira da Costa n\u00ba 1374 Bairro: Centro<br \/>\n08:00 \u2013 INICIO DO FUTSAL MASC. GRUPO B e C Escola Municipal Professor Adenocre Alexandre de Moraes &#8211; Rua Jos\u00e9 Calazans da Silva 172 &#8211; Centro<br \/>\n08:00 \u2013 INICIO DO BASQUETE MASC. e FEM \u2013 E. E. Santo Dumont Rua: Jos\u00e9 Pereira da Silva n\u00ba 406 Bairro: Jardim Santos Dumont<br \/>\n08:00 &#8211; INICIO DO FUTEBOL SUI\u00c7O \u2013 Rotary Clube Rua: S\u00e3o Jo\u00e3o s\/n Bairro: S\u00e3o Francisco<br \/>\n11:30 \u2013 Almo\u00e7o das delega\u00e7\u00f5es Centro de Conviv\u00eancia do Idoso<br \/>\n12:00 \u2013 Descanso das delega\u00e7\u00f5es<br \/>\n13:30 \u2013 INICIO DO FUTSAL MASC. GRUPO A e FEM.\u2013 Escola Municipal Francisco Martins Corrijo<br \/>\n14:00\u2013 INICIO DO FUTSAL MASC. GRUPO B e C Escola Municipal Professor Adenocre Alexandre de Moraes<br \/>\n15:00 \u2013 INICIO DO BASQUETE MASC. e FEM\u2013\u00a0 E. E. Santo Dumont<br \/>\n15:00 \u2013 INICIO DO JUD\u00d4 \u2013 E. E. Santo Dumont<br \/>\n16:00 &#8211;\u00a0 INICIO DO FUTEBOL SUI\u00c7O \u2013 Rotary Clube<br \/>\n18:00 \u2013 Jantar das delega\u00e7\u00f5es Centro de Conviv\u00eancia do Idoso<\/p>\n<p><strong>Dia 02\/07\/2015 (Quinta &#8211; Feira)<\/strong><br \/>\n06:00 \u2013 Caf\u00e9 da manha das delega\u00e7\u00f5es Centro de Conviv\u00eancia do Idoso<br \/>\n07:00 \u2013 INICIO DO BOCHA &#8211; E. E. Santos Dumont<br \/>\n07:00\u2013 INICIO DO FUTSAL MASC. GRUPO B e C Escola Municipal Professor Adenocre Alexandre de Moraes<br \/>\n08:00 \u00ac- INICIO DO VOLEIBOL ADAPTADO \u2013 Escola Municipal Francisco Martins Corrijo 08:00 \u2013 INICIO DO BASQUETE MASC. e FEM \u2013 E. E. Santos Dumont<br \/>\n08:00 \u2013 INICIO DO MALHA &#8211; Centro de Conviv\u00eancia do Idoso<br \/>\n08:00 \u2013 INICIO DO FUTEBOL SUI\u00c7O\u00a0 \u2013 Rotary Clube<br \/>\n11:30 \u2013 Almo\u00e7o das delega\u00e7\u00f5es Centro de Conviv\u00eancia do Idoso<br \/>\n12:00 \u2013 Descanso das delega\u00e7\u00f5es<br \/>\n13:30 \u2013 INICIO DO TENIS DE MESA MASC. E FEM. &#8211; Escola Municipal Francisco Martins Corrijo<br \/>\n13:30 \u2013INICIO DO POLYBAT MASC. E FEM. &#8211; Escola Municipal Francisco Martins Corrijo<br \/>\n13:30 \u2013 INICIO DO BOCHA &#8211; E. E. Santos Dumont<br \/>\n14:00 \u2013 INICIO DA NATA\u00c7\u00c3O \u2013 Costa Rica Recreativo clube Rua: Sergipe n\u00ba 123 Bairro: Vila Alvorada<br \/>\n15:00\u2013 SEMI FINAL DO FUTSAL MASC. \u2013 Escola Municipal Professor Adenocre Alexandre de Moraes<br \/>\n15:00 \u2013 BASQUETE MASC. e FEM \u2013 E. E. Santos Dumont<br \/>\n16:00 \u2013 SEMI FINAL DO FUTEBOL SUI\u00c7O. \u2013 Rotary Clube<br \/>\n18:30 \u2013 Jantar das delega\u00e7\u00f5es Centro de Conviv\u00eancia do Idoso<br \/>\n20:00 \u2013 DANCETERIA\u2013 Rotary Clube<\/p>\n<p><strong>Dia 03\/07\/2015 (Sexta \u2013 Feira)<\/strong><br \/>\n06:00 \u2013 Caf\u00e9 da manha das delega\u00e7\u00f5es Centro de Conviv\u00eancia do Idoso<br \/>\n07:00 \u2013 INICIO DO ATLETISMO \u2013 Est\u00e1dio Municipal Laerte Paes Coelho<br \/>\nRua: Palmas n\u00ba 74 Bairro: Vila Alvorada<br \/>\n11:30 \u2013 Almo\u00e7o das delega\u00e7\u00f5es Centro de Conviv\u00eancia do Idoso<br \/>\n13:30 \u2013 INICIO DO ATLETISMO \u2013 Est\u00e1dio Municipal Laerte Paes Coelho<br \/>\n18:00 \u2013 Jantar das delega\u00e7\u00f5es Centro de Conviv\u00eancia do Idoso<br \/>\n19:00 \u2013 INICIO DO ATLETISMO \u2013 Est\u00e1dio Municipal Laerte Paes Coelho<\/p>\n<p><strong>Dia 04\/07\/2015 (S\u00e1bado)<\/strong><br \/>\n06:00 \u2013 Caf\u00e9 da manha das delega\u00e7\u00f5es Centro de Conviv\u00eancia do Idoso<br \/>\n07:30 \u2013 FINAL DO BASQUETE MASC. e FEM. E. E. Santos Dumont<br \/>\n07:30 \u2013 FINAL DO FUTEBOL SUI\u00c7O \u2013 Rotary Clube<br \/>\n07:30\u2013 FINAL DO FUTSAL MASC. Escola Municipal Professor Adenocre Alexandre de Moraes<br \/>\n10:00 \u2013 INICIO DAS PREMIA\u00c7\u00d5ES: Centro de Conviv\u00eancia do Idoso<br \/>\n11:00 \u2013 Almo\u00e7o das delega\u00e7\u00f5es Centro de Conviv\u00eancia do Idoso<br \/>\n14:00 \u2013 Retorno das delega\u00e7\u00f5es para seus munic\u00edpios.<\/p>\n<\/div>\n<div class=\"marginBottom30px link-Internas\">ASSECOM\/PMCR<\/div>\n","protected":false},"excerpt":{"rendered":"<p>Com apoio da Administra\u00e7\u00e3o Municipal o Munic\u00edpio de Costa Rica sediar\u00e1 no per\u00edodo de 30 de junho a 04 de julho de 2015, a IX Olimp\u00edada Estadual Especial das APAES do MS. O evento \u00e9 uma realiza\u00e7\u00e3o da Federa\u00e7\u00e3o das APAES do Estado de Mato Grosso do Sul e tem por objetivo celebrar a capacidade [&hellip;]<\/p>\n","protected":false},"author":4,"featured_media":4360,"comment_status":"closed","ping_status":"closed","sticky":false,"template":"","format":"standard","meta":{"footnotes":""},"categories":[25],"tags":[],"class_list":["post-4359","post","type-post","status-publish","format-standard","has-post-thumbnail","hentry","category-costa-rica"],"_links":{"self":[{"href":"https:\/\/www.ocorreionews.com.br\/acervo-correio\/index.php?rest_route=\/wp\/v2\/posts\/4359","targetHints":{"allow":["GET"]}}],"collection":[{"href":"https:\/\/www.ocorreionews.com.br\/acervo-correio\/index.php?rest_route=\/wp\/v2\/posts"}],"about":[{"href":"https:\/\/www.ocorreionews.com.br\/acervo-correio\/index.php?rest_route=\/wp\/v2\/types\/post"}],"author":[{"embeddable":true,"href":"https:\/\/www.ocorreionews.com.br\/acervo-correio\/index.php?rest_route=\/wp\/v2\/users\/4"}],"replies":[{"embeddable":true,"href":"https:\/\/www.ocorreionews.com.br\/acervo-correio\/index.php?rest_route=%2Fwp%2Fv2%2Fcomments&post=4359"}],"version-history":[{"count":0,"href":"https:\/\/www.ocorreionews.com.br\/acervo-correio\/index.php?rest_route=\/wp\/v2\/posts\/4359\/revisions"}],"wp:featuredmedia":[{"embeddable":true,"href":"https:\/\/www.ocorreionews.com.br\/acervo-correio\/index.php?rest_route=\/wp\/v2\/media\/4360"}],"wp:attachment":[{"href":"https:\/\/www.ocorreionews.com.br\/acervo-correio\/index.php?rest_route=%2Fwp%2Fv2%2Fmedia&parent=4359"}],"wp:term":[{"taxonomy":"category","embeddable":true,"href":"https:\/\/www.ocorreionews.com.br\/acervo-correio\/index.php?rest_route=%2Fwp%2Fv2%2Fcategories&post=4359"},{"taxonomy":"post_tag","embeddable":true,"href":"https:\/\/www.ocorreionews.com.br\/acervo-correio\/index.php?rest_route=%2Fwp%2Fv2%2Ftags&post=4359"}],"curies":[{"name":"wp","href":"https:\/\/api.w.org\/{rel}","templated":true}]}}