{"id":4366,"date":"2015-06-23T13:12:48","date_gmt":"2015-06-23T17:12:48","guid":{"rendered":"https:\/\/ocorreionews.com.br\/?p=4366"},"modified":"2015-06-23T13:45:13","modified_gmt":"2015-06-23T17:45:13","slug":"empresaria-morre-na-bahia-apos-comer-empada-de-camarao","status":"publish","type":"post","link":"https:\/\/www.ocorreionews.com.br\/acervo-correio\/?p=4366","title":{"rendered":"Empres\u00e1ria morre na Bahia ap\u00f3s comer empada de camar\u00e3o"},"content":{"rendered":"<p style=\"text-align: justify;\">Foi enterrado na manh\u00e3 desta ter\u00e7a-feira, em S\u00e3o Paulo, o corpo da empres\u00e1ria Celina Mattos, de 68 anos, que teve uma infec\u00e7\u00e3o generalizada ap\u00f3s ingerir empada de camar\u00e3o, numa praia em Trancoso, na Bahia. Segundo o vi\u00favo, ela ficou internada por 12 dias.<\/p>\n<p style=\"text-align: justify;\">Celina e o marido, o empres\u00e1rio Raimundo Joaquim da Silva, de 50 anos, tiraram uns dias de descanso do buffet de festas que possuem, em S\u00e3o Jos\u00e9 do Rio Preto, e foram relaxar na Praia dos Coqueiros. Assim que chegaram no local, a mulher consumiu o salgado e logo em seguida passou mal.<\/p>\n<p style=\"text-align: justify;\">\u2014 Isso foi agora, dia 3. A gente tomou o caf\u00e9 da manh\u00e3 no hotel e foi para a praia. Ela comprou o salgado de um ambulante. Depois disso passou muito mal e levei para o hospital. O m\u00e9dico explicou que ela teve uma infec\u00e7\u00e3o generalizada com choque anafil\u00e1tico, por causa da (bact\u00e9ria) salmonela (encontrada em animais contaminados com fezes, ingeridos crus ou mal cozidos). Foi uma coisa muito chocante. O sepultamento foi agora h\u00e1 pouco, de manh\u00e3 \u2014 contou Raimundo, muito emocionado.<\/p>\n<p style=\"text-align: justify;\">O empres\u00e1rio, casado com Celina havia 5 anos, disse que jamais voltar\u00e1 \u00e0 praia e que tamb\u00e9m n\u00e3o quer procurar o ambulante:<\/p>\n<p style=\"text-align: justify;\">\u2014 N\u00e3o tenho coragem de pisar naquela terra. A gente estava muito feliz. Agora \u00e9 levantar a cabe\u00e7a e seguir com o que ela deixou.<\/p>\n<p style=\"text-align: justify;\">\n<p style=\"text-align: justify;\">Fonte: EXTRA<\/p>\n","protected":false},"excerpt":{"rendered":"<p>Foi enterrado na manh\u00e3 desta ter\u00e7a-feira, em S\u00e3o Paulo, o corpo da empres\u00e1ria Celina Mattos, de 68 anos, que teve uma infec\u00e7\u00e3o generalizada ap\u00f3s ingerir empada de camar\u00e3o, numa praia em Trancoso, na Bahia. Segundo o vi\u00favo, ela ficou internada por 12 dias. Celina e o marido, o empres\u00e1rio Raimundo Joaquim da Silva, de 50 [&hellip;]<\/p>\n","protected":false},"author":4,"featured_media":4367,"comment_status":"closed","ping_status":"closed","sticky":false,"template":"","format":"standard","meta":{"footnotes":""},"categories":[31],"tags":[],"class_list":["post-4366","post","type-post","status-publish","format-standard","has-post-thumbnail","hentry","category-geral"],"_links":{"self":[{"href":"https:\/\/www.ocorreionews.com.br\/acervo-correio\/index.php?rest_route=\/wp\/v2\/posts\/4366","targetHints":{"allow":["GET"]}}],"collection":[{"href":"https:\/\/www.ocorreionews.com.br\/acervo-correio\/index.php?rest_route=\/wp\/v2\/posts"}],"about":[{"href":"https:\/\/www.ocorreionews.com.br\/acervo-correio\/index.php?rest_route=\/wp\/v2\/types\/post"}],"author":[{"embeddable":true,"href":"https:\/\/www.ocorreionews.com.br\/acervo-correio\/index.php?rest_route=\/wp\/v2\/users\/4"}],"replies":[{"embeddable":true,"href":"https:\/\/www.ocorreionews.com.br\/acervo-correio\/index.php?rest_route=%2Fwp%2Fv2%2Fcomments&post=4366"}],"version-history":[{"count":0,"href":"https:\/\/www.ocorreionews.com.br\/acervo-correio\/index.php?rest_route=\/wp\/v2\/posts\/4366\/revisions"}],"wp:featuredmedia":[{"embeddable":true,"href":"https:\/\/www.ocorreionews.com.br\/acervo-correio\/index.php?rest_route=\/wp\/v2\/media\/4367"}],"wp:attachment":[{"href":"https:\/\/www.ocorreionews.com.br\/acervo-correio\/index.php?rest_route=%2Fwp%2Fv2%2Fmedia&parent=4366"}],"wp:term":[{"taxonomy":"category","embeddable":true,"href":"https:\/\/www.ocorreionews.com.br\/acervo-correio\/index.php?rest_route=%2Fwp%2Fv2%2Fcategories&post=4366"},{"taxonomy":"post_tag","embeddable":true,"href":"https:\/\/www.ocorreionews.com.br\/acervo-correio\/index.php?rest_route=%2Fwp%2Fv2%2Ftags&post=4366"}],"curies":[{"name":"wp","href":"https:\/\/api.w.org\/{rel}","templated":true}]}}