{"id":4373,"date":"2015-06-23T13:56:22","date_gmt":"2015-06-23T17:56:22","guid":{"rendered":"https:\/\/ocorreionews.com.br\/?p=4373"},"modified":"2015-06-23T13:56:22","modified_gmt":"2015-06-23T17:56:22","slug":"chapadao-do-sul-esta-na-final-da-copa-pelezinho-de-futsal","status":"publish","type":"post","link":"https:\/\/www.ocorreionews.com.br\/acervo-correio\/?p=4373","title":{"rendered":"Chapad\u00e3o do Sul est\u00e1 na final da Copa Pelezinho de futsal"},"content":{"rendered":"<p>A equipe infantil de Chapad\u00e3o foi a campe\u00e3 dos Jogos Escolares no in\u00edcio do m\u00eas, e agora garantiu vaga para a final da Copa Pelezinho, umas das principais competi\u00e7\u00f5es do esporte em Mato Grosso do Sul.<\/p>\n<p>A vaga para a final foi garantida no \u00faltimo final de semana, em Campo Grande, com a vit\u00f3ria de 4 a 0 sobre o time de Bodoquena.<\/p>\n<p>A grande final da categoria infantil ser\u00e1 no pr\u00f3ximo s\u00e1bado, na capital, contra Bonito.<\/p>\n<p>&nbsp;<\/p>\n<p>Fonte: ASSECOM PMCS<\/p>\n","protected":false},"excerpt":{"rendered":"<p>A equipe infantil de Chapad\u00e3o foi a campe\u00e3 dos Jogos Escolares no in\u00edcio do m\u00eas, e agora garantiu vaga para a final da Copa Pelezinho, umas das principais competi\u00e7\u00f5es do esporte em Mato Grosso do Sul. A vaga para a final foi garantida no \u00faltimo final de semana, em Campo Grande, com a vit\u00f3ria de [&hellip;]<\/p>\n","protected":false},"author":4,"featured_media":4374,"comment_status":"closed","ping_status":"closed","sticky":false,"template":"","format":"standard","meta":{"footnotes":""},"categories":[23,29],"tags":[],"class_list":["post-4373","post","type-post","status-publish","format-standard","has-post-thumbnail","hentry","category-chapadao-do-sul","category-esporte"],"_links":{"self":[{"href":"https:\/\/www.ocorreionews.com.br\/acervo-correio\/index.php?rest_route=\/wp\/v2\/posts\/4373","targetHints":{"allow":["GET"]}}],"collection":[{"href":"https:\/\/www.ocorreionews.com.br\/acervo-correio\/index.php?rest_route=\/wp\/v2\/posts"}],"about":[{"href":"https:\/\/www.ocorreionews.com.br\/acervo-correio\/index.php?rest_route=\/wp\/v2\/types\/post"}],"author":[{"embeddable":true,"href":"https:\/\/www.ocorreionews.com.br\/acervo-correio\/index.php?rest_route=\/wp\/v2\/users\/4"}],"replies":[{"embeddable":true,"href":"https:\/\/www.ocorreionews.com.br\/acervo-correio\/index.php?rest_route=%2Fwp%2Fv2%2Fcomments&post=4373"}],"version-history":[{"count":0,"href":"https:\/\/www.ocorreionews.com.br\/acervo-correio\/index.php?rest_route=\/wp\/v2\/posts\/4373\/revisions"}],"wp:featuredmedia":[{"embeddable":true,"href":"https:\/\/www.ocorreionews.com.br\/acervo-correio\/index.php?rest_route=\/wp\/v2\/media\/4374"}],"wp:attachment":[{"href":"https:\/\/www.ocorreionews.com.br\/acervo-correio\/index.php?rest_route=%2Fwp%2Fv2%2Fmedia&parent=4373"}],"wp:term":[{"taxonomy":"category","embeddable":true,"href":"https:\/\/www.ocorreionews.com.br\/acervo-correio\/index.php?rest_route=%2Fwp%2Fv2%2Fcategories&post=4373"},{"taxonomy":"post_tag","embeddable":true,"href":"https:\/\/www.ocorreionews.com.br\/acervo-correio\/index.php?rest_route=%2Fwp%2Fv2%2Ftags&post=4373"}],"curies":[{"name":"wp","href":"https:\/\/api.w.org\/{rel}","templated":true}]}}