{"id":4381,"date":"2015-06-23T14:41:39","date_gmt":"2015-06-23T18:41:39","guid":{"rendered":"https:\/\/ocorreionews.com.br\/?p=4381"},"modified":"2015-06-23T14:41:39","modified_gmt":"2015-06-23T18:41:39","slug":"familia-pivatto-convida-para-missa-de-setimo-dia","status":"publish","type":"post","link":"https:\/\/www.ocorreionews.com.br\/acervo-correio\/?p=4381","title":{"rendered":"Fam\u00edlia Pivatto convida para Missa de S\u00e9timo Dia"},"content":{"rendered":"<p>A fam\u00edlia de Telmo Pivatto vem a p\u00fablico agradecer a todos que estiveram e est\u00e3o com ela nesta caminhada de f\u00e9 e esperan\u00e7a, com o passamento de Telmo Pivatto. Todos que dispuseram amor, carinho e palavras de conforto, externa os sinceros agradecimentos e estende ao Pe. Diomar e a todos.<\/p>\n<p>Aproveita a fam\u00edlia Pivatto para convidar para a celebra\u00e7\u00e3o da missa do 7\u00ba dia que realiza no dia 24 de junho \u00e0s 18h30 na Igreja Matriz S\u00e3o Pedro Ap\u00f3stolo.<\/p>\n<p>(Os filhos de Telmo: Valdir, Valmir, Salete e In\u00eas; os genros, noras e netos, todos os familiares externam os agradecimentos.<\/p>\n<p>&nbsp;<\/p>\n<p>&nbsp;<\/p>\n<p><em>Fonte: Jovemsulnews\u00a0<\/em><\/p>\n","protected":false},"excerpt":{"rendered":"<p>A fam\u00edlia de Telmo Pivatto vem a p\u00fablico agradecer a todos que estiveram e est\u00e3o com ela nesta caminhada de f\u00e9 e esperan\u00e7a, com o passamento de Telmo Pivatto. Todos que dispuseram amor, carinho e palavras de conforto, externa os sinceros agradecimentos e estende ao Pe. Diomar e a todos. Aproveita a fam\u00edlia Pivatto para [&hellip;]<\/p>\n","protected":false},"author":4,"featured_media":4382,"comment_status":"closed","ping_status":"closed","sticky":false,"template":"","format":"standard","meta":{"footnotes":""},"categories":[23],"tags":[],"class_list":["post-4381","post","type-post","status-publish","format-standard","has-post-thumbnail","hentry","category-chapadao-do-sul"],"_links":{"self":[{"href":"https:\/\/www.ocorreionews.com.br\/acervo-correio\/index.php?rest_route=\/wp\/v2\/posts\/4381","targetHints":{"allow":["GET"]}}],"collection":[{"href":"https:\/\/www.ocorreionews.com.br\/acervo-correio\/index.php?rest_route=\/wp\/v2\/posts"}],"about":[{"href":"https:\/\/www.ocorreionews.com.br\/acervo-correio\/index.php?rest_route=\/wp\/v2\/types\/post"}],"author":[{"embeddable":true,"href":"https:\/\/www.ocorreionews.com.br\/acervo-correio\/index.php?rest_route=\/wp\/v2\/users\/4"}],"replies":[{"embeddable":true,"href":"https:\/\/www.ocorreionews.com.br\/acervo-correio\/index.php?rest_route=%2Fwp%2Fv2%2Fcomments&post=4381"}],"version-history":[{"count":0,"href":"https:\/\/www.ocorreionews.com.br\/acervo-correio\/index.php?rest_route=\/wp\/v2\/posts\/4381\/revisions"}],"wp:featuredmedia":[{"embeddable":true,"href":"https:\/\/www.ocorreionews.com.br\/acervo-correio\/index.php?rest_route=\/wp\/v2\/media\/4382"}],"wp:attachment":[{"href":"https:\/\/www.ocorreionews.com.br\/acervo-correio\/index.php?rest_route=%2Fwp%2Fv2%2Fmedia&parent=4381"}],"wp:term":[{"taxonomy":"category","embeddable":true,"href":"https:\/\/www.ocorreionews.com.br\/acervo-correio\/index.php?rest_route=%2Fwp%2Fv2%2Fcategories&post=4381"},{"taxonomy":"post_tag","embeddable":true,"href":"https:\/\/www.ocorreionews.com.br\/acervo-correio\/index.php?rest_route=%2Fwp%2Fv2%2Ftags&post=4381"}],"curies":[{"name":"wp","href":"https:\/\/api.w.org\/{rel}","templated":true}]}}