{"id":4388,"date":"2015-06-23T15:22:38","date_gmt":"2015-06-23T19:22:38","guid":{"rendered":"https:\/\/ocorreionews.com.br\/?p=4388"},"modified":"2015-06-23T16:12:33","modified_gmt":"2015-06-23T20:12:33","slug":"serc-na-copa-do-brasil-contra-gremio-e-inter","status":"publish","type":"post","link":"https:\/\/www.ocorreionews.com.br\/acervo-correio\/?p=4388","title":{"rendered":"SERC na Copa do Brasil contra Gr\u00eamio e Inter"},"content":{"rendered":"<p style=\"text-align: justify;\">\u00a0Na mat\u00e9ria anterior publicamos que a SERC disputou a Copa Brasil, ap\u00f3s a conquista do t\u00edtulo, mas, naquele ano, por falta de patroc\u00ednio, cedeu a vaga para uma equipe da capital.<\/p>\n<p style=\"text-align: justify;\">A primeira disputa da Copa do Brasil, foi no ano de 2004, quando a equipe foi vice campe\u00e3, n\u00e3o perdendo nenhuma partida e o campe\u00e3o foi o CENE com uma derrota no campeonato (regulamento da FFMS).<\/p>\n<p style=\"text-align: justify;\">Em 2005 a equipe jogou contra o Internacional em Chapad\u00e3o do Sul e em PA, sendo derrotada nos dois jogos, por 2&#215;1 e 2&#215;0.<\/p>\n<p style=\"text-align: justify;\">Contra o gr\u00eamio a equipe da SERC teve a seguinte forma\u00e7\u00e3o:<\/p>\n<figure id=\"attachment_4395\" aria-describedby=\"caption-attachment-4395\" style=\"width: 652px\" class=\"wp-caption alignnone\"><a href=\"https:\/\/ocorreionews.com.br\/wp-content\/uploads\/2015\/06\/serc-x-gremio.jpg\"><img loading=\"lazy\" decoding=\"async\" class=\"wp-image-4395 \" src=\"https:\/\/ocorreionews.com.br\/wp-content\/uploads\/2015\/06\/serc-x-gremio.jpg\" alt=\"serc x gremio\" width=\"652\" height=\"489\" srcset=\"https:\/\/www.ocorreionews.com.br\/acervo-correio\/wp-content\/uploads\/2015\/06\/serc-x-gremio.jpg 640w, https:\/\/www.ocorreionews.com.br\/acervo-correio\/wp-content\/uploads\/2015\/06\/serc-x-gremio-300x225.jpg 300w, https:\/\/www.ocorreionews.com.br\/acervo-correio\/wp-content\/uploads\/2015\/06\/serc-x-gremio-100x75.jpg 100w\" sizes=\"auto, (max-width: 652px) 100vw, 652px\" \/><\/a><figcaption id=\"caption-attachment-4395\" class=\"wp-caption-text\">Equipe da SERC<\/figcaption><\/figure>\n<p style=\"text-align: justify;\">Samir, Andr\u00e9 Guerra, Z\u00e9 Maria, Edinho, C\u00e9sar, Lucas, Marcelo Prates, Butti, Dig\u00e3o,\u00a0 Tote e Pena- T\u00e9cnico Z\u00e9 Eduardo (in-memoria).<\/p>\n<figure id=\"attachment_4394\" aria-describedby=\"caption-attachment-4394\" style=\"width: 668px\" class=\"wp-caption alignnone\"><a href=\"https:\/\/ocorreionews.com.br\/wp-content\/uploads\/2015\/06\/serc-x-gremio-2.jpg\"><img loading=\"lazy\" decoding=\"async\" class=\"wp-image-4394 \" src=\"https:\/\/ocorreionews.com.br\/wp-content\/uploads\/2015\/06\/serc-x-gremio-2.jpg\" alt=\"serc x gremio 2\" width=\"668\" height=\"501\" srcset=\"https:\/\/www.ocorreionews.com.br\/acervo-correio\/wp-content\/uploads\/2015\/06\/serc-x-gremio-2.jpg 640w, https:\/\/www.ocorreionews.com.br\/acervo-correio\/wp-content\/uploads\/2015\/06\/serc-x-gremio-2-300x225.jpg 300w, https:\/\/www.ocorreionews.com.br\/acervo-correio\/wp-content\/uploads\/2015\/06\/serc-x-gremio-2-100x75.jpg 100w\" sizes=\"auto, (max-width: 668px) 100vw, 668px\" \/><\/a><figcaption id=\"caption-attachment-4394\" class=\"wp-caption-text\">Equipe do Gr\u00eamio<\/figcaption><\/figure>\n<p style=\"text-align: justify;\">Contra o Inter a equipe era comandada pelo mesmo treinador e contou com: Samir, Pio, Marcos, Beto, Z\u00e9 Maria, Boc\u00e3o, Willian, Roney, Chapec\u00f3, Altair, Gil Testinha e Caf\u00fa<\/p>\n<figure id=\"attachment_4396\" aria-describedby=\"caption-attachment-4396\" style=\"width: 677px\" class=\"wp-caption alignnone\"><a href=\"https:\/\/ocorreionews.com.br\/wp-content\/uploads\/2015\/06\/serc-x-inter-2.jpg\"><img loading=\"lazy\" decoding=\"async\" class=\"wp-image-4396 \" src=\"https:\/\/ocorreionews.com.br\/wp-content\/uploads\/2015\/06\/serc-x-inter-2.jpg\" alt=\"serc x inter 2\" width=\"677\" height=\"508\" srcset=\"https:\/\/www.ocorreionews.com.br\/acervo-correio\/wp-content\/uploads\/2015\/06\/serc-x-inter-2.jpg 2048w, https:\/\/www.ocorreionews.com.br\/acervo-correio\/wp-content\/uploads\/2015\/06\/serc-x-inter-2-300x225.jpg 300w, https:\/\/www.ocorreionews.com.br\/acervo-correio\/wp-content\/uploads\/2015\/06\/serc-x-inter-2-1024x768.jpg 1024w, https:\/\/www.ocorreionews.com.br\/acervo-correio\/wp-content\/uploads\/2015\/06\/serc-x-inter-2-100x75.jpg 100w\" sizes=\"auto, (max-width: 677px) 100vw, 677px\" \/><\/a><figcaption id=\"caption-attachment-4396\" class=\"wp-caption-text\">Equipe do Internacional<\/figcaption><\/figure>\n<figure id=\"attachment_4398\" aria-describedby=\"caption-attachment-4398\" style=\"width: 683px\" class=\"wp-caption alignnone\"><a href=\"https:\/\/ocorreionews.com.br\/wp-content\/uploads\/2015\/06\/serc-x-inter.jpg\"><img loading=\"lazy\" decoding=\"async\" class=\"wp-image-4398 \" src=\"https:\/\/ocorreionews.com.br\/wp-content\/uploads\/2015\/06\/serc-x-inter.jpg\" alt=\"serc x inter\" width=\"683\" height=\"513\" srcset=\"https:\/\/www.ocorreionews.com.br\/acervo-correio\/wp-content\/uploads\/2015\/06\/serc-x-inter.jpg 2048w, https:\/\/www.ocorreionews.com.br\/acervo-correio\/wp-content\/uploads\/2015\/06\/serc-x-inter-300x225.jpg 300w, https:\/\/www.ocorreionews.com.br\/acervo-correio\/wp-content\/uploads\/2015\/06\/serc-x-inter-1024x768.jpg 1024w, https:\/\/www.ocorreionews.com.br\/acervo-correio\/wp-content\/uploads\/2015\/06\/serc-x-inter-100x75.jpg 100w\" sizes=\"auto, (max-width: 683px) 100vw, 683px\" \/><\/a><figcaption id=\"caption-attachment-4398\" class=\"wp-caption-text\">Equipe da SERC<\/figcaption><\/figure>\n","protected":false},"excerpt":{"rendered":"<p>\u00a0Na mat\u00e9ria anterior publicamos que a SERC disputou a Copa Brasil, ap\u00f3s a conquista do t\u00edtulo, mas, naquele ano, por falta de patroc\u00ednio, cedeu a vaga para uma equipe da capital. A primeira disputa da Copa do Brasil, foi no ano de 2004, quando a equipe foi vice campe\u00e3, n\u00e3o perdendo nenhuma partida e o [&hellip;]<\/p>\n","protected":false},"author":4,"featured_media":4393,"comment_status":"closed","ping_status":"closed","sticky":false,"template":"","format":"standard","meta":{"footnotes":""},"categories":[29],"tags":[],"class_list":["post-4388","post","type-post","status-publish","format-standard","has-post-thumbnail","hentry","category-esporte"],"_links":{"self":[{"href":"https:\/\/www.ocorreionews.com.br\/acervo-correio\/index.php?rest_route=\/wp\/v2\/posts\/4388","targetHints":{"allow":["GET"]}}],"collection":[{"href":"https:\/\/www.ocorreionews.com.br\/acervo-correio\/index.php?rest_route=\/wp\/v2\/posts"}],"about":[{"href":"https:\/\/www.ocorreionews.com.br\/acervo-correio\/index.php?rest_route=\/wp\/v2\/types\/post"}],"author":[{"embeddable":true,"href":"https:\/\/www.ocorreionews.com.br\/acervo-correio\/index.php?rest_route=\/wp\/v2\/users\/4"}],"replies":[{"embeddable":true,"href":"https:\/\/www.ocorreionews.com.br\/acervo-correio\/index.php?rest_route=%2Fwp%2Fv2%2Fcomments&post=4388"}],"version-history":[{"count":0,"href":"https:\/\/www.ocorreionews.com.br\/acervo-correio\/index.php?rest_route=\/wp\/v2\/posts\/4388\/revisions"}],"wp:featuredmedia":[{"embeddable":true,"href":"https:\/\/www.ocorreionews.com.br\/acervo-correio\/index.php?rest_route=\/wp\/v2\/media\/4393"}],"wp:attachment":[{"href":"https:\/\/www.ocorreionews.com.br\/acervo-correio\/index.php?rest_route=%2Fwp%2Fv2%2Fmedia&parent=4388"}],"wp:term":[{"taxonomy":"category","embeddable":true,"href":"https:\/\/www.ocorreionews.com.br\/acervo-correio\/index.php?rest_route=%2Fwp%2Fv2%2Fcategories&post=4388"},{"taxonomy":"post_tag","embeddable":true,"href":"https:\/\/www.ocorreionews.com.br\/acervo-correio\/index.php?rest_route=%2Fwp%2Fv2%2Ftags&post=4388"}],"curies":[{"name":"wp","href":"https:\/\/api.w.org\/{rel}","templated":true}]}}