{"id":4400,"date":"2015-06-23T15:20:45","date_gmt":"2015-06-23T19:20:45","guid":{"rendered":"https:\/\/ocorreionews.com.br\/?p=4400"},"modified":"2015-06-23T16:21:59","modified_gmt":"2015-06-23T20:21:59","slug":"reducao-de-20-da-taxa-de-vistoria-veicular-passa-em-1a-votacao-em-ms","status":"publish","type":"post","link":"https:\/\/www.ocorreionews.com.br\/acervo-correio\/?p=4400","title":{"rendered":"Redu\u00e7\u00e3o de 20% da taxa de vistoria veicular passa em 1\u00aa vota\u00e7\u00e3o em MS"},"content":{"rendered":"<div id=\"materia-letra\" class=\"materia-conteudo entry-content\">\n<p>A Assembleia Legislativa de Mato Grosso do Sul aprovou, nesta ter\u00e7a-feira (23), em primeira vota\u00e7\u00e3o o projeto do Executivo que reduz em 20% a taxa da vistoria veicular no estado. A proposta ainda tem de ser aprovada em segunda vota\u00e7\u00e3o.<\/p>\n<p>A portaria 32\/2014 do Departamento Estadual de Tr\u00e2nsito (Detran\/MS) causa pol\u00eamica desde a implanta\u00e7\u00e3o. Conforme a determina\u00e7\u00e3o do \u00f3rg\u00e3o estadual, a taxa de vistoria veicular para licenciamento deve ser paga uma vez por ano para ve\u00edculos com mais de cinco anos de uso.<\/p>\n<p>Para fazer a vistoria, o Detran cobra taxa equivalente a cinco Uferms \u2013 at\u00e9 junho seria o equivalente a R$ 106,35. Os ve\u00edculos dever\u00e3o ser vistoriados at\u00e9 90 dias antes do vencimento do licenciamento anual.<\/p>\n<p>A vota\u00e7\u00e3o do projeto provocou discuss\u00e3o entre os deputados estaduais na sess\u00e3o desta ter\u00e7a-feira. O petista Pedro Kemp disse que a situa\u00e7\u00e3o jur\u00eddica da taxa de vistoria veicular \u00e9 confusa. A bancada petista votou contra o projeto.<\/p>\n<p>O deputado Marquinhos Trad (PMDB) tamb\u00e9m criticou o projeto votado. Na avalia\u00e7\u00e3o do peemedebista, a confus\u00e3o pode aumentar em rela\u00e7\u00e3o \u00e0queles que j\u00e1 pagaram a taxa com valor anterior \u00e0 redu\u00e7\u00e3o.<\/p>\n<div class=\"saibamais componente_materia\"><strong>Regulamenta\u00e7\u00e3o<\/strong><br \/>\nA portaria ainda n\u00e3o foi regulamentada. O Departamento Nacional de Tr\u00e2nsito (Denatran) decidiu por manter a vistoria de identifica\u00e7\u00e3o para licenciamento anual de ve\u00edculos em Mato Grosso do Sul at\u00e9 an\u00e1lise e normatiza\u00e7\u00e3o do Conselho Nacional de Tr\u00e2nsito (Contran).<\/div>\n<p>Conforme a assessoria do Denatran, a mat\u00e9ria foi enviada \u00e0 C\u00e2mara Tem\u00e1tica de Esfor\u00e7o Legal (CTEL), na segunda-feira (22), para emitir um parecer t\u00e9cnico. A nota t\u00e9cnica ser\u00e1 encaminhada ao Contran que vai julgar a legalidade da portaria.<\/p>\n<\/div>\n<p>Fonte: G1 MS<\/p>\n","protected":false},"excerpt":{"rendered":"<p>A Assembleia Legislativa de Mato Grosso do Sul aprovou, nesta ter\u00e7a-feira (23), em primeira vota\u00e7\u00e3o o projeto do Executivo que reduz em 20% a taxa da vistoria veicular no estado. A proposta ainda tem de ser aprovada em segunda vota\u00e7\u00e3o. A portaria 32\/2014 do Departamento Estadual de Tr\u00e2nsito (Detran\/MS) causa pol\u00eamica desde a implanta\u00e7\u00e3o. Conforme [&hellip;]<\/p>\n","protected":false},"author":4,"featured_media":222,"comment_status":"closed","ping_status":"closed","sticky":false,"template":"","format":"standard","meta":{"footnotes":""},"categories":[26],"tags":[],"class_list":["post-4400","post","type-post","status-publish","format-standard","has-post-thumbnail","hentry","category-economia"],"_links":{"self":[{"href":"https:\/\/www.ocorreionews.com.br\/acervo-correio\/index.php?rest_route=\/wp\/v2\/posts\/4400","targetHints":{"allow":["GET"]}}],"collection":[{"href":"https:\/\/www.ocorreionews.com.br\/acervo-correio\/index.php?rest_route=\/wp\/v2\/posts"}],"about":[{"href":"https:\/\/www.ocorreionews.com.br\/acervo-correio\/index.php?rest_route=\/wp\/v2\/types\/post"}],"author":[{"embeddable":true,"href":"https:\/\/www.ocorreionews.com.br\/acervo-correio\/index.php?rest_route=\/wp\/v2\/users\/4"}],"replies":[{"embeddable":true,"href":"https:\/\/www.ocorreionews.com.br\/acervo-correio\/index.php?rest_route=%2Fwp%2Fv2%2Fcomments&post=4400"}],"version-history":[{"count":0,"href":"https:\/\/www.ocorreionews.com.br\/acervo-correio\/index.php?rest_route=\/wp\/v2\/posts\/4400\/revisions"}],"wp:featuredmedia":[{"embeddable":true,"href":"https:\/\/www.ocorreionews.com.br\/acervo-correio\/index.php?rest_route=\/wp\/v2\/media\/222"}],"wp:attachment":[{"href":"https:\/\/www.ocorreionews.com.br\/acervo-correio\/index.php?rest_route=%2Fwp%2Fv2%2Fmedia&parent=4400"}],"wp:term":[{"taxonomy":"category","embeddable":true,"href":"https:\/\/www.ocorreionews.com.br\/acervo-correio\/index.php?rest_route=%2Fwp%2Fv2%2Fcategories&post=4400"},{"taxonomy":"post_tag","embeddable":true,"href":"https:\/\/www.ocorreionews.com.br\/acervo-correio\/index.php?rest_route=%2Fwp%2Fv2%2Ftags&post=4400"}],"curies":[{"name":"wp","href":"https:\/\/api.w.org\/{rel}","templated":true}]}}