{"id":4406,"date":"2015-06-23T19:59:09","date_gmt":"2015-06-23T23:59:09","guid":{"rendered":"https:\/\/ocorreionews.com.br\/?p=4406"},"modified":"2015-06-23T19:59:09","modified_gmt":"2015-06-23T23:59:09","slug":"neste-final-de-semana-tem-campeonato-de-skate-em-chapadao-do-sul","status":"publish","type":"post","link":"https:\/\/www.ocorreionews.com.br\/acervo-correio\/?p=4406","title":{"rendered":"Neste final de semana tem campeonato de Skate em Chapad\u00e3o do Sul"},"content":{"rendered":"<p class=\"ecxmsonormal\" style=\"text-align: justify;\">Ser\u00e1 realizado, nos dias 27 e 28 de junho, na CEM Cecilia Meireles, em Chapad\u00e3o do Sul o Campeonato de Skate 3 na Linha. O evento contar\u00e1 com a presen\u00e7a dos atletas profissionais da Capital Skate, Juliano Amaral e LP Aladin. Esse ser\u00e1 o primeiro evento com a presen\u00e7a de atletas profissionais em Chapad\u00e3o do Sul, com o apoio da SERC (Sociedade Esportiva e Recreativa Chapad\u00e3o) juntamente com a Kair\u00f3s Skate Shop.<\/p>\n<p style=\"text-align: justify;\"><strong>Formato:<\/strong><\/p>\n<p style=\"text-align: justify;\">Feminino: Jam Session ordenada. (O tempo da bateria ser\u00e1 determinado pela quantidade de atletas)<\/p>\n<p style=\"text-align: justify;\">Mirim: Ser\u00e3o duas voltas diretas de 1 minuto cada, valendo a melhor volta.<\/p>\n<p style=\"text-align: justify;\"><strong>Aqui come\u00e7a o formato \u201c3 na linha\u201d<\/strong><\/p>\n<p style=\"text-align: justify;\">Iniciante, Amador 2 e Amador 1:<\/p>\n<ul style=\"text-align: justify;\">\n<li>Classifica\u00e7\u00e3o: ser\u00e1 no estilo jam session ordenada, com baterias de 10 atletas. Passar\u00e3o 10 atletas para a fase final. (O tempo das baterias ser\u00e1 de 10 minutos na fase de classifica\u00e7\u00e3o).<\/li>\n<li>Final: Os 10 atletas que se classificarem correr\u00e3o no estilo \u201c3 na linha\u201d, ser\u00e1 uma linha com 3 manobras sem erros, se caso o atleta errar a primeira ou a segunda manobra automaticamente j\u00e1 passar\u00e1 a vez para o pr\u00f3ximo atleta. Ser\u00e1 duas baterias com 5 atletas de 8 minutos cada.<\/li>\n<\/ul>\n<p style=\"text-align: justify;\"><strong>Cronograma <\/strong><\/p>\n<p style=\"text-align: justify;\">S\u00e1bado 27 de junho de 2015:<\/p>\n<p style=\"text-align: justify;\">12:00 \u2013 Abertura dos port\u00f5es (Hor\u00e1rio Local);<\/p>\n<p style=\"text-align: justify;\">13:00 \u2013 Inicio das inscri\u00e7\u00f5es das categorias Mirim, Iniciante e Feminino;<\/p>\n<p style=\"text-align: justify;\">13:15 \u2013 Aberto o reconhecimento de pista para os inscritos;<\/p>\n<p style=\"text-align: justify;\">14:00 \u2013 Inicio do evento com as seguintes categorias: mirim, feminino e iniciante.<\/p>\n<p style=\"text-align: justify;\">Obs.: As inscri\u00e7\u00f5es das categorias Amador 2 e Amador 1 ser\u00e3o realizadas durante o s\u00e1bado para agilizar as baterias no domingo.<\/p>\n<p style=\"text-align: justify;\">Domingo 28 de junho de 2015:<\/p>\n<p style=\"text-align: justify;\">08:00 \u2013 Abertura dos port\u00f5es e abertura da pista para reconhecimento (Somente atletas inscritos);<\/p>\n<p style=\"text-align: justify;\">09:00 \u2013 Inicio das baterias categoria amador 2 e posteriormente amador 1;<\/p>\n<p style=\"text-align: justify;\">12:00 \u2013 Intervalo para almo\u00e7o.<\/p>\n<p style=\"text-align: justify;\">13:30 \u2013 Retorno com as baterias amador 2 e amador 1.<\/p>\n<p style=\"text-align: justify;\">A entrega das premia\u00e7\u00f5es ser\u00e1 realizadas ap\u00f3s a final das categorias amador 2 e amador 1, ser\u00e3o entregues para todas as categorias.<\/p>\n<p class=\"ecxmsonormal\" style=\"text-align: justify;\">Informa\u00e7\u00f5es: Dieg\u00e3o (67) 96744755 \/ 84810513 \/ 3562-2225<\/p>\n","protected":false},"excerpt":{"rendered":"<p>Ser\u00e1 realizado, nos dias 27 e 28 de junho, na CEM Cecilia Meireles, em Chapad\u00e3o do Sul o Campeonato de Skate 3 na Linha. O evento contar\u00e1 com a presen\u00e7a dos atletas profissionais da Capital Skate, Juliano Amaral e LP Aladin. Esse ser\u00e1 o primeiro evento com a presen\u00e7a de atletas profissionais em Chapad\u00e3o do [&hellip;]<\/p>\n","protected":false},"author":4,"featured_media":4407,"comment_status":"closed","ping_status":"closed","sticky":false,"template":"","format":"standard","meta":{"footnotes":""},"categories":[29],"tags":[],"class_list":["post-4406","post","type-post","status-publish","format-standard","has-post-thumbnail","hentry","category-esporte"],"_links":{"self":[{"href":"https:\/\/www.ocorreionews.com.br\/acervo-correio\/index.php?rest_route=\/wp\/v2\/posts\/4406","targetHints":{"allow":["GET"]}}],"collection":[{"href":"https:\/\/www.ocorreionews.com.br\/acervo-correio\/index.php?rest_route=\/wp\/v2\/posts"}],"about":[{"href":"https:\/\/www.ocorreionews.com.br\/acervo-correio\/index.php?rest_route=\/wp\/v2\/types\/post"}],"author":[{"embeddable":true,"href":"https:\/\/www.ocorreionews.com.br\/acervo-correio\/index.php?rest_route=\/wp\/v2\/users\/4"}],"replies":[{"embeddable":true,"href":"https:\/\/www.ocorreionews.com.br\/acervo-correio\/index.php?rest_route=%2Fwp%2Fv2%2Fcomments&post=4406"}],"version-history":[{"count":0,"href":"https:\/\/www.ocorreionews.com.br\/acervo-correio\/index.php?rest_route=\/wp\/v2\/posts\/4406\/revisions"}],"wp:featuredmedia":[{"embeddable":true,"href":"https:\/\/www.ocorreionews.com.br\/acervo-correio\/index.php?rest_route=\/wp\/v2\/media\/4407"}],"wp:attachment":[{"href":"https:\/\/www.ocorreionews.com.br\/acervo-correio\/index.php?rest_route=%2Fwp%2Fv2%2Fmedia&parent=4406"}],"wp:term":[{"taxonomy":"category","embeddable":true,"href":"https:\/\/www.ocorreionews.com.br\/acervo-correio\/index.php?rest_route=%2Fwp%2Fv2%2Fcategories&post=4406"},{"taxonomy":"post_tag","embeddable":true,"href":"https:\/\/www.ocorreionews.com.br\/acervo-correio\/index.php?rest_route=%2Fwp%2Fv2%2Ftags&post=4406"}],"curies":[{"name":"wp","href":"https:\/\/api.w.org\/{rel}","templated":true}]}}