{"id":44954,"date":"2017-01-30T06:55:39","date_gmt":"2017-01-30T09:55:39","guid":{"rendered":"https:\/\/ocorreionews.com.br\/?p=44954"},"modified":"2017-01-30T09:36:17","modified_gmt":"2017-01-30T12:36:17","slug":"cerrado-insumos-agricolas-apresentou-em-dia-de-campo-tecnologias-para-a-alta-produtividade-de-soja-e-milho","status":"publish","type":"post","link":"https:\/\/www.ocorreionews.com.br\/acervo-correio\/?p=44954","title":{"rendered":"Cerrado Insumos Agr\u00edcolas apresentou em dia de campo \u201cTecnologias para a alta produtividade de soja e milho\u201d"},"content":{"rendered":"<p>Pelo 5\u00ba ano consecutivo, a empresa <strong>Cerrado Insumo Agr\u00edcolas,<\/strong> em parceria com a Fazenda Jardim e seus parceiros comerciais, <em>(<\/em>Dekalb, Basf, Uniggel, Mosaic, Stoller, Nufarm, Casa Bugre e DeLong<em>),<\/em> realizou mais um Dia de Campo, para apresentar os portf\u00f3lios e os resultado obtidos em lavouras de milho e soja, com uso de \u201cTecnologias para a alta produtividade\u201d.<\/p>\n<p><a href=\"https:\/\/ocorreionews.com.br\/2017\/01\/28\/dia-de-campo-da-cerrado\/\"><span style=\"color: #ff0000;\"><strong>VEJA A GALERIA DE FOTOS<\/strong><\/span><\/a><\/p>\n<p>O evento realizado no munic\u00edpio de Chapad\u00e3o do C\u00e9u, teve a participa\u00e7\u00e3o de mais de 180 pessoas, oportunidade em que os participantes viram no campo as condi\u00e7\u00f5es das plantas, receberam orienta\u00e7\u00f5es das empresas e puderam tirar d\u00favidas sobre o manejo das novas tecnologias. Fator que contribui para o desenvolvimento da atividade agr\u00edcola da regi\u00e3o e para engrandecer ainda mais o trabalho da equipe da Cerrado Insumos Agr\u00edcolas, como propulsora dessa dissemina\u00e7\u00e3o de conhecimento t\u00e9cnico e vitrine de tecnologias.<\/p>\n<figure id=\"attachment_44829\" aria-describedby=\"caption-attachment-44829\" style=\"width: 650px\" class=\"wp-caption alignnone\"><a href=\"https:\/\/ocorreionews.com.br\/wp-content\/uploads\/2017\/01\/cerrado-29.jpg\"><img loading=\"lazy\" decoding=\"async\" class=\"wp-image-44829 size-full\" src=\"https:\/\/ocorreionews.com.br\/wp-content\/uploads\/2017\/01\/cerrado-29.jpg\" width=\"650\" height=\"432\" srcset=\"https:\/\/www.ocorreionews.com.br\/acervo-correio\/wp-content\/uploads\/2017\/01\/cerrado-29.jpg 640w, https:\/\/www.ocorreionews.com.br\/acervo-correio\/wp-content\/uploads\/2017\/01\/cerrado-29-300x199.jpg 300w\" sizes=\"auto, (max-width: 650px) 100vw, 650px\" \/><\/a><figcaption id=\"caption-attachment-44829\" class=\"wp-caption-text\">Rog\u00e9rio (Cerrado Insumos) e Cassiano (fazenda Jardim)<\/figcaption><\/figure>\n<p><strong>Sobre a Cerrado<\/strong><\/p>\n<p>A Cerrado Insumos agr\u00edcolas \u00e9 uma empresa, que tem se destacado pela qualidade de servi\u00e7os prestados aos seus clientes, dando total assist\u00eancia desde do in\u00edcio da lavoura at\u00e9 a sua colheita, atrav\u00e9s de seus profissionais preparados para poder oferecer uma qualidade diferenciada no atendimento.<\/p>\n<p><strong>Novidades da Empresa<\/strong><\/p>\n<p>A Cerrado Insumos Agr\u00edcolas, atrav\u00e9s de seus diretores, comunicou que a empresa, passa agora a trabalhar tamb\u00e9m com a comercializa\u00e7\u00e3o de gr\u00e3os juntos aos seus clientes e produtores da toda a regi\u00e3o.<\/p>\n<p>Cassiano, propriet\u00e1rio da fazenda Jardim, foi o respons\u00e1vel para apresentar aos participantes, todo o Manejo nas culturas de soja e milho, que foram utilizados na atual safra.<\/p>\n<figure id=\"attachment_44898\" aria-describedby=\"caption-attachment-44898\" style=\"width: 650px\" class=\"wp-caption alignnone\"><a href=\"https:\/\/ocorreionews.com.br\/wp-content\/uploads\/2017\/01\/cerrado-98.jpg\"><img loading=\"lazy\" decoding=\"async\" class=\"wp-image-44898 size-full\" src=\"https:\/\/ocorreionews.com.br\/wp-content\/uploads\/2017\/01\/cerrado-98.jpg\" width=\"650\" height=\"432\" srcset=\"https:\/\/www.ocorreionews.com.br\/acervo-correio\/wp-content\/uploads\/2017\/01\/cerrado-98.jpg 640w, https:\/\/www.ocorreionews.com.br\/acervo-correio\/wp-content\/uploads\/2017\/01\/cerrado-98-300x199.jpg 300w\" sizes=\"auto, (max-width: 650px) 100vw, 650px\" \/><\/a><figcaption id=\"caption-attachment-44898\" class=\"wp-caption-text\">Hercules Diniz Campos<\/figcaption><\/figure>\n<p>O professor Hercules Diniz Campos (UniRV), proferiu uma palestra que teve como tema principal,sobre nematoide como fator de redu\u00e7\u00e3o de produtividade da soja<\/p>\n<p>\u201cNa regi\u00e3o do Cerrado h\u00e1 propens\u00e3o ao aparecimento de nematoides, pois al\u00e9m da monocultura, h\u00e1 outros fatores, como o uso cont\u00ednuo de cultivares suscet\u00edveis, maquin\u00e1rios e tigueras\u201d afirmou o palestrante<\/p>\n<p>S\u00e3o quatro os grupos mais importantes: o de cisto da soja (Heterodera glycines), o das les\u00f5es radiculares (Pratylenchus brachyurus), o de galhas (Meloidogyne spp.) e o reniforme (Rotylenchulus reniformis). Os tr\u00eas primeiros s\u00e3o os que tem causado maiores danos. Entretanto, o tratamento de sementes pode ser mais uma ferramenta importante no manejo desses nematoides na cultura da soja, al\u00e9m de ser uma medida de baixo custo para o produtor\u201d<\/p>\n<p>Lembrou o palestrante que entre as principais estrat\u00e9gias poss\u00edveis e vi\u00e1veis de serem utilizadas pelos produtores, destacam-se a resist\u00eancia gen\u00e9tica, o tratamento de sementes, aduba\u00e7\u00e3o equilibrada, a densidade adequada de plantas, a rota\u00e7\u00e3o de culturas e o uso de fungicidas.<\/p>\n<p>A resist\u00eancia gen\u00e9tica traz um benef\u00edcio imediato ao produtor por reduzir tamb\u00e9m o potencial de in\u00f3culo em sua lavoura. Entretanto, \u00e9 extremamente importante que o produtor n\u00e3o utilize uma \u00fanica variedade por safra na sua propriedade ou \u00e1rea cultivada.<\/p>\n<p><a href=\"https:\/\/ocorreionews.com.br\/wp-content\/uploads\/2017\/01\/cerrado-91.jpg\"><img loading=\"lazy\" decoding=\"async\" class=\"alignnone wp-image-44891 size-full\" src=\"https:\/\/ocorreionews.com.br\/wp-content\/uploads\/2017\/01\/cerrado-91.jpg\" width=\"650\" height=\"432\" srcset=\"https:\/\/www.ocorreionews.com.br\/acervo-correio\/wp-content\/uploads\/2017\/01\/cerrado-91.jpg 640w, https:\/\/www.ocorreionews.com.br\/acervo-correio\/wp-content\/uploads\/2017\/01\/cerrado-91-300x199.jpg 300w\" sizes=\"auto, (max-width: 650px) 100vw, 650px\" \/><\/a><\/p>\n<p>Recomenda-se n\u00e3o utilizar o mesmo material em mais de 30% da \u00e1rea. Tamb\u00e9m n\u00e3o se deve utilizar o mesmo h\u00edbrido sucessivamente na mesma \u00e1rea, mas sim buscar a diversifica\u00e7\u00e3o dos materiais. Esse prop\u00f3sito contribui, principalmente, para uma maior durabilidade da resist\u00eancia gen\u00e9tica presentes nos h\u00edbridos comerciais em anos seguintes.<\/p>\n<p><strong>Outro fator importante destacado na palestra, foi com rela\u00e7\u00e3o ao Tratamento de sementes<\/strong>.<\/p>\n<p>\u201cO tratamento de sementes auxilia no controle e tem custo mais baixo do que a aplica\u00e7\u00e3o posterior. Se ocorrerem n\u00edveis elevados de infec\u00e7\u00e3o de nematoides logo na fase inicial de desenvolvimento da cultura, a produtividade poder\u00e1 ser diretamente afetada, isso quando a planta sobrevive.<\/p>\n<p><a href=\"https:\/\/ocorreionews.com.br\/wp-content\/uploads\/2017\/01\/cerrado-49.jpg\"><img loading=\"lazy\" decoding=\"async\" class=\"alignnone wp-image-44849 size-full\" src=\"https:\/\/ocorreionews.com.br\/wp-content\/uploads\/2017\/01\/cerrado-49.jpg\" width=\"650\" height=\"432\" srcset=\"https:\/\/www.ocorreionews.com.br\/acervo-correio\/wp-content\/uploads\/2017\/01\/cerrado-49.jpg 640w, https:\/\/www.ocorreionews.com.br\/acervo-correio\/wp-content\/uploads\/2017\/01\/cerrado-49-300x199.jpg 300w\" sizes=\"auto, (max-width: 650px) 100vw, 650px\" \/><\/a><\/p>\n<p>Logo ap\u00f3s, os convidados foram recepcionados na sede da Fazenda, para um almo\u00e7o, no estilo da \u201cQueima do Alho\u201d, acompanhando de Chopp.<\/p>\n","protected":false},"excerpt":{"rendered":"<p>Pelo 5\u00ba ano consecutivo, a empresa Cerrado Insumo Agr\u00edcolas, em parceria com a Fazenda Jardim e seus parceiros comerciais, (Dekalb, Basf, Uniggel, Mosaic, Stoller, Nufarm, Casa Bugre e DeLong), realizou mais um Dia de Campo, para apresentar os portf\u00f3lios e os resultado obtidos em lavouras de milho e soja, com uso de \u201cTecnologias para a [&hellip;]<\/p>\n","protected":false},"author":4,"featured_media":44843,"comment_status":"closed","ping_status":"closed","sticky":false,"template":"","format":"standard","meta":{"footnotes":""},"categories":[17,22],"tags":[],"class_list":["post-44954","post","type-post","status-publish","format-standard","has-post-thumbnail","hentry","category-agropecuaria","category-chapadao-do-ceu"],"_links":{"self":[{"href":"https:\/\/www.ocorreionews.com.br\/acervo-correio\/index.php?rest_route=\/wp\/v2\/posts\/44954","targetHints":{"allow":["GET"]}}],"collection":[{"href":"https:\/\/www.ocorreionews.com.br\/acervo-correio\/index.php?rest_route=\/wp\/v2\/posts"}],"about":[{"href":"https:\/\/www.ocorreionews.com.br\/acervo-correio\/index.php?rest_route=\/wp\/v2\/types\/post"}],"author":[{"embeddable":true,"href":"https:\/\/www.ocorreionews.com.br\/acervo-correio\/index.php?rest_route=\/wp\/v2\/users\/4"}],"replies":[{"embeddable":true,"href":"https:\/\/www.ocorreionews.com.br\/acervo-correio\/index.php?rest_route=%2Fwp%2Fv2%2Fcomments&post=44954"}],"version-history":[{"count":0,"href":"https:\/\/www.ocorreionews.com.br\/acervo-correio\/index.php?rest_route=\/wp\/v2\/posts\/44954\/revisions"}],"wp:featuredmedia":[{"embeddable":true,"href":"https:\/\/www.ocorreionews.com.br\/acervo-correio\/index.php?rest_route=\/wp\/v2\/media\/44843"}],"wp:attachment":[{"href":"https:\/\/www.ocorreionews.com.br\/acervo-correio\/index.php?rest_route=%2Fwp%2Fv2%2Fmedia&parent=44954"}],"wp:term":[{"taxonomy":"category","embeddable":true,"href":"https:\/\/www.ocorreionews.com.br\/acervo-correio\/index.php?rest_route=%2Fwp%2Fv2%2Fcategories&post=44954"},{"taxonomy":"post_tag","embeddable":true,"href":"https:\/\/www.ocorreionews.com.br\/acervo-correio\/index.php?rest_route=%2Fwp%2Fv2%2Ftags&post=44954"}],"curies":[{"name":"wp","href":"https:\/\/api.w.org\/{rel}","templated":true}]}}