{"id":4505,"date":"2015-06-25T08:38:48","date_gmt":"2015-06-25T12:38:48","guid":{"rendered":"https:\/\/ocorreionews.com.br\/?p=4505"},"modified":"2015-06-25T08:38:48","modified_gmt":"2015-06-25T12:38:48","slug":"paraiso-trabalhador-pede-demissao-e-tem-que-acionar-pm-para-conseguir-sair-de-fazenda","status":"publish","type":"post","link":"https:\/\/www.ocorreionews.com.br\/acervo-correio\/?p=4505","title":{"rendered":"Paraiso: Trabalhador pede demiss\u00e3o e tem que acionar PM para conseguir sair de fazenda"},"content":{"rendered":"<p>Trabalhador de uma fazenda, de 35 anos, teve que acionar a Pol\u00edcia Militar para conseguir sair e retirar os objetos pessoais de dentro da propriedade, ap\u00f3s pedir demiss\u00e3o. O caso, registrado como sequestro e c\u00e1rcere privado, aconteceu na quarta-feira (24), em Para\u00edso das \u00c1guas, a 277 quil\u00f4metros de Campo Grande.<\/p>\n<p>De acordo com o registro da ocorr\u00eancia, o trabalhador relatou ter trabalhado 38 dias na fazenda e pediu demiss\u00e3o por causa da rotina de trabalho, de 13 horas di\u00e1rias, segundo ele. O trabalhador disse que ap\u00f3s se demitir, ele a mulher foram com uma caminhonete pegar a mudan\u00e7a, mas dois funcion\u00e1rios da fazenda n\u00e3o permitiram.<\/p>\n<p>O trabalhador relatou aos policiais, que argumentou com os funcion\u00e1rios o presidente do sindicato dos trabalhadores rurais o informou sobre os direitos trabalhistas e os colegas teriam dito que na fazenda, \u2018s\u00e3o eles quem fazem a lei\u2019.<\/p>\n<p>Os funcion\u00e1rios da fazenda tamb\u00e9m trancaram a porta da casa e a porteira da fazenda, restringindo a liberdade de locomo\u00e7\u00e3o das v\u00edtimas. O trabalhador disse ainda que no domingo (21), j\u00e1 havia ido ao local pegar a mudan\u00e7a, mas tamb\u00e9m foi impedido.<\/p>\n<p>Ap\u00f3s a discuss\u00e3o, a v\u00edtima conseguiu ligar para Pol\u00edcia Militar, que ligou para propriedade e mandou liberar as v\u00edtimas, pois estava sendo cometido um crime. O trabalhador ainda informou que cumpre pena em regime aberto e ficou um dia sem assinar o documento.<\/p>\n<p><span class=\"author\">Wendy Tonhati<\/span> midiamax<\/p>\n","protected":false},"excerpt":{"rendered":"<p>Trabalhador de uma fazenda, de 35 anos, teve que acionar a Pol\u00edcia Militar para conseguir sair e retirar os objetos pessoais de dentro da propriedade, ap\u00f3s pedir demiss\u00e3o. O caso, registrado como sequestro e c\u00e1rcere privado, aconteceu na quarta-feira (24), em Para\u00edso das \u00c1guas, a 277 quil\u00f4metros de Campo Grande. De acordo com o registro [&hellip;]<\/p>\n","protected":false},"author":4,"featured_media":770,"comment_status":"closed","ping_status":"closed","sticky":false,"template":"","format":"standard","meta":{"footnotes":""},"categories":[36],"tags":[],"class_list":["post-4505","post","type-post","status-publish","format-standard","has-post-thumbnail","hentry","category-paraiso-das-aguas"],"_links":{"self":[{"href":"https:\/\/www.ocorreionews.com.br\/acervo-correio\/index.php?rest_route=\/wp\/v2\/posts\/4505","targetHints":{"allow":["GET"]}}],"collection":[{"href":"https:\/\/www.ocorreionews.com.br\/acervo-correio\/index.php?rest_route=\/wp\/v2\/posts"}],"about":[{"href":"https:\/\/www.ocorreionews.com.br\/acervo-correio\/index.php?rest_route=\/wp\/v2\/types\/post"}],"author":[{"embeddable":true,"href":"https:\/\/www.ocorreionews.com.br\/acervo-correio\/index.php?rest_route=\/wp\/v2\/users\/4"}],"replies":[{"embeddable":true,"href":"https:\/\/www.ocorreionews.com.br\/acervo-correio\/index.php?rest_route=%2Fwp%2Fv2%2Fcomments&post=4505"}],"version-history":[{"count":0,"href":"https:\/\/www.ocorreionews.com.br\/acervo-correio\/index.php?rest_route=\/wp\/v2\/posts\/4505\/revisions"}],"wp:featuredmedia":[{"embeddable":true,"href":"https:\/\/www.ocorreionews.com.br\/acervo-correio\/index.php?rest_route=\/wp\/v2\/media\/770"}],"wp:attachment":[{"href":"https:\/\/www.ocorreionews.com.br\/acervo-correio\/index.php?rest_route=%2Fwp%2Fv2%2Fmedia&parent=4505"}],"wp:term":[{"taxonomy":"category","embeddable":true,"href":"https:\/\/www.ocorreionews.com.br\/acervo-correio\/index.php?rest_route=%2Fwp%2Fv2%2Fcategories&post=4505"},{"taxonomy":"post_tag","embeddable":true,"href":"https:\/\/www.ocorreionews.com.br\/acervo-correio\/index.php?rest_route=%2Fwp%2Fv2%2Ftags&post=4505"}],"curies":[{"name":"wp","href":"https:\/\/api.w.org\/{rel}","templated":true}]}}