{"id":4509,"date":"2015-06-25T08:40:08","date_gmt":"2015-06-25T12:40:08","guid":{"rendered":"https:\/\/ocorreionews.com.br\/?p=4509"},"modified":"2015-06-25T08:40:08","modified_gmt":"2015-06-25T12:40:08","slug":"escola-erico-verissimo-agradece-otica-por-doacao-de-oculos","status":"publish","type":"post","link":"https:\/\/www.ocorreionews.com.br\/acervo-correio\/?p=4509","title":{"rendered":"Escola \u00c9rico Ver\u00edssimo agradece \u00d3tica por doa\u00e7\u00e3o de \u00f3culos"},"content":{"rendered":"<p>A dire\u00e7\u00e3o da Escola Municipal \u00c9rico Ver\u00edssimo divulgou uma nota de agradecimento a empresa de \u00f3tica de Chapad\u00e3o do Sul que fez a doa\u00e7\u00e3o de \u00f3culos para um aluno com dificuldades de vis\u00e3o.<\/p>\n<p><strong>Abaixo a nota divulgada:<\/strong><\/p>\n<p>\u00c9 com imensa satisfa\u00e7\u00e3o que a Dire\u00e7\u00e3o da Escola \u00c9rico Ver\u00edssimo vem agradecer a \u00d3TICA SOL \u00a0pela compreens\u00e3o que atendeu ao nosso pedido, doa\u00e7\u00e3o de um \u00f3culos\u00a0 para uma crian\u00e7a com dificuldades de vis\u00e3o.<\/p>\n<p>Na oportunidade gostar\u00edamos de salientar que t\u00e3o importante quanto as doa\u00e7\u00f5es realizadas \u00e9 a preciosa oportunidade que temos em sermos parceiros desta Empresa.<\/p>\n<p>Todo mundo pode ser grande porque todo mundo pode servir.<\/p>\n","protected":false},"excerpt":{"rendered":"<p>A dire\u00e7\u00e3o da Escola Municipal \u00c9rico Ver\u00edssimo divulgou uma nota de agradecimento a empresa de \u00f3tica de Chapad\u00e3o do Sul que fez a doa\u00e7\u00e3o de \u00f3culos para um aluno com dificuldades de vis\u00e3o. Abaixo a nota divulgada: \u00c9 com imensa satisfa\u00e7\u00e3o que a Dire\u00e7\u00e3o da Escola \u00c9rico Ver\u00edssimo vem agradecer a \u00d3TICA SOL \u00a0pela compreens\u00e3o [&hellip;]<\/p>\n","protected":false},"author":4,"featured_media":4511,"comment_status":"closed","ping_status":"closed","sticky":false,"template":"","format":"standard","meta":{"footnotes":""},"categories":[23],"tags":[],"class_list":["post-4509","post","type-post","status-publish","format-standard","has-post-thumbnail","hentry","category-chapadao-do-sul"],"_links":{"self":[{"href":"https:\/\/www.ocorreionews.com.br\/acervo-correio\/index.php?rest_route=\/wp\/v2\/posts\/4509","targetHints":{"allow":["GET"]}}],"collection":[{"href":"https:\/\/www.ocorreionews.com.br\/acervo-correio\/index.php?rest_route=\/wp\/v2\/posts"}],"about":[{"href":"https:\/\/www.ocorreionews.com.br\/acervo-correio\/index.php?rest_route=\/wp\/v2\/types\/post"}],"author":[{"embeddable":true,"href":"https:\/\/www.ocorreionews.com.br\/acervo-correio\/index.php?rest_route=\/wp\/v2\/users\/4"}],"replies":[{"embeddable":true,"href":"https:\/\/www.ocorreionews.com.br\/acervo-correio\/index.php?rest_route=%2Fwp%2Fv2%2Fcomments&post=4509"}],"version-history":[{"count":0,"href":"https:\/\/www.ocorreionews.com.br\/acervo-correio\/index.php?rest_route=\/wp\/v2\/posts\/4509\/revisions"}],"wp:featuredmedia":[{"embeddable":true,"href":"https:\/\/www.ocorreionews.com.br\/acervo-correio\/index.php?rest_route=\/wp\/v2\/media\/4511"}],"wp:attachment":[{"href":"https:\/\/www.ocorreionews.com.br\/acervo-correio\/index.php?rest_route=%2Fwp%2Fv2%2Fmedia&parent=4509"}],"wp:term":[{"taxonomy":"category","embeddable":true,"href":"https:\/\/www.ocorreionews.com.br\/acervo-correio\/index.php?rest_route=%2Fwp%2Fv2%2Fcategories&post=4509"},{"taxonomy":"post_tag","embeddable":true,"href":"https:\/\/www.ocorreionews.com.br\/acervo-correio\/index.php?rest_route=%2Fwp%2Fv2%2Ftags&post=4509"}],"curies":[{"name":"wp","href":"https:\/\/api.w.org\/{rel}","templated":true}]}}