{"id":4528,"date":"2015-06-25T10:12:57","date_gmt":"2015-06-25T14:12:57","guid":{"rendered":"https:\/\/ocorreionews.com.br\/?p=4528"},"modified":"2015-06-25T10:12:57","modified_gmt":"2015-06-25T14:12:57","slug":"salario-de-professores-de-ms-e-38-acima-do-piso-nacional-diz-sindicato","status":"publish","type":"post","link":"https:\/\/www.ocorreionews.com.br\/acervo-correio\/?p=4528","title":{"rendered":"Sal\u00e1rio de professores de MS \u00e9 38% acima do piso nacional, diz sindicato"},"content":{"rendered":"<p>Os professores da rede estadual de ensino de <a class=\"premium-tip\" href=\"http:\/\/g1.globo.com\/tudo-sobre\/mato-grosso-do-sul\">Mato Grosso do Sul<\/a>, que encerraram greve na \u00faltima segunda-feira (8), recebem o melhor sal\u00e1rio do pa\u00eds, segundo levantamento feito pelo <strong>G1<\/strong>. A paralisa\u00e7\u00e3o durou oito dias.<\/p>\n<p>O presidente da Federa\u00e7\u00e3o dos Trabalhadores em Educa\u00e7\u00e3o do estado (Fetems), Roberto Botarelli, afirmou ao <strong>G1<\/strong> nesta sexta-feira (12) que o sal\u00e1rio no estado \u00e9 38% acima do piso nacional para 40 horas de jornada.<\/p>\n<p>De acordo com a Secretaria Estadual de Educa\u00e7\u00e3o (Sed), o professor com ensino m\u00e9dio recebe sal\u00e1rio incial de R$ 2.662,83 para carga hor\u00e1ria de 40 horas semanais, enquanto o <a href=\"http:\/\/g1.globo.com\/educacao\/noticia\/2015\/01\/piso-salarial-de-professores-tera-aumento-de-1301-e-ira-r-191778.html\" target=\"_blank\">piso nacional \u00e9 de R$ 1.917,18<\/a>.<\/p>\n<p>Com esse valor, o estado estava em terceira posi\u00e7\u00e3o no ranking nacional no come\u00e7o de 2015. Segundo ele, a rede estadual sul-mato-grossense \u00e9 uma das poucas do pa\u00eds que conseguiu o \u00edndice de corre\u00e7\u00e3o do piso nacional de 13,01% no \u00faltimo janeiro.<\/p>\n<p>&#8220;Fomos o \u00fanico estado do pa\u00eds a conseguir reajuste de 13,01% da corre\u00e7\u00e3o do piso nacional. Paran\u00e1, mesmo com a greve que durou 40 dias, os professores conseguiram 3,45% de reajuste. Pernambuco conseguiu 7%&#8221;, ressaltou.<\/p>\n<p>Segundo a Fetems, ranking divulgado pela Confedera\u00e7\u00e3o Nacional dos Trabalhadores em Educa\u00e7\u00e3o (CNTE) apontou que o estado ocupa o quinto lugar, depois do reajuste do Piso Salarial Nacional, de 13,01%, do Minist\u00e9rio da Educa\u00e7\u00e3o (MEC). No in\u00edcio de janeiro, tamb\u00e9m houve negocia\u00e7\u00f5es referentes a implanta\u00e7\u00e3o do piso por 20 horas, como determina o Plano Nacional de Educa\u00e7\u00e3o (PNE). O levantamento foi divulgado no site da Fetems no dia 1\u00ba de junho de 2015.<\/p>\n<p>O ranking aponta que os dois maiores sal\u00e1rios s\u00e3o pagos aos professores estaduais do Amazonas e do Esp\u00edrito Santo, mas nesses locais o valor divulgado no levantamento \u00e9 referente a professores com gradua\u00e7\u00e3o, enquanto que os demais estados se referem ao professor com forma\u00e7\u00e3o em n\u00edvel m\u00e9dio.<\/p>\n<p><strong>Integraliza\u00e7\u00e3o<\/strong><br \/>\nA secret\u00e1ria estadual de educa\u00e7\u00e3o, Maria Cec\u00edlia Amendola da Motta, afirmou que em 2014 o estado estava em terceiro lugar com melhor sal\u00e1rio para professores no pa\u00eds e que, apesar da queda de duas coloca\u00e7\u00f5es neste ano, a posi\u00e7\u00e3o ainda \u00e9 boa.<\/p>\n<p>No dia 27 de maio, os professores entraram em greve. A categoria protestava contra reajuste zero aos administrativos da educa\u00e7\u00e3o, unifica\u00e7\u00e3o anual de reajustes de professores e administrativo para janeiro e descumprimento da lei 4.463\/2013 a partir de janeiro deste ano &#8211; pagamento da 1\/3 de hora-atividade.<\/p>\n<p>Outro pedido era a integraliza\u00e7\u00e3o do piso nacional para carga hor\u00e1ria de 20 horas. Depois de oito dias parada, a categoria aceitou acordo com o governo, que garante o pedido em prazo maior do que a reivindica\u00e7\u00e3o inicial. O acordo \u00e9 visto como avan\u00e7o, tanto pela secretaria como pela categoria.<\/p>\n<p>&#8220;A corre\u00e7\u00e3o do piso nacional de 13,01% foi dada a partir de janeiro e fevereiro, e pagamos em mar\u00e7o com retroativo. E tinha tamb\u00e9m uma negocia\u00e7\u00e3o com o governo anterior do piso ser pago para carga hor\u00e1ria de 20 horas. Essa proposta foi feita ao longo de quatro anos, e a gente achou que tinha que adequar. Ent\u00e3o propusemos puxar o piso para 20 horas no prazo de oito anos, e n\u00e3o quatro, como era a proposta inicial&#8221;, explicou.<\/p>\n<p><strong>Consenso<\/strong><br \/>\nNesse per\u00edodo, a categoria entrou em greve e, em audi\u00eancia de concilia\u00e7\u00e3o do Tribunal de Justi\u00e7a de Mato Grosso do Sul, os professores e o governo entraram em consenso para cumprir a proposta no prazo de sete anos.<\/p>\n<p>&#8220;Se tem como pagar melhor, temos que fazer mesmo. Porque o professor \u00e9 a mola de desenvolvimento de um estado, de um pa\u00eds. Temos que investir&#8221;, ressaltou.<\/p>\n<div class=\"saibamais componente_materia\">O presidente da Fetems, Roberto Botarelli, diz que o acordo com o governo d\u00e1 seguran\u00e7a aos professores.<\/div>\n<p>&#8220;\u00c9 senten\u00e7a, nos d\u00e1 seguran\u00e7a jur\u00eddica e ,ela sendo aplicada conforme foi proposto e aprovado pela categoria, vai significar para MS um grande avan\u00e7o. Esperamos antes de 2021 que professor daqui deve ter melhor sal\u00e1rio do pa\u00eds&#8221;, refletiu.<\/p>\n<p>O professor Get\u00falio Raimundo Belima, 48 anos, leciona na rede estadual desde 2013. Ele diz que embora o sal\u00e1rio seja o melhor do pa\u00eds, o valor deveria ser maior. Para Belima, que lida semanalmente com cerca de 300 alunos, o sal\u00e1rio dos professores deveria ser um valor em torno de R$ 4 mil a R$ 5 mil.<\/p>\n<p>\u201cA qualidade e o desempenho dos professores, al\u00e9m do tempo que eles dedicam \u00e0 pesquisas, deveria ser melhor recompensada. Em compara\u00e7\u00e3o aos professores do munic\u00edpio, por exemplo, eles est\u00e3o com um padr\u00e3o melhor de qualidade\u201d, finalizou.<\/p>\n<p>Professores da rede p\u00fablica de ensino de Campo Grande, que est\u00e3o em greve h\u00e1 19 dias, voltaram a protestar na manh\u00e3 desta sexta-feira (12) contra a demora nas negocia\u00e7\u00f5es com a prefeitura sobre o reajuste reivindicado pela categoria.<\/p>\n<p>&nbsp;<\/p>\n<p>Fonte: G1, MS<\/p>\n<p>&nbsp;<\/p>\n","protected":false},"excerpt":{"rendered":"<p>Os professores da rede estadual de ensino de Mato Grosso do Sul, que encerraram greve na \u00faltima segunda-feira (8), recebem o melhor sal\u00e1rio do pa\u00eds, segundo levantamento feito pelo G1. A paralisa\u00e7\u00e3o durou oito dias. O presidente da Federa\u00e7\u00e3o dos Trabalhadores em Educa\u00e7\u00e3o do estado (Fetems), Roberto Botarelli, afirmou ao G1 nesta sexta-feira (12) que [&hellip;]<\/p>\n","protected":false},"author":4,"featured_media":4529,"comment_status":"closed","ping_status":"closed","sticky":false,"template":"","format":"standard","meta":{"footnotes":""},"categories":[27],"tags":[],"class_list":["post-4528","post","type-post","status-publish","format-standard","has-post-thumbnail","hentry","category-educacao"],"_links":{"self":[{"href":"https:\/\/www.ocorreionews.com.br\/acervo-correio\/index.php?rest_route=\/wp\/v2\/posts\/4528","targetHints":{"allow":["GET"]}}],"collection":[{"href":"https:\/\/www.ocorreionews.com.br\/acervo-correio\/index.php?rest_route=\/wp\/v2\/posts"}],"about":[{"href":"https:\/\/www.ocorreionews.com.br\/acervo-correio\/index.php?rest_route=\/wp\/v2\/types\/post"}],"author":[{"embeddable":true,"href":"https:\/\/www.ocorreionews.com.br\/acervo-correio\/index.php?rest_route=\/wp\/v2\/users\/4"}],"replies":[{"embeddable":true,"href":"https:\/\/www.ocorreionews.com.br\/acervo-correio\/index.php?rest_route=%2Fwp%2Fv2%2Fcomments&post=4528"}],"version-history":[{"count":0,"href":"https:\/\/www.ocorreionews.com.br\/acervo-correio\/index.php?rest_route=\/wp\/v2\/posts\/4528\/revisions"}],"wp:featuredmedia":[{"embeddable":true,"href":"https:\/\/www.ocorreionews.com.br\/acervo-correio\/index.php?rest_route=\/wp\/v2\/media\/4529"}],"wp:attachment":[{"href":"https:\/\/www.ocorreionews.com.br\/acervo-correio\/index.php?rest_route=%2Fwp%2Fv2%2Fmedia&parent=4528"}],"wp:term":[{"taxonomy":"category","embeddable":true,"href":"https:\/\/www.ocorreionews.com.br\/acervo-correio\/index.php?rest_route=%2Fwp%2Fv2%2Fcategories&post=4528"},{"taxonomy":"post_tag","embeddable":true,"href":"https:\/\/www.ocorreionews.com.br\/acervo-correio\/index.php?rest_route=%2Fwp%2Fv2%2Ftags&post=4528"}],"curies":[{"name":"wp","href":"https:\/\/api.w.org\/{rel}","templated":true}]}}