{"id":4531,"date":"2015-06-25T10:32:27","date_gmt":"2015-06-25T14:32:27","guid":{"rendered":"https:\/\/ocorreionews.com.br\/?p=4531"},"modified":"2015-06-26T09:47:15","modified_gmt":"2015-06-26T13:47:15","slug":"comeca-hoje-a-13a-edicao-do-costa-caipira","status":"publish","type":"post","link":"https:\/\/www.ocorreionews.com.br\/acervo-correio\/?p=4531","title":{"rendered":"Come\u00e7a hoje a 13\u00aa edi\u00e7\u00e3o do Costa Caipira"},"content":{"rendered":"<div>As Associa\u00e7\u00f5es de Pais e Mestres \u2013 da REME \u2013 Rede Municipal de Ensino de Costa Rica\/MS, realizam nos dias 25, 26 e 27 de junho de 2015, no Centro de Eventos Ramez Tebet, o 13\u00b0 Costa Caipira com in\u00edcio \u00e0s 19 horas.<\/div>\n<div><\/div>\n<div>Com o apoio da Administra\u00e7\u00e3o Municipal por meio da Secretaria de Educa\u00e7\u00e3o, a tradicional festa junina da REME ter\u00e1 anima\u00e7\u00e3o da dupla prata da casa, Augusto C\u00e9sar &amp; Cristiano.<\/div>\n<div><\/div>\n<div>O 13\u00b0 Costa Caipira promete oferecer muitas comidas t\u00edpicas e apresenta\u00e7\u00f5es culturais para o p\u00fablico presente.<\/div>\n<div><\/div>\n<div>\u201cOs alunos est\u00e3o ensaiando para fazer bonito, esperamos a comunidade em geral para prestigiar. Pode vir a car\u00e1ter e se divertir, pois teremos v\u00e1rios atrativos para que seja mais um sucesso a nossa festa\u201d, afirma a secret\u00e1ria de Educa\u00e7\u00e3o Professora Mestre Manuelina Martins da Silva Arantes Cabral.<\/div>\n<div><\/div>\n<div><a href=\"https:\/\/ocorreionews.com.br\/wp-content\/uploads\/2015\/06\/13-costa-caipira.jpg\"><img loading=\"lazy\" decoding=\"async\" class=\"alignnone size-full wp-image-4215\" src=\"https:\/\/ocorreionews.com.br\/wp-content\/uploads\/2015\/06\/13-costa-caipira.jpg\" alt=\"13 costa caipira\" width=\"800\" height=\"967\" srcset=\"https:\/\/www.ocorreionews.com.br\/acervo-correio\/wp-content\/uploads\/2015\/06\/13-costa-caipira.jpg 800w, https:\/\/www.ocorreionews.com.br\/acervo-correio\/wp-content\/uploads\/2015\/06\/13-costa-caipira-248x300.jpg 248w\" sizes=\"auto, (max-width: 800px) 100vw, 800px\" \/><\/a><\/div>\n<div><\/div>\n<div>Fonte: Costa Rica em Foco<\/div>\n","protected":false},"excerpt":{"rendered":"<p>As Associa\u00e7\u00f5es de Pais e Mestres \u2013 da REME \u2013 Rede Municipal de Ensino de Costa Rica\/MS, realizam nos dias 25, 26 e 27 de junho de 2015, no Centro de Eventos Ramez Tebet, o 13\u00b0 Costa Caipira com in\u00edcio \u00e0s 19 horas. Com o apoio da Administra\u00e7\u00e3o Municipal por meio da Secretaria de Educa\u00e7\u00e3o, [&hellip;]<\/p>\n","protected":false},"author":4,"featured_media":4214,"comment_status":"closed","ping_status":"closed","sticky":false,"template":"","format":"standard","meta":{"footnotes":""},"categories":[25],"tags":[],"class_list":["post-4531","post","type-post","status-publish","format-standard","has-post-thumbnail","hentry","category-costa-rica"],"_links":{"self":[{"href":"https:\/\/www.ocorreionews.com.br\/acervo-correio\/index.php?rest_route=\/wp\/v2\/posts\/4531","targetHints":{"allow":["GET"]}}],"collection":[{"href":"https:\/\/www.ocorreionews.com.br\/acervo-correio\/index.php?rest_route=\/wp\/v2\/posts"}],"about":[{"href":"https:\/\/www.ocorreionews.com.br\/acervo-correio\/index.php?rest_route=\/wp\/v2\/types\/post"}],"author":[{"embeddable":true,"href":"https:\/\/www.ocorreionews.com.br\/acervo-correio\/index.php?rest_route=\/wp\/v2\/users\/4"}],"replies":[{"embeddable":true,"href":"https:\/\/www.ocorreionews.com.br\/acervo-correio\/index.php?rest_route=%2Fwp%2Fv2%2Fcomments&post=4531"}],"version-history":[{"count":0,"href":"https:\/\/www.ocorreionews.com.br\/acervo-correio\/index.php?rest_route=\/wp\/v2\/posts\/4531\/revisions"}],"wp:featuredmedia":[{"embeddable":true,"href":"https:\/\/www.ocorreionews.com.br\/acervo-correio\/index.php?rest_route=\/wp\/v2\/media\/4214"}],"wp:attachment":[{"href":"https:\/\/www.ocorreionews.com.br\/acervo-correio\/index.php?rest_route=%2Fwp%2Fv2%2Fmedia&parent=4531"}],"wp:term":[{"taxonomy":"category","embeddable":true,"href":"https:\/\/www.ocorreionews.com.br\/acervo-correio\/index.php?rest_route=%2Fwp%2Fv2%2Fcategories&post=4531"},{"taxonomy":"post_tag","embeddable":true,"href":"https:\/\/www.ocorreionews.com.br\/acervo-correio\/index.php?rest_route=%2Fwp%2Fv2%2Ftags&post=4531"}],"curies":[{"name":"wp","href":"https:\/\/api.w.org\/{rel}","templated":true}]}}