{"id":46339,"date":"2017-02-13T09:19:40","date_gmt":"2017-02-13T12:19:40","guid":{"rendered":"https:\/\/ocorreionews.com.br\/?p=46339"},"modified":"2017-02-13T09:19:40","modified_gmt":"2017-02-13T12:19:40","slug":"policia-militar-de-paraiso-das-aguas-e-contemplada-com-uma-moto-coletes-e-uma-arma","status":"publish","type":"post","link":"https:\/\/www.ocorreionews.com.br\/acervo-correio\/?p=46339","title":{"rendered":"Pol\u00edcia Militar de Para\u00edso das \u00c1guas \u00e9 contemplada com uma moto , coletes e uma arma"},"content":{"rendered":"<div class=\"col-xs-12 col-sm-6 col-md-6\">\n<p>A Pol\u00edcia Militar de Para\u00edso das \u00c1guas \u00a0foi contemplada com 1 moto (250 cilindradas), cinco coletes e uma arma longa, escopeta calibre 12 semi autom\u00e1tica.<\/p>\n<p>A solenidade de entrega contou com a presen\u00e7a do secret\u00e1rio de Estado de Justi\u00e7a e Seguran\u00e7a P\u00fablica, Jos\u00e9 Carlos Barbosa, do Prefeito de Para\u00edso das \u00c1guas Ivan da Cruz Pereira, do subtenente da Pol\u00edcia Militar e comandante do 3\u00ba Pelot\u00e3o de Para\u00edso das \u00c1guas, subtenente Ademilson Matos Cruz Santos e dos vereadores An\u00edzio Andrade, Roberto Carlos, Neife Vida e Lindomar Pinheiro (Fiotinho).<\/p>\n<p>\u201c Os materiais que recebemos hoje foram muito importantes para nosso trabalho, os nossos coletes j\u00e1 estavam vencidos e agora ser\u00e3o substitu\u00eddos por esses novos, que tem a fun\u00e7\u00e3o de proteger nossa vida, j\u00e1 a arma que recebemos vai nos ajudar no combate ao tr\u00e1fico de drogas, pois estamos localizados em uma rota de tr\u00e1fico, \u00a0e a moto ser\u00e1 de extrema import\u00e2ncia no patrulhamento escolar, e na orienta\u00e7\u00e3o e preven\u00e7\u00e3o aos motoristas que trafegam pela cidade\u201d<\/p>\n<p>O subtenente Matos tamb\u00e9m mencionou a import\u00e2ncia da parceria entre Prefeitura Municipal e Policia Militar<\/p>\n<p>\u201cA Pol\u00edcia Militar do Estado n\u00e3o vive sem o executivo, pois \u00e9 a Prefeitura\u00a0 que nos d\u00e1 o suporte para que possamos trabalhar com uma maior agilidade, seguran\u00e7a e comodidade em prol da popula\u00e7\u00e3o paraisense \u201d finalizou o subtenete<br \/>\nTexto: Daniela Loss\u00e1vero &#8211; Fotos: Max Arantes<\/p>\n<\/div>\n","protected":false},"excerpt":{"rendered":"<p>A Pol\u00edcia Militar de Para\u00edso das \u00c1guas \u00a0foi contemplada com 1 moto (250 cilindradas), cinco coletes e uma arma longa, escopeta calibre 12 semi autom\u00e1tica. A solenidade de entrega contou com a presen\u00e7a do secret\u00e1rio de Estado de Justi\u00e7a e Seguran\u00e7a P\u00fablica, Jos\u00e9 Carlos Barbosa, do Prefeito de Para\u00edso das \u00c1guas Ivan da Cruz Pereira, [&hellip;]<\/p>\n","protected":false},"author":4,"featured_media":46340,"comment_status":"closed","ping_status":"closed","sticky":false,"template":"","format":"standard","meta":{"footnotes":""},"categories":[36],"tags":[],"class_list":["post-46339","post","type-post","status-publish","format-standard","has-post-thumbnail","hentry","category-paraiso-das-aguas"],"_links":{"self":[{"href":"https:\/\/www.ocorreionews.com.br\/acervo-correio\/index.php?rest_route=\/wp\/v2\/posts\/46339","targetHints":{"allow":["GET"]}}],"collection":[{"href":"https:\/\/www.ocorreionews.com.br\/acervo-correio\/index.php?rest_route=\/wp\/v2\/posts"}],"about":[{"href":"https:\/\/www.ocorreionews.com.br\/acervo-correio\/index.php?rest_route=\/wp\/v2\/types\/post"}],"author":[{"embeddable":true,"href":"https:\/\/www.ocorreionews.com.br\/acervo-correio\/index.php?rest_route=\/wp\/v2\/users\/4"}],"replies":[{"embeddable":true,"href":"https:\/\/www.ocorreionews.com.br\/acervo-correio\/index.php?rest_route=%2Fwp%2Fv2%2Fcomments&post=46339"}],"version-history":[{"count":0,"href":"https:\/\/www.ocorreionews.com.br\/acervo-correio\/index.php?rest_route=\/wp\/v2\/posts\/46339\/revisions"}],"wp:featuredmedia":[{"embeddable":true,"href":"https:\/\/www.ocorreionews.com.br\/acervo-correio\/index.php?rest_route=\/wp\/v2\/media\/46340"}],"wp:attachment":[{"href":"https:\/\/www.ocorreionews.com.br\/acervo-correio\/index.php?rest_route=%2Fwp%2Fv2%2Fmedia&parent=46339"}],"wp:term":[{"taxonomy":"category","embeddable":true,"href":"https:\/\/www.ocorreionews.com.br\/acervo-correio\/index.php?rest_route=%2Fwp%2Fv2%2Fcategories&post=46339"},{"taxonomy":"post_tag","embeddable":true,"href":"https:\/\/www.ocorreionews.com.br\/acervo-correio\/index.php?rest_route=%2Fwp%2Fv2%2Ftags&post=46339"}],"curies":[{"name":"wp","href":"https:\/\/api.w.org\/{rel}","templated":true}]}}