{"id":46350,"date":"2017-02-13T10:17:02","date_gmt":"2017-02-13T13:17:02","guid":{"rendered":"https:\/\/ocorreionews.com.br\/?p=46350"},"modified":"2017-02-13T10:41:13","modified_gmt":"2017-02-13T13:41:13","slug":"ap-taboado-policia-divulga-tatuagens-de-homem-assassinado-para-encontrar-familia","status":"publish","type":"post","link":"https:\/\/www.ocorreionews.com.br\/acervo-correio\/?p=46350","title":{"rendered":"AP TABOADO &#8211; Pol\u00edcia divulga tatuagens de homem assassinado para encontrar fam\u00edlia"},"content":{"rendered":"<p>A Pol\u00edcia Civil de Aparecida do Taboado divulgou as tatuagens de um homem que foi encontrado morto na madrugada de s\u00e1bado\u00a0(11), por volta das 2h50, na \u201cEstrada da Lagoinha\u201d, naquele munic\u00edpio.<\/p>\n<p>O homem, identificado apenas como &#8220;Raul&#8221;\u00a0aparentemente ter 50 anos, foi encontrado morto e pelos levantamentos da pol\u00edcia t\u00e9cnica ele foi assassinado, provavelmente a pauladas.<\/p>\n<p>A pol\u00edcia divulgou as fotos das tatuagens da v\u00edtima na tentativa de encontrar familiares dele, j\u00e1 que n\u00e3o possui nenhum documento para ser identificado.<\/p>\n<p>Qualquer informa\u00e7\u00e3o pode ser repassada para a Delegacia de Pol\u00edcia Civil de Aparecida do Taboado pelo telefone 067 3565-1217.<\/p>\n<p><strong>Caso<\/strong><\/p>\n<div class=\"content_text_744036\">\n<p>Um andarilho foi assassinado a pauladas em Aparecida do Taboado, a Pol\u00edcia Civil identificou o homem apenas como Raul. Ele n\u00e3o portava nenhum documento e aparentava ter aproximadamente 50 anos. Ainda n\u00e3o se sabe quem cometeu o crime.<\/p>\n<p>Conforme o boletim de ocorr\u00eancia, outro morador de rua dormia em uma cal\u00e7ada quando ouviu gritos da v\u00edtima. Raul pedia socorro e dizia que estava sendo espancado. Com medo, a testemunha correu quando ele se aproximou e n\u00e3o conseguiu ver nenhum suspeito. O trecho estava bastante escuro.<\/p>\n<p>O morador foi at\u00e9 a rodovi\u00e1ria e ligou para a Pol\u00edcia Militar. Ao retornar ao local, ele encontrou o andarilho ca\u00eddo e desacordado. A PM chamou o Corpo de Bombeiros para socorrer o homem. Raul foi encaminhado \u00e0 Santa Casa ainda com vida, mas morreu assim que chegou \u00e0 unidade. O m\u00e9dico apontou a causa do \u00f3bito como traumatismo craniano.<\/p>\n<\/div>\n<div class=\"img_left component_image_65919\">\n<div class=\"image_box\">\n<div class=\"\"><\/div>\n<figure style=\"width: 300px\" class=\"wp-caption alignleft\"><a class=\"ampliar_imagem\" title=\"Delegado de Aparecida do Taboado, L\u00facio Barros, conversou com  a reportagem do Perfil News. (Foto: Divulga\u00e7\u00e3o). \" href=\"http:\/\/www.perfilnews.com.br\/media\/images\/383\/65919\/tmp\/wmX-300x299x4-589e04b40157b4c22f4333f673d1c9430f5f75cdca04a.jpg\"><img loading=\"lazy\" decoding=\"async\" src=\"http:\/\/www.perfilnews.com.br\/media\/images\/383\/65919\/589e04b40157b4c22f4333f673d1c9430f5f75cdca04a.jpg\" alt=\"Delegado de Aparecida do Taboado, L\u00facio Barros, conversou com  a reportagem do Perfil News. (Foto: Divulga\u00e7\u00e3o). \" width=\"300\" height=\"299\" \/><\/a><figcaption class=\"wp-caption-text\">Delegado de Aparecida do Taboado, L\u00facio Barros, conversou com a reportagem do Perfil News. (Foto: Divulga\u00e7\u00e3o).<\/figcaption><\/figure>\n<\/div>\n<\/div>\n<div class=\"content_text_744037\">\n<p>A Pol\u00edcia Civil periciou a cal\u00e7ada onde o andarilho foi achado ca\u00eddo. No local havia uma po\u00e7a de sangue. Outros moradores de rua foram ouvidos, mas nenhum soube dar informa\u00e7\u00f5es sobre o assassinato. Ao que tudo indica, Raul foi morto com golpes de madeira na cabe\u00e7a.<\/p>\n<p>Em entrevista ao <strong>Perfil News<\/strong>, o delegado de Aparecida do Taboado, L\u00facio Barros, disse que o crime ser\u00e1 apurado e que ainda n\u00e3o h\u00e1 suspeito da autoria. Segundo ele, impress\u00f5es digitais da v\u00edtima foram colhidas e encaminhadas ao banco de dados do Estado a fim de que se descubra sua identidade. N\u00e3o existe um prazo certo para que o laudo fique pronto.<\/p>\n<p>O corpo de Raul foi levado ao Instituto de Medicina e Odontologia Legal (Imol) de Tr\u00eas Lagoas e passar\u00e1 por exames. Em seguida, ele ser\u00e1 transladado \u00e0 Aparecida do Taboado para o enterro, previsto para acontecer amanh\u00e3 (11). Caso nenhum familiar apare\u00e7a, o homem ser\u00e1 sepultado como indigente.<\/p>\n<p>A Pol\u00edcia Civil registrou o caso como homic\u00eddio simples.<\/p>\n<\/div>\n<p><img decoding=\"async\" src=\"http:\/\/www.jornaltribunalivre.com\/v3\/uploads\/2017\/FEVEREIRO%202017\/1102.jpg\" alt=\"1102\" \/><\/p>\n<p><img decoding=\"async\" src=\"http:\/\/www.jornaltribunalivre.com\/v3\/uploads\/2017\/FEVEREIRO%202017\/1103.jpg\" alt=\"1103\" \/><\/p>\n<p><img decoding=\"async\" src=\"http:\/\/www.jornaltribunalivre.com\/v3\/uploads\/2017\/FEVEREIRO%202017\/1104.jpg\" alt=\"1104\" \/><\/p>\n<p><img decoding=\"async\" src=\"http:\/\/www.jornaltribunalivre.com\/v3\/uploads\/2017\/FEVEREIRO%202017\/1105.jpg\" alt=\"1105\" \/><\/p>\n<p><img decoding=\"async\" src=\"http:\/\/www.jornaltribunalivre.com\/v3\/uploads\/2017\/FEVEREIRO%202017\/1106.jpg\" alt=\"1106\" \/><\/p>\n<p>Fonte: Jornal Tribuna Livre<\/p>\n","protected":false},"excerpt":{"rendered":"<p>A Pol\u00edcia Civil de Aparecida do Taboado divulgou as tatuagens de um homem que foi encontrado morto na madrugada de s\u00e1bado\u00a0(11), por volta das 2h50, na \u201cEstrada da Lagoinha\u201d, naquele munic\u00edpio. O homem, identificado apenas como &#8220;Raul&#8221;\u00a0aparentemente ter 50 anos, foi encontrado morto e pelos levantamentos da pol\u00edcia t\u00e9cnica ele foi assassinado, provavelmente a pauladas. [&hellip;]<\/p>\n","protected":false},"author":4,"featured_media":46351,"comment_status":"closed","ping_status":"closed","sticky":false,"template":"","format":"standard","meta":{"footnotes":""},"categories":[38],"tags":[],"class_list":["post-46350","post","type-post","status-publish","format-standard","has-post-thumbnail","hentry","category-policia"],"_links":{"self":[{"href":"https:\/\/www.ocorreionews.com.br\/acervo-correio\/index.php?rest_route=\/wp\/v2\/posts\/46350","targetHints":{"allow":["GET"]}}],"collection":[{"href":"https:\/\/www.ocorreionews.com.br\/acervo-correio\/index.php?rest_route=\/wp\/v2\/posts"}],"about":[{"href":"https:\/\/www.ocorreionews.com.br\/acervo-correio\/index.php?rest_route=\/wp\/v2\/types\/post"}],"author":[{"embeddable":true,"href":"https:\/\/www.ocorreionews.com.br\/acervo-correio\/index.php?rest_route=\/wp\/v2\/users\/4"}],"replies":[{"embeddable":true,"href":"https:\/\/www.ocorreionews.com.br\/acervo-correio\/index.php?rest_route=%2Fwp%2Fv2%2Fcomments&post=46350"}],"version-history":[{"count":0,"href":"https:\/\/www.ocorreionews.com.br\/acervo-correio\/index.php?rest_route=\/wp\/v2\/posts\/46350\/revisions"}],"wp:featuredmedia":[{"embeddable":true,"href":"https:\/\/www.ocorreionews.com.br\/acervo-correio\/index.php?rest_route=\/wp\/v2\/media\/46351"}],"wp:attachment":[{"href":"https:\/\/www.ocorreionews.com.br\/acervo-correio\/index.php?rest_route=%2Fwp%2Fv2%2Fmedia&parent=46350"}],"wp:term":[{"taxonomy":"category","embeddable":true,"href":"https:\/\/www.ocorreionews.com.br\/acervo-correio\/index.php?rest_route=%2Fwp%2Fv2%2Fcategories&post=46350"},{"taxonomy":"post_tag","embeddable":true,"href":"https:\/\/www.ocorreionews.com.br\/acervo-correio\/index.php?rest_route=%2Fwp%2Fv2%2Ftags&post=46350"}],"curies":[{"name":"wp","href":"https:\/\/api.w.org\/{rel}","templated":true}]}}