{"id":46465,"date":"2017-02-14T07:13:25","date_gmt":"2017-02-14T10:13:25","guid":{"rendered":"https:\/\/ocorreionews.com.br\/?p=46465"},"modified":"2017-02-14T09:07:08","modified_gmt":"2017-02-14T12:07:08","slug":"figueirao-prefeito-promove-alinhamento-entre-executivo-e-legislativo","status":"publish","type":"post","link":"https:\/\/www.ocorreionews.com.br\/acervo-correio\/?p=46465","title":{"rendered":"Figueir\u00e3o: Prefeito promove alinhamento entre executivo e legislativo"},"content":{"rendered":"<p>Para esclarecer alguns projetos e alinhar os objetivos da C\u00e2mara Municipal de Figueir\u00e3o com as a\u00e7\u00f5es da Prefeitura, o prefeito Rog\u00e9rio Rosalin (PSDB), promoveu nesta segunda-feira (13), uma apresenta\u00e7\u00e3o formal dos secret\u00e1rios municipais. Cada integrante do executivo teve a oportunidade de apontar as prioridades, problemas e poss\u00edveis solu\u00e7\u00f5es ao vereadores do munic\u00edpio. Todos os secret\u00e1rios e vereadores marcaram presen\u00e7a.<\/p>\n<p>\u201cFoi uma reuni\u00e3o produtiva, digna de in\u00edcio de mandato, para apresentarmos nossa real disposi\u00e7\u00e3o e disponibilidade. Assim como os secret\u00e1rios, os vereadores se mostraram otimistas e pretendem contribuir, fiscalizando e buscando recursos para o desenvolvimento de Figueir\u00e3o\u201d, esclarece o Prefeito, que se colocou \u00e0 disposi\u00e7\u00e3o para o que for preciso.<\/p>\n<p>Entre as alternativas sugeridas para a uni\u00e3o, a favor do desenvolvimento da cidade, \u00e9 tornar a reuni\u00e3o mensal. \u201cTanto os vereadores, quanto os secret\u00e1rios, querem o avan\u00e7o do munic\u00edpio. Essa reuni\u00e3o mensal tornaria de f\u00e1cil acesso o andamento das a\u00e7\u00f5es do executivo, tornando tamb\u00e9m ainda mais transparente a utiliza\u00e7\u00e3o dos recursos p\u00fablicos. Al\u00e9m de unirmos for\u00e7as para atingir os objetivos\u201d, esclarece Rosalin.<\/p>\n<p>&nbsp;<\/p>\n<p><strong>Sa\u00fade<\/strong><\/p>\n<p>O secret\u00e1rio Municipal de Sa\u00fade, Fernando Nogueira Barbosa, falou da otimiza\u00e7\u00e3o dos procedimentos, na busca por melhor atendimento e menores desperd\u00edcios. \u201cCom o tempo quero apresentar a voc\u00eas uma planilha com as economias que podemos fazer nesta pasta, que tornar\u00e1 poss\u00edvel melhorias diretas \u00e0 popula\u00e7\u00e3o. Almejo tamb\u00e9m a contrata\u00e7\u00e3o de cinco m\u00e9dicos, sendo um deles, pediatra, anseio antigo da popula\u00e7\u00e3o figueir\u00e3oense\u201d, pontua.<\/p>\n<p><strong>Assist\u00eancia Social<\/strong><\/p>\n<p>Uma busca por distribui\u00e7\u00e3o mais justa dos benef\u00edcios governamentais, bem como a implementa\u00e7\u00e3o de pol\u00edticas afirmativas, com foco na transitoriedade, \u00e9 o objetivo do secret\u00e1rio de Assist\u00eancia Social, Beugmar Ferreira da Silva. Para se chegar a este resultado, ele sugere um novo senso social, levantamento que contribuir\u00e1 com um disgn\u00f3stico fidedigno da popula\u00e7\u00e3o.<\/p>\n<p><strong>Gest\u00e3o e Desenvolvimento<\/strong><\/p>\n<p>A secret\u00e1ria Municipal de Gest\u00e3o e Desenvolvimento, Karina Santos Barbosa, colocou-se \u00e0 disposi\u00e7\u00e3o para o que for preciso. \u201cH\u00e1 desafios que devem ser eliminados com o trabalho em conjunto. Vou apresentar em breve resultados concretos que poder\u00e3o contribuir diretamente com o planejamento de todas as demais secretarias. E deixo a porta da sala aberta, a todos que buscarem informa\u00e7\u00f5es, que s\u00e3o p\u00fablicas\u201d, relata Karina ao confirmar sua disposi\u00e7\u00e3o para somar.<\/p>\n<p><strong>Infraestrutura<\/strong><\/p>\n<p>O secret\u00e1rio municipal de Infraestrutura, Agroneg\u00f3cio, Empreendedorismo e Meio Ambiente, F\u00e1bio Luis Fabrin alertou a todos sobre as dificuldades de sua pasta, que gera demanda de cerca de 1770 quil\u00f4metros de estradas vicinais, 273,98 quil\u00f4metros de rodovias estaduais e 11 da BR-359. \u201cTrata-se de uma extens\u00e3o que muitos munic\u00edpios, com mais recursos, n\u00e3o t\u00eam. Os n\u00fameros demonstram as dificuldades que envolvem a manuten\u00e7\u00e3o dessas estradas, por onde circulam fam\u00edlias, estudantes e noss produ\u00e7\u00e3o\u201d, afirma. Fabrin ainda falou da quantidade de chuvas neste per\u00edodo do ano, que n\u00e3o contribui com a manuten\u00e7\u00e3o das estradas. \u201cPara driblar este e outros problemas, busco a contrata\u00e7\u00e3o de profissionais qualificados, capazes de gerar pareceres t\u00e9cnicos, apontando a melhor forma de executar os trabalhos, sem risco de refa\u00e7\u00e3o\u201d.<\/p>\n<p>Entre as estradas que dever\u00e3o entrar neste projeto para receber parecer t\u00e9cnico, antes das obras, est\u00e3o a do Galeano, de Santa Teresa e Mirassol.<\/p>\n<p><strong>Educa\u00e7\u00e3o, Cultura e Esporte<\/strong><\/p>\n<p>O secret\u00e1rio municipal de Educa\u00e7\u00e3o, Cultura, Esporte e Turismo, Danilo Oliveira Barbosa, destacou a grande responsabilidade em manter a qualidade da educa\u00e7\u00e3o e torn\u00e1-la melhor. \u201cIncorporando tecnologia ao trabalho, e valorizando o excelente trabalho dos professores da rede municipal, queremos romper barreiras e surpreender ainda mais quanto ao desempenho no IDEB\u201d, ressalta. Em rela\u00e7\u00e3o a cultura, demonstrou a iniciativa de criar mecanismos que registrem e mantenham vivas todas as culturas regionais, enquanto que nos esporte, seu obejtivo \u00e9 fomentar cada vez mais atividades f\u00edsicas, como integra\u00e7\u00e3o e meio de afastar os jovens dos perigos do \u00e1lcool e outras Drogas.<\/p>\n<p>\u201cEsse tipo de projeto, que re\u00fane executivo e legislativo, pode culminar em soma de esfor\u00e7os, acabando com a politicagem neste munic\u00edpio t\u00e3o pequeno, e tornando-o mais maduro, pronto para enfrentar problemas e gerar solu\u00e7\u00f5es, com foco no coletivo, em vez do individualismo. Embora o Pais passe por uma grave crise, o que se v\u00ea \u00e9 um esfor\u00e7o comum para fortalecer o munic\u00edpio\u201d, destacou o vice-prefeito, Fernando Martins .<\/p>\n<p>&nbsp;<\/p>\n<p>Texto: Assessoria de Comunica\u00e7\u00e3o<\/p>\n","protected":false},"excerpt":{"rendered":"<p>Para esclarecer alguns projetos e alinhar os objetivos da C\u00e2mara Municipal de Figueir\u00e3o com as a\u00e7\u00f5es da Prefeitura, o prefeito Rog\u00e9rio Rosalin (PSDB), promoveu nesta segunda-feira (13), uma apresenta\u00e7\u00e3o formal dos secret\u00e1rios municipais. Cada integrante do executivo teve a oportunidade de apontar as prioridades, problemas e poss\u00edveis solu\u00e7\u00f5es ao vereadores do munic\u00edpio. Todos os secret\u00e1rios [&hellip;]<\/p>\n","protected":false},"author":4,"featured_media":46466,"comment_status":"closed","ping_status":"closed","sticky":false,"template":"","format":"standard","meta":{"footnotes":""},"categories":[30],"tags":[],"class_list":["post-46465","post","type-post","status-publish","format-standard","has-post-thumbnail","hentry","category-figueirao"],"_links":{"self":[{"href":"https:\/\/www.ocorreionews.com.br\/acervo-correio\/index.php?rest_route=\/wp\/v2\/posts\/46465","targetHints":{"allow":["GET"]}}],"collection":[{"href":"https:\/\/www.ocorreionews.com.br\/acervo-correio\/index.php?rest_route=\/wp\/v2\/posts"}],"about":[{"href":"https:\/\/www.ocorreionews.com.br\/acervo-correio\/index.php?rest_route=\/wp\/v2\/types\/post"}],"author":[{"embeddable":true,"href":"https:\/\/www.ocorreionews.com.br\/acervo-correio\/index.php?rest_route=\/wp\/v2\/users\/4"}],"replies":[{"embeddable":true,"href":"https:\/\/www.ocorreionews.com.br\/acervo-correio\/index.php?rest_route=%2Fwp%2Fv2%2Fcomments&post=46465"}],"version-history":[{"count":0,"href":"https:\/\/www.ocorreionews.com.br\/acervo-correio\/index.php?rest_route=\/wp\/v2\/posts\/46465\/revisions"}],"wp:featuredmedia":[{"embeddable":true,"href":"https:\/\/www.ocorreionews.com.br\/acervo-correio\/index.php?rest_route=\/wp\/v2\/media\/46466"}],"wp:attachment":[{"href":"https:\/\/www.ocorreionews.com.br\/acervo-correio\/index.php?rest_route=%2Fwp%2Fv2%2Fmedia&parent=46465"}],"wp:term":[{"taxonomy":"category","embeddable":true,"href":"https:\/\/www.ocorreionews.com.br\/acervo-correio\/index.php?rest_route=%2Fwp%2Fv2%2Fcategories&post=46465"},{"taxonomy":"post_tag","embeddable":true,"href":"https:\/\/www.ocorreionews.com.br\/acervo-correio\/index.php?rest_route=%2Fwp%2Fv2%2Ftags&post=46465"}],"curies":[{"name":"wp","href":"https:\/\/api.w.org\/{rel}","templated":true}]}}