{"id":46468,"date":"2017-02-14T08:09:39","date_gmt":"2017-02-14T11:09:39","guid":{"rendered":"https:\/\/ocorreionews.com.br\/?p=46468"},"modified":"2017-02-14T08:09:39","modified_gmt":"2017-02-14T11:09:39","slug":"secretario-destaca-importancia-da-bacia-leiteira-e-agricultura-familiar-para-costa-rica","status":"publish","type":"post","link":"https:\/\/www.ocorreionews.com.br\/acervo-correio\/?p=46468","title":{"rendered":"Secret\u00e1rio  destaca import\u00e2ncia da Bacia Leiteira e Agricultura Familiar para Costa Rica"},"content":{"rendered":"<p>O secret\u00e1rio Municipal de Agricultura e Desenvolvimento Ailton Martins de Amorim participou na \u00faltima quarta-feira, 08 de fevereiro de 2017, da entrega de quatros ordenhadeiras a produtores rurais de Costa Rica &#8211; MS.<\/p>\n<p>Na oportunidade, o gestor p\u00fablico agradeceu a Agraer &#8211; Ag\u00eancia de Desenvolvimento Agr\u00e1rio e Extens\u00e3o Rural \u2013 que por meio do Programa Leite Forte do Governo do Estado conseguiu a ced\u00eancia dos equipamentos que foram destinados aos produtores rurais da regi\u00e3o do Ga\u00facho Pobre: Ailton Pereira Sousa e Eloene Francisca Alves, bem como da Aprolag &#8211; Associa\u00e7\u00e3o dos Produtores da Lagoinha e Regi\u00e3o: Davi Teodoro Souza e Flaviano de Santana Silva, que est\u00e3o cadastrados no programa.<\/p>\n<p>\u201cEm nome do prefeito Waldeli dos Santos Rosa agradecemos ao Governo do Estado por ajudar a fomentarmos a Bacia Leiteira e Agricultura Familiar, entendendo assim a import\u00e2ncia delas para o desenvolvimento da nossa cidade e regi\u00e3o\u201d, declarou Ailton Amorim que tamb\u00e9m falou tamb\u00e9m sobre a participa\u00e7\u00e3o efetiva dos agricultores familiares na economia do munic\u00edpio, comercializando os seus produtos e divulgando o seu trabalho.<\/p>\n<p>Conforme o coordenador Municipal da Agraer, engenheiro Agr\u00f4nomo Alan Ricardo Novaes, o programa Leite Forte tem como objetivo geral estruturar a cadeia produtiva do leite, fortalecendo seus elos com a promo\u00e7\u00e3o do aumento da produ\u00e7\u00e3o, da produtividade e da qualidade do leite, aliado \u00e0 agrega\u00e7\u00e3o de valor ao produto final, gera\u00e7\u00e3o de empregos e renda, possibilitando a sustentabilidade socioecon\u00f4mica e ambiental de atividade.<\/p>\n<p>\u201cO programa atende produtores com at\u00e9 quatro m\u00f3dulos fiscais (equivalente a 280 hectares). Em Costa Rica, j\u00e1 atendeu diversos produtores com resfriadores de leite, ordenhas mecanizadas, patrulha mecanizada, al\u00e9m de capacita\u00e7\u00f5es e visitas t\u00e9cnicas\u201d, complementou Alan Novaes.<\/p>\n<p>Ainda segundo o engenheiro Agr\u00f4nomo, \u201cas ordenhadeiras s\u00e3o ferramentas importantes, pois aumentam a higiene na ordenha, evita a contamina\u00e7\u00e3o do leite resultando numa maior qualidade do produto, al\u00e9m de diminuir o tempo de ordenha, otimizando o trabalho do ordenhador e diminuindo o estresse dos animais por ficarem menos tempo na sala de ordenha\u201d.<\/p>\n<p>O secret\u00e1rio Ailton Amorim orienta os produtores que tiverem interesse em se cadastrar para receber ordenhadeiras mec\u00e2nicas ou resfriadores de leite, podem procurar a Agraer que fica anexa a Secretaria Municipal de Agricultura e Desenvolvimento. \u201cLembrando que para a solicita\u00e7\u00e3o dos refrigeradores de leite \u00e9 preciso que o mesmo contemple no m\u00ednimo 08 (oito) produtores\u201d, orienta o gestor.<\/p>\n","protected":false},"excerpt":{"rendered":"<p>O secret\u00e1rio Municipal de Agricultura e Desenvolvimento Ailton Martins de Amorim participou na \u00faltima quarta-feira, 08 de fevereiro de 2017, da entrega de quatros ordenhadeiras a produtores rurais de Costa Rica &#8211; MS. Na oportunidade, o gestor p\u00fablico agradeceu a Agraer &#8211; Ag\u00eancia de Desenvolvimento Agr\u00e1rio e Extens\u00e3o Rural \u2013 que por meio do Programa [&hellip;]<\/p>\n","protected":false},"author":4,"featured_media":46470,"comment_status":"closed","ping_status":"closed","sticky":false,"template":"","format":"standard","meta":{"footnotes":""},"categories":[25],"tags":[],"class_list":["post-46468","post","type-post","status-publish","format-standard","has-post-thumbnail","hentry","category-costa-rica"],"_links":{"self":[{"href":"https:\/\/www.ocorreionews.com.br\/acervo-correio\/index.php?rest_route=\/wp\/v2\/posts\/46468","targetHints":{"allow":["GET"]}}],"collection":[{"href":"https:\/\/www.ocorreionews.com.br\/acervo-correio\/index.php?rest_route=\/wp\/v2\/posts"}],"about":[{"href":"https:\/\/www.ocorreionews.com.br\/acervo-correio\/index.php?rest_route=\/wp\/v2\/types\/post"}],"author":[{"embeddable":true,"href":"https:\/\/www.ocorreionews.com.br\/acervo-correio\/index.php?rest_route=\/wp\/v2\/users\/4"}],"replies":[{"embeddable":true,"href":"https:\/\/www.ocorreionews.com.br\/acervo-correio\/index.php?rest_route=%2Fwp%2Fv2%2Fcomments&post=46468"}],"version-history":[{"count":0,"href":"https:\/\/www.ocorreionews.com.br\/acervo-correio\/index.php?rest_route=\/wp\/v2\/posts\/46468\/revisions"}],"wp:featuredmedia":[{"embeddable":true,"href":"https:\/\/www.ocorreionews.com.br\/acervo-correio\/index.php?rest_route=\/wp\/v2\/media\/46470"}],"wp:attachment":[{"href":"https:\/\/www.ocorreionews.com.br\/acervo-correio\/index.php?rest_route=%2Fwp%2Fv2%2Fmedia&parent=46468"}],"wp:term":[{"taxonomy":"category","embeddable":true,"href":"https:\/\/www.ocorreionews.com.br\/acervo-correio\/index.php?rest_route=%2Fwp%2Fv2%2Fcategories&post=46468"},{"taxonomy":"post_tag","embeddable":true,"href":"https:\/\/www.ocorreionews.com.br\/acervo-correio\/index.php?rest_route=%2Fwp%2Fv2%2Ftags&post=46468"}],"curies":[{"name":"wp","href":"https:\/\/api.w.org\/{rel}","templated":true}]}}