{"id":4756,"date":"2015-07-01T12:37:14","date_gmt":"2015-07-01T16:37:14","guid":{"rendered":"https:\/\/ocorreionews.com.br\/?p=4756"},"modified":"2015-07-01T12:37:14","modified_gmt":"2015-07-01T16:37:14","slug":"saiba-como-votou-cada-deputado-na-sessao-da-maioridade-penal","status":"publish","type":"post","link":"https:\/\/www.ocorreionews.com.br\/acervo-correio\/?p=4756","title":{"rendered":"Saiba como votou cada deputado na sess\u00e3o da maioridade penal"},"content":{"rendered":"<p style=\"text-align: justify;\">Na madrugada desta quarta-feira (1\u00ba), o plen\u00e1rio da C\u00e2mara dos Deputados <a href=\"http:\/\/g1.globo.com\/politica\/noticia\/2015\/07\/camara-rejeita-reducao-da-maioridade-para-crimes-graves.html\">rejeitou uma proposta de emenda \u00e0 Constitui\u00e7\u00e3o<\/a> (PEC) que previa mudar a maioridade penal de 18 para 16 anos em caso de crimes graves. 303 deputados votaram a favor da proposta, mas eram necess\u00e1rios 308 votos para a aprova\u00e7\u00e3o, equivalente a 3\/5 do n\u00famero total de deputados. Outros 184 votaram contra, e houve tr\u00eas absten\u00e7\u00f5es (veja lista de como votaram os deputados abaixo).<\/p>\n<p style=\"text-align: justify;\">O texto previa que fosse alterada a maioridade nos casos de crimes hediondos (como latroc\u00ednio e estupro), homic\u00eddio doloso (intencional), les\u00e3o corporal grave, seguida ou n\u00e3o de morte, e roubo qualificado. Os jovens que se enquadrassem nessas situa\u00e7\u00f5es deveriam cumprir a pena em estabelecimento separado dos maiores de 18 anos e dos menores de 16 anos.<\/p>\n<p style=\"text-align: justify;\">A vota\u00e7\u00e3o foi acompanhada de muita movimenta\u00e7\u00e3o nas galerias da C\u00e2mara. Cerca de 200 manifestantes ligados \u00e0 Uni\u00e3o Nacional dos Estudantes (UNE) e \u00e0 Uni\u00e3o Brasileira dos Estudantes Secundaristas (Ubes) acompanharam a sess\u00e3o das galerias do plen\u00e1rio e, ao final, comemoraram ao gritos de &#8220;n\u00e3o, n\u00e3o, n\u00e3o \u00e0 redu\u00e7\u00e3o&#8221;.<\/p>\n<p style=\"text-align: justify;\">Mas a ideia da redu\u00e7\u00e3o da maioridade penal n\u00e3o est\u00e1 totalmente descartada na C\u00e2mara. O presidente da Casa, Eduardo Cunha (PMDB-RJ), disse ap\u00f3s a vota\u00e7\u00e3o que o plen\u00e1rio ainda dever\u00e1 analisar o texto original da PEC, que prev\u00ea reduzir a maioridade para todos os crimes.<\/p>\n<p style=\"text-align: justify;\">Veja como votou cada deputado na sess\u00e3o desta ter\u00e7a (votos &#8220;sim&#8221; s\u00e3o favor\u00e1veis \u00e0 redu\u00e7\u00e3o, e os votos &#8220;n\u00e3o&#8221; s\u00e3o contr\u00e1rios):<\/p>\n<p style=\"text-align: justify;\"><strong>DEM<\/strong><br \/>\nAlberto Fraga &#8211; DF:\u00a0 Sim<br \/>\nAlexandre Leite &#8211; SP:\u00a0 Sim<br \/>\nCarlos Melles &#8211; MG:\u00a0 Sim<br \/>\nClaudio Cajado &#8211; BA: Sim<br \/>\nEfraim Filho &#8211; PB:\u00a0 Sim<br \/>\nEli Corr\u00eaa Filho &#8211; SP: Sim<br \/>\nElmar Nascimento &#8211; BA: Sim<br \/>\nFelipe Maia &#8211; RN: Sim<br \/>\nH\u00e9lio Leite &#8211; PA: Sim<br \/>\nJorge Tadeu Mudalen &#8211; SP: Sim<br \/>\nJos\u00e9 Carlos Aleluia &#8211; BA: Sim<br \/>\nMandetta &#8211; MS:\u00a0 N\u00e3o<br \/>\nMarcelo Aguiar &#8211; SP: Sim<br \/>\nMendon\u00e7a Filho &#8211; PE: Sim<br \/>\nMisael Varella &#8211; MG: Sim<br \/>\nMoroni Torgan &#8211; CE: Sim<br \/>\nOnyx Lorenzoni &#8211; RS: Sim<br \/>\nPauderney Avelino &#8211; AM: Sim<br \/>\nPaulo Azi &#8211; BA: Sim<br \/>\nProfessora Dorinha Seabra Rezende &#8211; TO: N\u00e3o<br \/>\nRodrigo Maia &#8211; RJ: Sim<\/p>\n<p><strong>PCdoB<\/strong><br \/>\nAlice Portugal &#8211; BA: N\u00e3o<br \/>\nAliel Machado &#8211; PR: N\u00e3o<br \/>\nCarlos Eduardo Cadoca &#8211; PE: N\u00e3o<br \/>\nChico Lopes &#8211; CE: N\u00e3o<br \/>\nDaniel Almeida &#8211; BA: N\u00e3o<br \/>\nDavidson Magalh\u00e3es &#8211; BA: N\u00e3o<br \/>\nJandira Feghali &#8211; RJ: N\u00e3o<br \/>\nJ\u00f4 Moraes &#8211; MG: N\u00e3o<br \/>\nJo\u00e3o Derly &#8211; RS: N\u00e3o<br \/>\nLuciana Santos &#8211; PE: N\u00e3o<br \/>\nOrlando Silva &#8211; SP: N\u00e3o<br \/>\nRubens Pereira J\u00fanior &#8211; MA: N\u00e3o<br \/>\nWadson Ribeiro &#8211; MG: N\u00e3o<\/p>\n<p><strong>PDT<\/strong><br \/>\nAbel Mesquita Jr. &#8211; RR: N\u00e3o<br \/>\nAfonso Motta &#8211; RS: N\u00e3o<br \/>\nAndr\u00e9 Figueiredo &#8211; CE: N\u00e3o<br \/>\nDagoberto &#8211; MS: N\u00e3o<br \/>\nDami\u00e3o Feliciano &#8211; PB: N\u00e3o<br \/>\nF\u00e9lix Mendon\u00e7a J\u00fanior\u00a0 &#8211; BA: N\u00e3o<br \/>\nFl\u00e1via Morais &#8211; GO: N\u00e3o<br \/>\nGiovani Cherini\u00a0 &#8211; RS: N\u00e3o<br \/>\nMajor Olimpio &#8211; SP: Sim<br \/>\nMarcelo Matos &#8211; RJ:\u00a0 Absten\u00e7\u00e3o<br \/>\nMarcos Rog\u00e9rio &#8211; RO: Sim<br \/>\nM\u00e1rio Heringer &#8211; MG: N\u00e3o<br \/>\nPompeo de Mattos &#8211; RS: N\u00e3o<br \/>\nRoberto G\u00f3es &#8211; AP: N\u00e3o<br \/>\nRonaldo Lessa &#8211; AL: N\u00e3o<br \/>\nSergio Vidigal &#8211; ES: N\u00e3o<br \/>\nSubtenente Gonzaga &#8211; MG: N\u00e3o<br \/>\nWeverton Rocha &#8211; MA: N\u00e3o<br \/>\nWolney Queiroz &#8211; PE: N\u00e3o<\/p>\n<p><strong>PEN<\/strong><br \/>\nAndr\u00e9 Fufuca &#8211; MA: Sim<br \/>\nJunior Marreca &#8211; MA: Sim<\/p>\n<p style=\"text-align: justify;\"><strong>PHS<\/strong><br \/>\nAdail Carneiro &#8211; CE: N\u00e3o<br \/>\nCarlos Andrade &#8211; RR: Sim<br \/>\nDiego Garcia &#8211; PR: N\u00e3o<br \/>\nKaio Mani\u00e7oba &#8211; PE: N\u00e3o<br \/>\nMarcelo Aro &#8211; MG: Sim<\/p>\n<p><strong>PMDB<\/strong><br \/>\nAlberto Filho &#8211; MA: Sim<br \/>\nAlceu Moreira &#8211; RS: Sim<br \/>\nAn\u00edbal Gomes &#8211; CE: Sim<br \/>\nBaleia Rossi &#8211; SP: Sim<br \/>\nCarlos Bezerra &#8211; MT:\u00a0 N\u00e3o<br \/>\nCarlos Henrique Gaguim &#8211; TO:\u00a0 Sim<br \/>\nCarlos Marun &#8211; MS:\u00a0 Sim<br \/>\nCelso Jacob &#8211; RJ:\u00a0 Sim<br \/>\nCelso Maldaner &#8211; SC:\u00a0 N\u00e3o<br \/>\nCelso Pansera &#8211; RJ:\u00a0 N\u00e3o<br \/>\nDaniel Vilela &#8211; GO:\u00a0 Sim<br \/>\nDanilo Forte &#8211; CE:\u00a0 Sim<br \/>\nDarc\u00edsio Perondi &#8211; RS:\u00a0 N\u00e3o<br \/>\nDulce Miranda &#8211; TO:\u00a0 N\u00e3o<br \/>\nEdinho Bez &#8211; SC:\u00a0 Sim<br \/>\nEdio Lopes &#8211; RR:\u00a0 Sim<br \/>\n<a class=\"premium-tip\" href=\"http:\/\/g1.globo.com\/tudo-sobre\/eduardo-cunha\/\">Eduardo Cunha<\/a> &#8211; RJ:\u00a0 (por ser presidente, n\u00e3o vota)<br \/>\nElcione Barbalho &#8211; PA: N\u00e3o<br \/>\nFabio Reis &#8211; SE:\u00a0 Sim<br \/>\nFernando Jord\u00e3o &#8211; RJ: Sim<br \/>\nFlaviano Melo &#8211; AC: Sim<br \/>\nGeraldo Resende &#8211; MS:\u00a0 Sim<br \/>\nHermes Parcianello &#8211; PR: Sim<br \/>\nHildo Rocha &#8211; MA:\u00a0 Sim<br \/>\nHugo Motta &#8211; PB:\u00a0 Sim<br \/>\nJarbas Vasconcelos &#8211; PE:\u00a0 N\u00e3o<br \/>\nJ\u00e9ssica Sales &#8211; AC:\u00a0 Sim<br \/>\nJo\u00e3o Arruda &#8211; PR: N\u00e3o<br \/>\nJo\u00e3o Marcelo Souza &#8211; MA:\u00a0 N\u00e3o<br \/>\nJos\u00e9 Foga\u00e7a &#8211; RS: N\u00e3o<br \/>\nJosi Nunes &#8211; TO:\u00a0 N\u00e3o<br \/>\nLaudivio Carvalho &#8211; MG:\u00a0 Sim<br \/>\nLelo Coimbra &#8211; ES:\u00a0 N\u00e3o<br \/>\nLeonardo Picciani &#8211; RJ:\u00a0 Sim<br \/>\nLeonardo Quint\u00e3o &#8211; MG:\u00a0 Sim<br \/>\nLindomar Gar\u00e7on &#8211; RO:\u00a0 Absten\u00e7\u00e3o<br \/>\nLucio Mosquini &#8211; RO:\u00a0 Sim<br \/>\nLucio Vieira Lima &#8211; BA:\u00a0 Sim<br \/>\nManoel Junior &#8211; PB:\u00a0 Sim<br \/>\nMarcelo Castro &#8211; PI: Sim<br \/>\nMarcos Rotta &#8211; AM: Sim<br \/>\nMarinha Raupp &#8211; RO:\u00a0 N\u00e3o<br \/>\nMarquinho Mendes &#8211; RJ:\u00a0 Sim<br \/>\nMarx Beltr\u00e3o &#8211; AL: Sim<br \/>\nMauro Lopes &#8211; MG: Sim<br \/>\nMauro Mariani &#8211; SC:\u00a0 Sim<br \/>\nMauro Pereira &#8211; RS: Sim<br \/>\nOsmar Serraglio &#8211; PR:\u00a0 Sim<br \/>\nOsmar Terra &#8211; RS:\u00a0 N\u00e3o<br \/>\nPedro Chaves &#8211; GO:\u00a0 Sim<br \/>\nRog\u00e9rio Peninha Mendon\u00e7a &#8211; SC: Sim<br \/>\nRonaldo Benedet &#8211; SC: Sim<br \/>\nRoney Nemer &#8211; DF: Sim<br \/>\nSaraiva Felipe &#8211; MG:\u00a0 N\u00e3o<br \/>\nSergio Souza &#8211; PR:\u00a0 Sim<br \/>\nSimone Morgado &#8211; PA:\u00a0 N\u00e3o<br \/>\nSoraya Santos &#8211; RJ:\u00a0 Sim<br \/>\nValdir Colatto &#8211; SC:\u00a0 Sim<br \/>\nVeneziano Vital do R\u00eago &#8211; PB:\u00a0 Sim<br \/>\nVitor Valim &#8211; CE:\u00a0 Sim<br \/>\nWalter Alves &#8211; RN:\u00a0 Sim<br \/>\nWashington Reis &#8211; RJ:\u00a0 N\u00e3o<\/p>\n<p style=\"text-align: justify;\"><strong>PMN<\/strong><br \/>\nAnt\u00f4nio J\u00e1come &#8211; RN:\u00a0 Sim<br \/>\nD\u00e2mina Pereira &#8211; MG:\u00a0 Sim<br \/>\nHiran Gon\u00e7alves &#8211; RR:\u00a0 Sim<\/p>\n<p><strong>PP<\/strong><br \/>\nAfonso Hamm &#8211; RS:\u00a0 Sim<br \/>\nArthur Lira &#8211; AL: Sim<br \/>\nBeto Rosado &#8211; RN: Sim<br \/>\nCac\u00e1 Le\u00e3o &#8211; BA: Sim<br \/>\nConcei\u00e7\u00e3o Sampaio &#8211; AM: N\u00e3o<br \/>\nCovatti Filho &#8211; RS: Sim<br \/>\nDilceu Sperafico &#8211; PR:\u00a0 Sim<br \/>\nDimas Fabiano &#8211; MG:\u00a0 Sim<br \/>\nEduardo da Fonte &#8211; PE: Sim<br \/>\nEsperidi\u00e3o Amin &#8211; SC:\u00a0 Sim<br \/>\nEzequiel Fonseca &#8211; MT:\u00a0 Sim<br \/>\nFernando Monteiro &#8211; PE:\u00a0 Sim<br \/>\nGuilherme Mussi &#8211; SP: Sim<br \/>\nJair Bolsonaro &#8211; RJ: Sim<br \/>\nJer\u00f4nimo Goergen &#8211; RS: Sim<br \/>\nJorge Boeira &#8211; SC: Sim<br \/>\nJos\u00e9 Ot\u00e1vio Germano &#8211; RS: Sim<br \/>\nJulio Lopes &#8211; RJ:\u00a0 Sim<br \/>\nL\u00e1zaro Botelho &#8211; TO:\u00a0 Sim<br \/>\nLuis Carlos Heinze &#8211; RS: Sim<br \/>\nLuiz Fernando Faria &#8211; MG:\u00a0 Sim<br \/>\nMarcelo Belinati &#8211; PR: Sim<br \/>\nMarcus Vicente &#8211; ES\u00a0 Sim<br \/>\nM\u00e1rio Negromonte Jr. &#8211; BA: Sim<br \/>\nMission\u00e1rio Jos\u00e9 Olimpio &#8211; SP:\u00a0 Sim<br \/>\nNelson Meurer &#8211; PR: Sim<br \/>\nOdelmo Le\u00e3o &#8211; MG:\u00a0 Sim<br \/>\nPaulo Maluf &#8211; SP: Sim<br \/>\nRenato Molling &#8211; RS:\u00a0 Sim<br \/>\nRenzo Braz &#8211; MG: Sim<br \/>\nRicardo Barros &#8211; PR:\u00a0 N\u00e3o<br \/>\nRoberto Balestra &#8211; GO: Sim<br \/>\nRoberto Britto &#8211; BA: Sim<br \/>\nRonaldo Carletto &#8211; BA: Sim<br \/>\nSandes J\u00fanior &#8211; GO: Sim<br \/>\nSim\u00e3o Sessim &#8211; RJ: Sim<br \/>\nToninho Pinheiro &#8211; MG: Sim<br \/>\nWaldir Maranh\u00e3o &#8211; MA:\u00a0 N\u00e3o<\/p>\n<p><strong>PPS<\/strong><br \/>\nAlex Manente &#8211; SP:\u00a0 Sim<br \/>\nArnaldo Jordy &#8211; PA: N\u00e3o<br \/>\nCarmen Zanotto &#8211; SC: N\u00e3o<br \/>\nEliziane Gama &#8211; MA: N\u00e3o<br \/>\nHissa Abrah\u00e3o &#8211; AM: N\u00e3o<br \/>\nMarcos Abr\u00e3o &#8211; GO: N\u00e3o<br \/>\nMoses Rodrigues &#8211; CE:\u00a0 Sim<br \/>\nRaul Jungmann &#8211; PE:\u00a0 N\u00e3o<br \/>\nRoberto Freire &#8211; SP:\u00a0 N\u00e3o<br \/>\nRubens Bueno &#8211; PR:\u00a0 N\u00e3o<br \/>\nSandro Alex &#8211; PR:\u00a0 Sim<\/p>\n<p><strong>PR<\/strong><br \/>\nAelton Freitas &#8211; MG:\u00a0 Sim<br \/>\nAltineu C\u00f4rtes &#8211; RJ:\u00a0 Sim<br \/>\nAnderson Ferreira &#8211; PE:\u00a0 Sim<br \/>\nBilac Pinto &#8211; MG:\u00a0 Sim<br \/>\nCabo Sabino &#8211; CE:\u00a0 Sim<br \/>\nCapit\u00e3o Augusto &#8211; SP:\u00a0 Sim<br \/>\nClarissa Garotinho &#8211; RJ: N\u00e3o<br \/>\nDr. Jo\u00e3o &#8211; RJ:\u00a0 Sim<br \/>\nFrancisco Floriano &#8211; RJ:\u00a0 Sim<br \/>\nGiacobo &#8211; PR: Sim<br \/>\nGorete Pereira &#8211; CE:\u00a0 Sim<br \/>\nJo\u00e3o Carlos Bacelar &#8211; BA:\u00a0 Sim<br \/>\nJorginho Mello &#8211; SC:\u00a0 Sim<br \/>\nJos\u00e9 Rocha &#8211; BA:\u00a0 Sim<br \/>\nLaerte Bessa &#8211; DF:\u00a0 Sim<br \/>\nLincoln Portela &#8211; MG: Sim<br \/>\nL\u00facio Vale &#8211; PA: Sim<br \/>\nLuiz Cl\u00e1udio &#8211; RO:\u00a0 Sim<br \/>\nLuiz Nishimori &#8211; PR:\u00a0 Sim<br \/>\nMagda Mofatto &#8211; GO:\u00a0 Sim<br \/>\nMarcio Alvino &#8211; SP:\u00a0 Sim<br \/>\nMarcos Soares &#8211; RJ: Sim<br \/>\nMaur\u00edcio Quintella Lessa &#8211; AL:\u00a0 Sim<br \/>\nMiguel Lombardi &#8211; SP:\u00a0 Sim<br \/>\nMilton Monti &#8211; SP:\u00a0 Sim<br \/>\nPaulo Feij\u00f3 &#8211; RJ: Sim<br \/>\nPaulo Freire &#8211; SP: Sim<br \/>\nRem\u00eddio Monai &#8211; RR: Sim<br \/>\nSilas Freire &#8211; PI:\u00a0 Sim<br \/>\nTiririca &#8211; SP:\u00a0 Sim<br \/>\nVinicius Gurgel &#8211; AP: Sim<br \/>\nWellington Roberto &#8211; PB:\u00a0 Sim<br \/>\nZenaide Maia &#8211; RN:\u00a0 N\u00e3o<\/p>\n<p><strong>PRB<\/strong><br \/>\nAlan Rick &#8211; AC:\u00a0 Sim<br \/>\nAndr\u00e9 Abdon &#8211; AP: Sim<br \/>\nAntonio Bulh\u00f5es &#8211; SP: Sim<br \/>\nBeto Mansur &#8211; SP: Sim<br \/>\nCarlos Gomes &#8211; RS:\u00a0 Sim<br \/>\nCelso Russomanno &#8211; SP:\u00a0 Sim<br \/>\nC\u00e9sar Halum &#8211; TO:\u00a0 Sim<br \/>\nCleber Verde &#8211; MA: Sim<br \/>\nFausto Pinato &#8211; SP:\u00a0 Sim<br \/>\nJhonatan de Jesus &#8211; RR:\u00a0 Sim<br \/>\nJony Marcos &#8211; SE:\u00a0 Sim<br \/>\nMarcelo Squassoni &#8211; SP:\u00a0 Sim<br \/>\nM\u00e1rcio Marinho &#8211; BA:\u00a0 Sim<br \/>\nRoberto Alves &#8211; SP: Sim<br \/>\nRoberto Sales &#8211; RJ:\u00a0 Sim<br \/>\nRonaldo Martins &#8211; CE:\u00a0 Sim<br \/>\nRosangela Gomes &#8211; RJ:\u00a0 Sim<br \/>\nTia Eron &#8211; BA: Sim<br \/>\nVinicius Carvalho &#8211; SP:\u00a0 Sim<\/p>\n<p><strong>PROS<\/strong><br \/>\nAdemir Camilo &#8211; MG:\u00a0 Sim<br \/>\nAntonio Balhmann &#8211; CE:\u00a0 Sim<br \/>\nBeto Salame &#8211; PA:\u00a0 N\u00e3o<br \/>\nDomingos Neto &#8211; CE:\u00a0 N\u00e3o<br \/>\nDr. Jorge Silva &#8211; ES:\u00a0 N\u00e3o<br \/>\nGivaldo Carimb\u00e3o &#8211; AL:\u00a0 N\u00e3o<br \/>\nHugo Leal &#8211; RJ: N\u00e3o<br \/>\nLe\u00f4nidas Cristino &#8211; CE: N\u00e3o<br \/>\nMiro Teixeira &#8211; RJ: N\u00e3o<br \/>\nRafael Motta &#8211; RN:\u00a0 N\u00e3o<br \/>\nRonaldo Fonseca &#8211; DF:\u00a0 Sim<br \/>\nValtenir Pereira &#8211; MT:\u00a0 Sim<\/p>\n<p><strong>PRP<\/strong><br \/>\nJuscelino Filho &#8211; MA:\u00a0 Sim<br \/>\nMarcelo \u00c1lvaro Ant\u00f4nio &#8211; MG: Sim<\/p>\n<p><strong>PRTB<\/strong><br \/>\nC\u00edcero Almeida &#8211; AL:\u00a0 Sim<\/p>\n<p><strong>PSB<\/strong><br \/>\nAdilton Sachetti &#8211; MT:\u00a0 Sim<br \/>\n\u00c1tila Lira &#8211; PI:\u00a0 N\u00e3o<br \/>\nBebeto &#8211; BA:\u00a0 N\u00e3o<br \/>\nC\u00e9sar Messias &#8211; AC: N\u00e3o<br \/>\nFabio Garcia &#8211; MT:\u00a0 Sim<br \/>\nFernando Coelho Filho &#8211; PE:\u00a0 N\u00e3o<br \/>\nFlavinho &#8211; SP:\u00a0 N\u00e3o<br \/>\nGlauber Braga &#8211; RJ:\u00a0 N\u00e3o<br \/>\nGonzaga Patriota &#8211; PE:\u00a0 Sim<br \/>\nHeitor Schuch &#8211; RS:\u00a0 N\u00e3o<br \/>\nHer\u00e1clito Fortes &#8211; PI:\u00a0 Absten\u00e7\u00e3o<br \/>\nJanete Capiberibe &#8211; AP:\u00a0 N\u00e3o<br \/>\nJo\u00e3o Fernando Coutinho &#8211; PE:\u00a0 N\u00e3o<br \/>\nJos\u00e9 Reinaldo &#8211; MA:\u00a0 Sim<br \/>\nJose St\u00e9dile &#8211; RS:\u00a0 N\u00e3o<br \/>\nJ\u00falio Delgado &#8211; MG:\u00a0 N\u00e3o<br \/>\nKeiko Ota &#8211; SP: Sim<br \/>\nLeopoldo Meyer &#8211; PR:\u00a0 N\u00e3o<br \/>\nLuciano Ducci &#8211; PR:\u00a0 Sim<br \/>\nLuiz Lauro Filho &#8211; SP:\u00a0 Sim<br \/>\nLuiza Erundina &#8211; SP:\u00a0 N\u00e3o<br \/>\nMaria Helena &#8211; RR: N\u00e3o<br \/>\nMarinaldo Rosendo &#8211; PE:\u00a0 Sim<br \/>\nPastor Eurico &#8211; PE:\u00a0 Sim<br \/>\nPaulo Foletto &#8211; ES: N\u00e3o<br \/>\nStefano Aguiar &#8211; MG:\u00a0 Sim<br \/>\nTadeu Alencar &#8211; PE:\u00a0 N\u00e3o<br \/>\nTenente L\u00facio &#8211; MG:\u00a0 N\u00e3o<br \/>\nTereza Cristina &#8211; MS:\u00a0 N\u00e3o<br \/>\nValadares Filho &#8211; SE: N\u00e3o<br \/>\nVicentinho J\u00fanior &#8211; TO:\u00a0 Sim<\/p>\n<p><strong>PSC<\/strong><br \/>\nAndre Moura &#8211; SE:\u00a0 Sim<br \/>\nEdmar Arruda &#8211; PR:\u00a0 Sim<br \/>\nEduardo Bolsonaro &#8211; SP:\u00a0 Sim<br \/>\nErivelton Santana &#8211; BA:\u00a0 Sim<br \/>\nGilberto Nascimento &#8211; SP:\u00a0 Sim<br \/>\nJ\u00falia Marinho &#8211; PA: Sim<br \/>\nMarcos Reategui &#8211; AP:\u00a0 N\u00e3o<br \/>\nPr. Marco Feliciano &#8211; SP:\u00a0 Sim<br \/>\nProfessor Vict\u00f3rio Galli &#8211; MT:\u00a0 Sim<br \/>\nRaquel Muniz &#8211; MG: Sim<br \/>\nSilvio Costa &#8211; PE:\u00a0 N\u00e3o<\/p>\n<p><strong>PSD<\/strong><br \/>\nAlexandre Serfiotis &#8211; RJ:\u00a0 Sim<br \/>\n\u00c1tila Lins &#8211; AM: Sim<br \/>\nCesar Souza &#8211; SC: Sim<br \/>\nDanrlei de Deus Hinterholz &#8211; RS:\u00a0 Sim<br \/>\nDelegado \u00c9der Mauro &#8211; PA:\u00a0 Sim<br \/>\nDiego Andrade &#8211; MG:\u00a0 Sim<br \/>\nEvandro Roman &#8211; PR: Sim<br \/>\nF\u00e1bio Faria &#8211; RN:\u00a0 Sim<br \/>\nF\u00e1bio Mitidieri &#8211; SE:\u00a0 Sim<br \/>\nFelipe Bornier &#8211; RJ: Sim<br \/>\nFernando Torres &#8211; BA:\u00a0 N\u00e3o<br \/>\nFrancisco Chapadinha &#8211; PA:\u00a0 Sim<br \/>\nGoulart &#8211; SP:\u00a0 Sim<br \/>\nHerculano Passos &#8211; SP:\u00a0 Sim<br \/>\nHeuler Cruvinel &#8211; GO:\u00a0 Sim<br \/>\nIndio da Costa &#8211; RJ:\u00a0 Sim<br \/>\nIraj\u00e1 Abreu &#8211; TO: Sim<br \/>\nJaime Martins &#8211; MG:\u00a0 Sim<br \/>\nJefferson Campos &#8211; SP:\u00a0 Sim<br \/>\nJo\u00e3o Rodrigues &#8211; SC:\u00a0 Sim<br \/>\nJoaquim Passarinho &#8211; PA:\u00a0 Sim<br \/>\nJos\u00e9 Carlos Ara\u00fajo &#8211; BA:\u00a0 Sim<br \/>\nJos\u00e9 Nunes &#8211; BA:\u00a0 Sim<br \/>\nJ\u00falio Cesar &#8211; PI:\u00a0 Sim<br \/>\nMarcos Montes &#8211; MG:\u00a0 Sim<br \/>\nPaulo Magalh\u00e3es &#8211; BA: N\u00e3o<br \/>\nRicardo Izar &#8211; SP:\u00a0 Sim<br \/>\nRog\u00e9rio Rosso &#8211; DF:\u00a0 Sim<br \/>\nR\u00f4mulo Gouveia &#8211; PB:\u00a0 Sim<br \/>\nS\u00e9rgio Brito &#8211; BA:\u00a0 Sim<br \/>\nS\u00f3stenes Cavalcante &#8211; RJ:\u00a0 Sim<br \/>\nWalter Ihoshi &#8211; SP: Sim<\/p>\n<p><strong>PSDB<\/strong><br \/>\nAlexandre Baldy &#8211; GO:\u00a0 Sim<br \/>\nAlfredo Kaefer &#8211; PR:\u00a0 Sim<br \/>\nAntonio Imbassahy &#8211; BA:\u00a0 Sim<br \/>\nArthur Virg\u00edlio Bisneto\u00a0 &#8211; AM:\u00a0 Sim<br \/>\nBetinho Gomes &#8211; PE:\u00a0 N\u00e3o<br \/>\nBonif\u00e1cio de Andrada &#8211; MG:\u00a0 Sim<br \/>\nBruna Furlan &#8211; SP:\u00a0 Sim<br \/>\nBruno Ara\u00fajo &#8211; PE:\u00a0 Sim<br \/>\nBruno Covas &#8211; SP:\u00a0 Sim<br \/>\nCaio Narcio &#8211; MG:\u00a0 Sim<br \/>\nCarlos Sampaio &#8211; SP:\u00a0 Sim<br \/>\nC\u00e9lio Silveira &#8211; GO:\u00a0 Sim<br \/>\nDaniel Coelho &#8211; PE:\u00a0 Sim<br \/>\nDelegado Waldir &#8211; GO:\u00a0 Sim<br \/>\nDomingos S\u00e1vio &#8211; MG:\u00a0 Sim<br \/>\nEduardo Barbosa &#8211; MG:\u00a0 N\u00e3o<br \/>\nEduardo Cury &#8211; SP:\u00a0 Sim<br \/>\nF\u00e1bio Sousa &#8211; GO:\u00a0 Sim<br \/>\nGeovania de S\u00e1 &#8211; SC: Sim<br \/>\nGiuseppe Vecci &#8211; GO:\u00a0 Sim<br \/>\nIzalci &#8211; DF: Sim<br \/>\nJo\u00e3o Campos &#8211; GO:\u00a0 Sim<br \/>\nJo\u00e3o Castelo &#8211; MA:\u00a0 Sim<br \/>\nJo\u00e3o Gualberto &#8211; BA:\u00a0 Sim<br \/>\nJo\u00e3o Paulo Papa &#8211; SP:\u00a0 N\u00e3o<br \/>\nJutahy Junior &#8211; BA: Sim<br \/>\nLobbe Neto &#8211; SP:\u00a0 Sim<br \/>\nLuiz Carlos Hauly &#8211; PR:\u00a0 Sim<br \/>\nMara Gabrilli &#8211; SP: N\u00e3o<br \/>\nMarco Tebaldi &#8211; SC:\u00a0 Sim<br \/>\nMarcus Pestana &#8211; MG:\u00a0 Sim<br \/>\nMariana Carvalho &#8211; RO:\u00a0 Sim<br \/>\nMax Filho &#8211; ES: N\u00e3o<br \/>\nMiguel Haddad &#8211; SP: Sim<br \/>\nNelson Marchezan Junior &#8211; RS:\u00a0 Sim<br \/>\nNilson Leit\u00e3o &#8211; MT: Sim<br \/>\nNilson Pinto &#8211; PA: Sim<br \/>\nOtavio Leite &#8211; RJ:\u00a0 Sim<br \/>\nPaulo Abi-Ackel &#8211; MG:\u00a0 Sim<br \/>\nPedro Cunha Lima &#8211; PB:\u00a0 Sim<br \/>\nPedro Vilela &#8211; AL:\u00a0 Sim<br \/>\nRaimundo Gomes de Matos &#8211; CE:\u00a0 Sim<br \/>\nRicardo Tripoli &#8211; SP: Sim<br \/>\nRocha &#8211; AC:\u00a0 Sim<br \/>\nRodrigo de Castro &#8211; MG:\u00a0 Sim<br \/>\nRossoni &#8211; PR:\u00a0 Sim<br \/>\nSamuel Moreira &#8211; SP:\u00a0 Sim<br \/>\nSh\u00e9ridan &#8211; RR: Sim<br \/>\nSilvio Torres &#8211; SP: Sim<br \/>\nVanderlei Macris &#8211; SP: Sim<br \/>\nVitor Lippi &#8211; SP: Sim<\/p>\n<p><strong>PSDC<\/strong><br \/>\nAluisio Mendes &#8211; MA:\u00a0 Sim<br \/>\nLuiz Carlos Ramos &#8211; RJ:\u00a0 Sim<\/p>\n<p><strong>PSOL<\/strong><br \/>\nChico Alencar &#8211; RJ: N\u00e3o<br \/>\nEdmilson Rodrigues &#8211; PA:\u00a0 N\u00e3o<br \/>\nIvan Valente &#8211; SP:\u00a0 N\u00e3o<br \/>\nJean Wyllys &#8211; RJ:\u00a0 N\u00e3o<\/p>\n<p><strong>PT<\/strong><br \/>\nAdelmo Carneiro Le\u00e3o &#8211; MG:\u00a0 N\u00e3o<br \/>\nAfonso Florence &#8211; BA:\u00a0 N\u00e3o<br \/>\nAlessandro Molon &#8211; RJ:\u00a0 N\u00e3o<br \/>\nAna Perugini &#8211; SP: N\u00e3o<br \/>\nAndres Sanchez &#8211; SP:\u00a0 N\u00e3o<br \/>\nAngelim &#8211; AC:\u00a0 N\u00e3o<br \/>\nArlindo Chinaglia &#8211; SP:\u00a0 N\u00e3o<br \/>\nAssis do Couto &#8211; PR:\u00a0 N\u00e3o<br \/>\nBenedita da Silva &#8211; RJ:\u00a0 N\u00e3o<br \/>\nBeto Faro &#8211; PA:\u00a0 N\u00e3o<br \/>\nBohn Gass &#8211; RS:\u00a0 N\u00e3o<br \/>\nCaetano &#8211; BA: N\u00e3o<br \/>\nCarlos Zarattini &#8211; SP:\u00a0 N\u00e3o<br \/>\nChico D Angelo &#8211; RJ:\u00a0 N\u00e3o<br \/>\nD\u00e9cio Lima &#8211; SC: N\u00e3o<br \/>\nEnio Verri &#8211; PR: N\u00e3o<br \/>\nErika Kokay &#8211; DF:\u00a0 N\u00e3o<br \/>\nFernando Marroni &#8211; RS:\u00a0 N\u00e3o<br \/>\nGabriel Guimar\u00e3es &#8211; MG:\u00a0 N\u00e3o<br \/>\nGivaldo Vieira &#8211; ES: N\u00e3o<br \/>\nHelder Salom\u00e3o &#8211; ES:\u00a0 N\u00e3o<br \/>\nHenrique Fontana &#8211; RS:\u00a0 N\u00e3o<br \/>\nJo\u00e3o Daniel &#8211; SE:\u00a0 N\u00e3o<br \/>\nJorge Solla &#8211; BA:\u00a0 N\u00e3o<br \/>\nJos\u00e9 Airton Cirilo &#8211; CE:\u00a0 N\u00e3o<br \/>\nJos\u00e9 Guimar\u00e3es &#8211; CE:\u00a0 N\u00e3o<br \/>\nJos\u00e9 Mentor &#8211; SP: N\u00e3o<br \/>\nLeo de Brito &#8211; AC:\u00a0 N\u00e3o<br \/>\nLeonardo Monteiro &#8211; MG: N\u00e3o<br \/>\nLuiz Couto &#8211; PB:\u00a0 N\u00e3o<br \/>\nLuiz S\u00e9rgio &#8211; RJ: N\u00e3o<br \/>\nLuizianne Lins &#8211; CE:\u00a0 N\u00e3o<br \/>\nMarco Maia &#8211; RS: N\u00e3o<br \/>\nMarcon &#8211; RS:\u00a0 N\u00e3o<br \/>\nMargarida Salom\u00e3o &#8211; MG: N\u00e3o<br \/>\nMaria do Ros\u00e1rio &#8211; RS:\u00a0 N\u00e3o<br \/>\nMoema Gramacho &#8211; BA:\u00a0 N\u00e3o<br \/>\nNilto Tatto &#8211; SP: N\u00e3o<br \/>\nOdorico Monteiro &#8211; CE: N\u00e3o<br \/>\nPadre Jo\u00e3o &#8211; MG:\u00a0 N\u00e3o<br \/>\nPaul\u00e3o &#8211; AL:\u00a0 N\u00e3o<br \/>\nPaulo Pimenta &#8211; RS:\u00a0 N\u00e3o<br \/>\nPaulo Teixeira &#8211; SP: N\u00e3o<br \/>\nPedro Uczai -SC: N\u00e3o<br \/>\nProfessora Marcivania &#8211; AP:\u00a0 N\u00e3o<br \/>\nReginaldo Lopes &#8211; MG:\u00a0 N\u00e3o<br \/>\nRubens Otoni &#8211; GO: N\u00e3o<br \/>\nS\u00e1guas Moraes &#8211; MT:\u00a0 N\u00e3o<br \/>\nSib\u00e1 Machado &#8211; AC: N\u00e3o<br \/>\nToninho Wandscheer &#8211; PR: N\u00e3o<br \/>\nValmir Assun\u00e7\u00e3o &#8211; BA:\u00a0 N\u00e3o<br \/>\nValmir Prascidelli &#8211; SP:\u00a0 N\u00e3o<br \/>\nVander Loubet &#8211; MS:\u00a0 N\u00e3o<br \/>\nVicente Candido &#8211; SP:\u00a0 N\u00e3o<br \/>\nVicentinho &#8211; SP:\u00a0 N\u00e3o<br \/>\nWadih Damous &#8211; RJ:\u00a0 N\u00e3o<br \/>\nWaldenor Pereira &#8211; BA:\u00a0 N\u00e3o<br \/>\nWeliton Prado &#8211; MG: Sim<br \/>\nZ\u00e9 Carlos &#8211; MA: N\u00e3o<br \/>\nZ\u00e9 Geraldo &#8211; PA:\u00a0 N\u00e3o<br \/>\nZeca Dirceu &#8211; PR:\u00a0 N\u00e3o<\/p>\n<p><strong>PTB<\/strong><br \/>\nAdalberto Cavalcanti &#8211; PE:\u00a0 Sim<br \/>\nAdelson Barreto &#8211; SE:\u00a0 Sim<br \/>\nAlex Canziani &#8211; PR:\u00a0 N\u00e3o<br \/>\nAntonio Brito &#8211; BA:\u00a0 N\u00e3o<br \/>\nArnaldo Faria de S\u00e1 &#8211; SP:\u00a0 Sim<br \/>\nArnon Bezerra &#8211; CE: Sim<br \/>\nBenito Gama &#8211; BA: Sim<br \/>\nCristiane Brasil &#8211; RJ:\u00a0 Sim<br \/>\nDeley &#8211; RJ:\u00a0 N\u00e3o<br \/>\nEros Biondini &#8211; MG: N\u00e3o<br \/>\nJorge C\u00f4rte Real &#8211; PE:\u00a0 Sim<br \/>\nJosu\u00e9 Bengtson &#8211; PA: Sim<br \/>\nJovair Arantes &#8211; GO:\u00a0 Sim<br \/>\nJozi Rocha &#8211; AP: Sim<br \/>\nLuiz Carlos Busato &#8211; RS:\u00a0 N\u00e3o<br \/>\nNelson Marquezelli &#8211; SP:\u00a0 Sim<br \/>\nNilton Capixaba &#8211; RO: Sim<br \/>\nPaes Landim &#8211; PI: Sim<br \/>\nPedro Fernandes &#8211; MA: N\u00e3o<br \/>\nRicardo Teobaldo &#8211; PE: Sim<br \/>\nRonaldo Nogueira &#8211; RS:\u00a0 Sim<br \/>\nS\u00e9rgio Moraes &#8211; RS:\u00a0 Sim<br \/>\nWalney Rocha &#8211; RJ: Sim<br \/>\nWilson Filho &#8211; PB:\u00a0 Sim<br \/>\nZeca Cavalcanti &#8211; PE: Sim<\/p>\n<p><strong>PTC<\/strong><br \/>\nBrunny &#8211; MG: Sim<br \/>\nUldurico Junior &#8211; BA: N\u00e3o<\/p>\n<p><strong>PTdoB<\/strong><br \/>\nLuis Tib\u00e9 &#8211; MG:\u00a0 Sim<br \/>\nPastor Franklin &#8211; MG:\u00a0 Sim<\/p>\n<p><strong>PTN<\/strong><br \/>\nBacelar &#8211; BA:\u00a0 N\u00e3o<br \/>\nChristiane de Souza Yared &#8211; PR:\u00a0 N\u00e3o<br \/>\nDelegado Edson Moreira &#8211; MG:\u00a0 Sim<br \/>\nRenata Abreu &#8211; SP:\u00a0 Sim<\/p>\n<p><strong>PV<\/strong><br \/>\nDr. Sinval Malheiros &#8211; SP:\u00a0 N\u00e3o<br \/>\nEvair de Melo &#8211; ES: N\u00e3o<br \/>\nEvandro Gussi &#8211; SP:\u00a0 N\u00e3o<br \/>\nF\u00e1bio Ramalho &#8211; MG:\u00a0 N\u00e3o<br \/>\nLeandre &#8211; PR: Sim<br \/>\nPenna &#8211; SP:\u00a0 Sim<br \/>\nSarney Filho &#8211; MA:\u00a0 N\u00e3o<\/p>\n<p><strong>Deputado sem partido<\/strong><br \/>\nCabo Daciolo &#8211; RJ:\u00a0 N\u00e3o<\/p>\n<p><strong>Solidariedade<\/strong><br \/>\nArthur Oliveira Maia &#8211; BA: Sim<br \/>\nAugusto Carvalho &#8211; DF:\u00a0 N\u00e3o<br \/>\nAugusto Coutinho &#8211; PE: Sim<br \/>\nAureo &#8211; RJ: N\u00e3o<br \/>\nBenjamin Maranh\u00e3o &#8211; PB:\u00a0 Sim<br \/>\nCarlos Manato &#8211; ES:\u00a0 Sim<br \/>\nElizeu Dionizio &#8211; MS: Sim<br \/>\nExpedito Netto &#8211; RO:\u00a0 N\u00e3o<br \/>\nEzequiel Teixeira &#8211; RJ: Sim<br \/>\nFernando Francischini &#8211; PR: Sim<br \/>\nGenecias Noronha &#8211; CE: Sim<br \/>\nJHC &#8211; AL: N\u00e3o<br \/>\nJos\u00e9 Maia Filho &#8211; PI: N\u00e3o<br \/>\nLaercio Oliveira &#8211; SE:\u00a0 Sim<br \/>\nLucas Vergilio &#8211; GO: Sim<br \/>\nPaulo Pereira da Silva &#8211; SP:\u00a0 Sim<br \/>\nZ\u00e9 Silva &#8211; MG: Sim<\/p>\n<p style=\"text-align: justify;\">\n<p style=\"text-align: justify;\">Fonte: G1 Bras\u00edlia<\/p>\n","protected":false},"excerpt":{"rendered":"<p>Na madrugada desta quarta-feira (1\u00ba), o plen\u00e1rio da C\u00e2mara dos Deputados rejeitou uma proposta de emenda \u00e0 Constitui\u00e7\u00e3o (PEC) que previa mudar a maioridade penal de 18 para 16 anos em caso de crimes graves. 303 deputados votaram a favor da proposta, mas eram necess\u00e1rios 308 votos para a aprova\u00e7\u00e3o, equivalente a 3\/5 do n\u00famero [&hellip;]<\/p>\n","protected":false},"author":4,"featured_media":4757,"comment_status":"closed","ping_status":"closed","sticky":false,"template":"","format":"standard","meta":{"footnotes":""},"categories":[37],"tags":[],"class_list":["post-4756","post","type-post","status-publish","format-standard","has-post-thumbnail","hentry","category-politica"],"_links":{"self":[{"href":"https:\/\/www.ocorreionews.com.br\/acervo-correio\/index.php?rest_route=\/wp\/v2\/posts\/4756","targetHints":{"allow":["GET"]}}],"collection":[{"href":"https:\/\/www.ocorreionews.com.br\/acervo-correio\/index.php?rest_route=\/wp\/v2\/posts"}],"about":[{"href":"https:\/\/www.ocorreionews.com.br\/acervo-correio\/index.php?rest_route=\/wp\/v2\/types\/post"}],"author":[{"embeddable":true,"href":"https:\/\/www.ocorreionews.com.br\/acervo-correio\/index.php?rest_route=\/wp\/v2\/users\/4"}],"replies":[{"embeddable":true,"href":"https:\/\/www.ocorreionews.com.br\/acervo-correio\/index.php?rest_route=%2Fwp%2Fv2%2Fcomments&post=4756"}],"version-history":[{"count":0,"href":"https:\/\/www.ocorreionews.com.br\/acervo-correio\/index.php?rest_route=\/wp\/v2\/posts\/4756\/revisions"}],"wp:featuredmedia":[{"embeddable":true,"href":"https:\/\/www.ocorreionews.com.br\/acervo-correio\/index.php?rest_route=\/wp\/v2\/media\/4757"}],"wp:attachment":[{"href":"https:\/\/www.ocorreionews.com.br\/acervo-correio\/index.php?rest_route=%2Fwp%2Fv2%2Fmedia&parent=4756"}],"wp:term":[{"taxonomy":"category","embeddable":true,"href":"https:\/\/www.ocorreionews.com.br\/acervo-correio\/index.php?rest_route=%2Fwp%2Fv2%2Fcategories&post=4756"},{"taxonomy":"post_tag","embeddable":true,"href":"https:\/\/www.ocorreionews.com.br\/acervo-correio\/index.php?rest_route=%2Fwp%2Fv2%2Ftags&post=4756"}],"curies":[{"name":"wp","href":"https:\/\/api.w.org\/{rel}","templated":true}]}}