{"id":4759,"date":"2015-07-01T12:41:42","date_gmt":"2015-07-01T16:41:42","guid":{"rendered":"https:\/\/ocorreionews.com.br\/?p=4759"},"modified":"2015-07-01T12:41:42","modified_gmt":"2015-07-01T16:41:42","slug":"governo-dilma-tem-aprovacao-de-9-aponta-pesquisa-ibope","status":"publish","type":"post","link":"https:\/\/www.ocorreionews.com.br\/acervo-correio\/?p=4759","title":{"rendered":"Governo Dilma tem aprova\u00e7\u00e3o de 9%, aponta pesquisa Ibope"},"content":{"rendered":"<p><a href=\"https:\/\/ocorreionews.com.br\/wp-content\/uploads\/2015\/07\/pesquisaibope_avaliacao_do_governo.jpg\"><img loading=\"lazy\" decoding=\"async\" class=\" size-full wp-image-4760 alignleft\" src=\"https:\/\/ocorreionews.com.br\/wp-content\/uploads\/2015\/07\/pesquisaibope_avaliacao_do_governo.jpg\" alt=\"pesquisaibope_avaliacao_do_governo\" width=\"290\" height=\"489\" srcset=\"https:\/\/www.ocorreionews.com.br\/acervo-correio\/wp-content\/uploads\/2015\/07\/pesquisaibope_avaliacao_do_governo.jpg 290w, https:\/\/www.ocorreionews.com.br\/acervo-correio\/wp-content\/uploads\/2015\/07\/pesquisaibope_avaliacao_do_governo-178x300.jpg 178w\" sizes=\"auto, (max-width: 290px) 100vw, 290px\" \/><\/a>Pesquisa Ibope divulgada nesta quarta-feira (1\u00ba) aponta os seguintes percentuais sobre como os eleitores avaliam o governo da presidente Dilma Rousseff (PT):<br \/>\n&#8211; \u00d3timo\/bom: 9%<br \/>\n&#8211; Regular: 21%<br \/>\n&#8211; Ruim\/p\u00e9ssimo: 68%<br \/>\n&#8211; N\u00e3o sabe: 1%<\/p>\n<p>A pesquisa anterior, <a href=\"http:\/\/g1.globo.com\/politica\/noticia\/2015\/04\/governo-dilma-tem-aprovacao-de-12-indica-pesquisa-ibope.html\">divulgada em abril deste ano<\/a>, havia apontado que 12% aprovavam o governo (consideravam &#8220;\u00f3timo&#8221; ou &#8220;bom&#8221;). No \u00faltimo levantamento, 64% dos entrevistados avaliaram a administra\u00e7\u00e3o Dilma como &#8220;ruim&#8221; ou &#8220;p\u00e9ssima&#8221;. J\u00e1 23% consideraram a gest\u00e3o &#8220;regular&#8221;.<\/p>\n<p>O levantamento do Ibope, encomendado pela Confedera\u00e7\u00e3o Nacional da Ind\u00fastria (CNI), foi realizado entre os dias 18 e 21 de junho e ouviu 2.002 pessoas em 141 munic\u00edpios. A margem de erro \u00e9 de dois pontos percentuais para mais ou para menos.<\/p>\n<p>O n\u00edvel de confian\u00e7a da pesquisa \u00e9 de 95%, o que quer dizer que, se levarmos em conta a margem de erro de dois pontos, a probabilidade de o resultado retratar a realidade \u00e9 de 95%.<\/p>\n<p><strong>Confian\u00e7a<\/strong><br \/>\n&#8211; 20% dos entrevistados disseram ter confian\u00e7a na presidente Dilma<br \/>\n&#8211; 78% afirmaram n\u00e3o confiar na petista<br \/>\n&#8211; 3% n\u00e3o souberam ou n\u00e3o opinaram<\/p>\n<p><strong>Maneira de governar<\/strong><br \/>\nO percentual dos eleitores que aprovam a maneira de governar de Dilma passou dos 19% registrados no levantamento anterior para 15% nesta pesquisa. Veja os n\u00fameros:<\/p>\n<p>&#8211; aprovam a maneira de governar: 19%<br \/>\n&#8211; desaprovam: 83%<br \/>\n&#8211; n\u00e3o quiseram ou n\u00e3o souberam responder: 2%<\/p>\n<div class=\"saibamais componente_materia\"><strong>Segundo mandato<\/strong><br \/>\nA pesquisa indicou ainda como os brasileiros est\u00e3o avaliando o segundo mandato da petista.<\/div>\n<p>&#8211; 82% avaliam que o segundo mandato est\u00e1 sendo pior que o primeiro<br \/>\n&#8211; 14% apontam a gest\u00e3o como igual \u00e0 anterior<br \/>\n&#8211; 3% consideram a administra\u00e7\u00e3o no segundo mandato melhor<\/p>\n<p><strong>Restante do mandato<\/strong><br \/>\n&#8211; 11% da popula\u00e7\u00e3o acredita que o restante do segundo governo ser\u00e1 \u00f3timo ou bom<br \/>\n&#8211; 61% consideram que ser\u00e1 ruim ou p\u00e9ssimo<br \/>\n&#8211; 23% acham que ser\u00e1 regular<br \/>\n&#8211; 5% n\u00e3o quiseram ou n\u00e3o souberam responder.<\/p>\n<p><strong>Not\u00edcias sobre o governo<\/strong><br \/>\nA pesquisa Ibope tamb\u00e9m avaliou a percep\u00e7\u00e3o da popula\u00e7\u00e3o sobre as not\u00edcias sobre o governo veiculadas pela imprensa:<\/p>\n<p>&#8211; Mais favor\u00e1veis: 8%<br \/>\n&#8211; Mais desfavor\u00e1veis: 64%<br \/>\n&#8211; Nem favor\u00e1vel nem desfavor\u00e1vel: 17%<br \/>\n&#8211; N\u00e3o souberam\/n\u00e3o responderam: 11%<\/p>\n<p><strong>Not\u00edcias mais lembradas<\/strong><br \/>\nConforme o levantamento, as not\u00edcias sobre o governo mais lembradas pela popula\u00e7\u00e3o foram as seguintes:<\/p>\n<p>&#8211; Opera\u00e7\u00e3o Lava Jato\/Petrobras: 20%<br \/>\n&#8211; mudan\u00e7as na aposentadoria: 16%<br \/>\n&#8211; mudan\u00e7as no seguro-desemprego: 8%<br \/>\n&#8211; corrup\u00e7\u00e3o no governo: 6%<br \/>\n&#8211; infla\u00e7\u00e3o: 4%<\/p>\n<p><em>A pesquisa Ibope tamb\u00e9m divulgou dados referentes \u00e0 aprova\u00e7\u00e3o do governo por \u00e1rea. Veja os resultados:<\/em><\/p>\n<p><strong>Combate \u00e0 fome e \u00e0 pobreza<\/strong><br \/>\nAprovam: 29%<br \/>\nDesaprovam: 68%<br \/>\nN\u00e3o souberam\/n\u00e3o responderam: 3%<\/p>\n<p><strong>Meio Ambiente<\/strong><br \/>\nAprovam: 27%<br \/>\nDesaprovam: 63%<br \/>\nN\u00e3o souberam\/n\u00e3o responderam: 9%<\/p>\n<p><strong>Educa\u00e7\u00e3o<\/strong><br \/>\nAprovam: 24%<br \/>\nDesaprovam: 74%<br \/>\nN\u00e3o souberam\/n\u00e3o responderam: 2%<\/p>\n<p><strong>Combate ao desemprego<\/strong><br \/>\nAprovam: 15%<br \/>\nDesaprovam: 83%<br \/>\nN\u00e3o souberam\/n\u00e3o responderam: 2%<\/p>\n<p><strong>Seguran\u00e7a p\u00fablica<\/strong><br \/>\nAprovam: 14%<br \/>\nDesaprovam: 84%<br \/>\nN\u00e3o souberam\/n\u00e3o responderam: 2%<\/p>\n<p><strong>Sa\u00fade<\/strong><br \/>\nAprovam: 13%<br \/>\nDesaprovam: 86%<br \/>\nN\u00e3o souberam\/n\u00e3o responderam: 1%<\/p>\n<p><strong>Combate \u00e0 infla\u00e7\u00e3o<\/strong><br \/>\nAprovam: 11%<br \/>\nDesaprovam: 86%<br \/>\nN\u00e3o souberam\/n\u00e3o responderam: 3%<\/p>\n<p><strong>Impostos<\/strong><br \/>\nAprovam: 7%<br \/>\nDesaprovam: 90%<br \/>\nN\u00e3o souberam\/n\u00e3o responderam: 3%<\/p>\n<p><strong>Taxa de juros<\/strong><br \/>\nAprovam: 6%<br \/>\nDesaprovam: 90%<br \/>\nN\u00e3o souberam\/n\u00e3o responderam: 4%<\/p>\n<p>&nbsp;<\/p>\n<p><span class=\"adr\"><span class=\"locality\">Do G1, em Bras\u00edlia<\/span><\/span><\/p>\n","protected":false},"excerpt":{"rendered":"<p>Pesquisa Ibope divulgada nesta quarta-feira (1\u00ba) aponta os seguintes percentuais sobre como os eleitores avaliam o governo da presidente Dilma Rousseff (PT): &#8211; \u00d3timo\/bom: 9% &#8211; Regular: 21% &#8211; Ruim\/p\u00e9ssimo: 68% &#8211; N\u00e3o sabe: 1% A pesquisa anterior, divulgada em abril deste ano, havia apontado que 12% aprovavam o governo (consideravam &#8220;\u00f3timo&#8221; ou &#8220;bom&#8221;). No [&hellip;]<\/p>\n","protected":false},"author":4,"featured_media":4761,"comment_status":"closed","ping_status":"closed","sticky":false,"template":"","format":"standard","meta":{"footnotes":""},"categories":[37],"tags":[],"class_list":["post-4759","post","type-post","status-publish","format-standard","has-post-thumbnail","hentry","category-politica"],"_links":{"self":[{"href":"https:\/\/www.ocorreionews.com.br\/acervo-correio\/index.php?rest_route=\/wp\/v2\/posts\/4759","targetHints":{"allow":["GET"]}}],"collection":[{"href":"https:\/\/www.ocorreionews.com.br\/acervo-correio\/index.php?rest_route=\/wp\/v2\/posts"}],"about":[{"href":"https:\/\/www.ocorreionews.com.br\/acervo-correio\/index.php?rest_route=\/wp\/v2\/types\/post"}],"author":[{"embeddable":true,"href":"https:\/\/www.ocorreionews.com.br\/acervo-correio\/index.php?rest_route=\/wp\/v2\/users\/4"}],"replies":[{"embeddable":true,"href":"https:\/\/www.ocorreionews.com.br\/acervo-correio\/index.php?rest_route=%2Fwp%2Fv2%2Fcomments&post=4759"}],"version-history":[{"count":0,"href":"https:\/\/www.ocorreionews.com.br\/acervo-correio\/index.php?rest_route=\/wp\/v2\/posts\/4759\/revisions"}],"wp:featuredmedia":[{"embeddable":true,"href":"https:\/\/www.ocorreionews.com.br\/acervo-correio\/index.php?rest_route=\/wp\/v2\/media\/4761"}],"wp:attachment":[{"href":"https:\/\/www.ocorreionews.com.br\/acervo-correio\/index.php?rest_route=%2Fwp%2Fv2%2Fmedia&parent=4759"}],"wp:term":[{"taxonomy":"category","embeddable":true,"href":"https:\/\/www.ocorreionews.com.br\/acervo-correio\/index.php?rest_route=%2Fwp%2Fv2%2Fcategories&post=4759"},{"taxonomy":"post_tag","embeddable":true,"href":"https:\/\/www.ocorreionews.com.br\/acervo-correio\/index.php?rest_route=%2Fwp%2Fv2%2Ftags&post=4759"}],"curies":[{"name":"wp","href":"https:\/\/api.w.org\/{rel}","templated":true}]}}