{"id":4768,"date":"2015-07-01T13:06:01","date_gmt":"2015-07-01T17:06:01","guid":{"rendered":"https:\/\/ocorreionews.com.br\/?p=4768"},"modified":"2015-07-01T13:06:01","modified_gmt":"2015-07-01T17:06:01","slug":"prefeitura-de-costa-rica-instala-mais-de-350-grelhas-em-bocas-de-lobo-da-cidade","status":"publish","type":"post","link":"https:\/\/www.ocorreionews.com.br\/acervo-correio\/?p=4768","title":{"rendered":"Prefeitura de Costa Rica instala mais de 350 grelhas em bocas de lobo da cidade"},"content":{"rendered":"<div class=\"marginBottom30px link-Internas\">\n<p><a href=\"https:\/\/ocorreionews.com.br\/wp-content\/uploads\/2015\/07\/boca-lobos-2.jpg\"><img loading=\"lazy\" decoding=\"async\" class=\"  wp-image-4769 alignleft\" src=\"https:\/\/ocorreionews.com.br\/wp-content\/uploads\/2015\/07\/boca-lobos-2.jpg\" alt=\"boca lobos 2\" width=\"394\" height=\"262\" srcset=\"https:\/\/www.ocorreionews.com.br\/acervo-correio\/wp-content\/uploads\/2015\/07\/boca-lobos-2.jpg 800w, https:\/\/www.ocorreionews.com.br\/acervo-correio\/wp-content\/uploads\/2015\/07\/boca-lobos-2-300x200.jpg 300w\" sizes=\"auto, (max-width: 394px) 100vw, 394px\" \/><\/a>A Secretaria Municipal de Transportes, Urbaniza\u00e7\u00e3o e Obras P\u00fablicas est\u00e1 realizando um trabalho intenso de recupera\u00e7\u00e3o das bocas de lobo da cidade, com a limpeza e a instala\u00e7\u00e3o de grades de prote\u00e7\u00e3o em todos os bueiros existentes na cidade.<\/p>\n<p>\u201cEssas a\u00e7\u00f5es ajudar\u00e1 na quest\u00e3o da limpeza desses locais, bem como no combate \u00e0 Dengue. Com as chuvas, o lixo ir\u00e1 parar nas grades de prote\u00e7\u00e3o e evitar\u00e1 o entupimento dos bueiros e acidentes\u201d, enfatizou o prefeito Waldeli dos Santos Rosa.<\/p>\n<p>Conforme o assessor de Obras Aparecido Lacerda \u2018Pav\u00e3o\u2019, de 2013 a junho de 2015 j\u00e1 foram colocadas em Costa Rica 350 grelhas nas bocas de lobos, sendo que somente no primeiro semestre deste ano esse n\u00famero j\u00e1 ultrapassa as 150 instala\u00e7\u00f5es.<\/p>\n<p>\u201cTrata-se de um trabalho de preven\u00e7\u00e3o de riscos a comunidade que faz parte da miss\u00e3o di\u00e1ria da Administra\u00e7\u00e3o Municipal de vistoriar a necessidade de manuten\u00e7\u00e3o e desentupimento das bocas de lobo espalhadas por toda cidade\u201d, explicou Pav\u00e3o.<\/p>\n<p>De acordo com o secret\u00e1rio da pasta Renato Barbosa de Melo, a reforma \u00e9 importante e esses trabalhos s\u00e3o realizados constantemente.<\/p>\n<p>\u201cEsse trabalho \u00e9 rotineiro, sempre que se faz necess\u00e1rio realizamos a reforma dessas caixas, pois muitas vezes elas encontram-se quebradas, em decorr\u00eancia de grandes entupimentos ou devido as fortes chuvas. Manter as caixas de bocas de lobo em perfeito estado \u00e9 de extrema import\u00e2ncia, tanto para o escoamento das \u00e1guas, quanto para manter a seguran\u00e7a dos pedestres\u201d, concluiu Barbosa.<\/p>\n<\/div>\n<div class=\"marginBottom30px link-Internas\">ASSECOM\/PMCR<\/div>\n","protected":false},"excerpt":{"rendered":"<p>A Secretaria Municipal de Transportes, Urbaniza\u00e7\u00e3o e Obras P\u00fablicas est\u00e1 realizando um trabalho intenso de recupera\u00e7\u00e3o das bocas de lobo da cidade, com a limpeza e a instala\u00e7\u00e3o de grades de prote\u00e7\u00e3o em todos os bueiros existentes na cidade. \u201cEssas a\u00e7\u00f5es ajudar\u00e1 na quest\u00e3o da limpeza desses locais, bem como no combate \u00e0 Dengue. Com [&hellip;]<\/p>\n","protected":false},"author":4,"featured_media":4770,"comment_status":"closed","ping_status":"closed","sticky":false,"template":"","format":"standard","meta":{"footnotes":""},"categories":[25],"tags":[],"class_list":["post-4768","post","type-post","status-publish","format-standard","has-post-thumbnail","hentry","category-costa-rica"],"_links":{"self":[{"href":"https:\/\/www.ocorreionews.com.br\/acervo-correio\/index.php?rest_route=\/wp\/v2\/posts\/4768","targetHints":{"allow":["GET"]}}],"collection":[{"href":"https:\/\/www.ocorreionews.com.br\/acervo-correio\/index.php?rest_route=\/wp\/v2\/posts"}],"about":[{"href":"https:\/\/www.ocorreionews.com.br\/acervo-correio\/index.php?rest_route=\/wp\/v2\/types\/post"}],"author":[{"embeddable":true,"href":"https:\/\/www.ocorreionews.com.br\/acervo-correio\/index.php?rest_route=\/wp\/v2\/users\/4"}],"replies":[{"embeddable":true,"href":"https:\/\/www.ocorreionews.com.br\/acervo-correio\/index.php?rest_route=%2Fwp%2Fv2%2Fcomments&post=4768"}],"version-history":[{"count":0,"href":"https:\/\/www.ocorreionews.com.br\/acervo-correio\/index.php?rest_route=\/wp\/v2\/posts\/4768\/revisions"}],"wp:featuredmedia":[{"embeddable":true,"href":"https:\/\/www.ocorreionews.com.br\/acervo-correio\/index.php?rest_route=\/wp\/v2\/media\/4770"}],"wp:attachment":[{"href":"https:\/\/www.ocorreionews.com.br\/acervo-correio\/index.php?rest_route=%2Fwp%2Fv2%2Fmedia&parent=4768"}],"wp:term":[{"taxonomy":"category","embeddable":true,"href":"https:\/\/www.ocorreionews.com.br\/acervo-correio\/index.php?rest_route=%2Fwp%2Fv2%2Fcategories&post=4768"},{"taxonomy":"post_tag","embeddable":true,"href":"https:\/\/www.ocorreionews.com.br\/acervo-correio\/index.php?rest_route=%2Fwp%2Fv2%2Ftags&post=4768"}],"curies":[{"name":"wp","href":"https:\/\/api.w.org\/{rel}","templated":true}]}}