{"id":4772,"date":"2015-07-01T13:10:08","date_gmt":"2015-07-01T17:10:08","guid":{"rendered":"https:\/\/ocorreionews.com.br\/?p=4772"},"modified":"2015-07-01T13:10:08","modified_gmt":"2015-07-01T17:10:08","slug":"governador-recebe-comitiva-de-paraiso-das-aguas-e-analisa-demandas-do-municipio","status":"publish","type":"post","link":"https:\/\/www.ocorreionews.com.br\/acervo-correio\/?p=4772","title":{"rendered":"Governador recebe comitiva de Para\u00edso das \u00c1guas e analisa demandas do munic\u00edpio"},"content":{"rendered":"<p style=\"text-align: justify;\"><span style=\"font-family: 'trebuchet ms'; font-size: small;\">O governador Reinaldo Azambuja recebeu na tarde desta ter\u00e7a-feira (30), o prefeito de Para\u00edso das \u00c1guas, Ivan da Cruz Pereira, que estava acompanhado de uma comitiva composta por secret\u00e1rios municipais e vereadores, para discutir sobre melhorias para o munic\u00edpio.<\/span><\/p>\n<p style=\"text-align: justify;\"><span style=\"font-family: 'trebuchet ms'; font-size: small;\">Foi entregue ao governador um of\u00edcio com demandas para a constru\u00e7\u00e3o de pontes de concretos, recapeamento asf\u00e1ltico, constru\u00e7\u00e3o de uma nova delegacia de pol\u00edcia e apoio do Governo do Estado para a instala\u00e7\u00e3o de uma ag\u00eancia banc\u00e1ria do Banco do Brasil em Para\u00edso das \u00c1guas.<\/span><\/p>\n<p style=\"text-align: justify;\"><span style=\"font-family: 'trebuchet ms'; font-size: small;\">De acordo com o prefeito Ivan da Cruz Pereira, todas essas solicita\u00e7\u00f5es s\u00e3o grandes anseios da popula\u00e7\u00e3o. \u201cTudo o que estamos solicitando ao governador Reinaldo, s\u00e3o demandas que v\u00e3o melhorar a vida da popula\u00e7\u00e3o de Para\u00edso das \u00c1guas, e principalmente, trazer mais desenvolvimento para o munic\u00edpio\u201d, afirmou.<\/span><\/p>\n<p style=\"text-align: justify;\"><span style=\"font-family: 'trebuchet ms'; font-size: small;\">O prefeito disse ainda que todos os pedidos feitos ao governador ser\u00e3o analisados e que em breve a obra de pavimenta\u00e7\u00e3o da rodovia MS 320 com a MS 316, ser\u00e1 finalizada. \u201cNossos pedidos ser\u00e3o analisados pelo Governo para entrar no pacote de aux\u00edlio aos munic\u00edpios, e as obras da rodovia MS 320 com a MS 316, dentro do distrito de Pouso Alto, j\u00e1 est\u00e1 em andamento\u201d, finalizou.<\/span><\/p>\n<p style=\"text-align: justify;\"><span style=\"font-family: 'trebuchet ms'; font-size: small;\">Fonte: Idest<\/span><\/p>\n","protected":false},"excerpt":{"rendered":"<p>O governador Reinaldo Azambuja recebeu na tarde desta ter\u00e7a-feira (30), o prefeito de Para\u00edso das \u00c1guas, Ivan da Cruz Pereira, que estava acompanhado de uma comitiva composta por secret\u00e1rios municipais e vereadores, para discutir sobre melhorias para o munic\u00edpio. Foi entregue ao governador um of\u00edcio com demandas para a constru\u00e7\u00e3o de pontes de concretos, recapeamento [&hellip;]<\/p>\n","protected":false},"author":4,"featured_media":4774,"comment_status":"closed","ping_status":"closed","sticky":false,"template":"","format":"standard","meta":{"footnotes":""},"categories":[36],"tags":[],"class_list":["post-4772","post","type-post","status-publish","format-standard","has-post-thumbnail","hentry","category-paraiso-das-aguas"],"_links":{"self":[{"href":"https:\/\/www.ocorreionews.com.br\/acervo-correio\/index.php?rest_route=\/wp\/v2\/posts\/4772","targetHints":{"allow":["GET"]}}],"collection":[{"href":"https:\/\/www.ocorreionews.com.br\/acervo-correio\/index.php?rest_route=\/wp\/v2\/posts"}],"about":[{"href":"https:\/\/www.ocorreionews.com.br\/acervo-correio\/index.php?rest_route=\/wp\/v2\/types\/post"}],"author":[{"embeddable":true,"href":"https:\/\/www.ocorreionews.com.br\/acervo-correio\/index.php?rest_route=\/wp\/v2\/users\/4"}],"replies":[{"embeddable":true,"href":"https:\/\/www.ocorreionews.com.br\/acervo-correio\/index.php?rest_route=%2Fwp%2Fv2%2Fcomments&post=4772"}],"version-history":[{"count":0,"href":"https:\/\/www.ocorreionews.com.br\/acervo-correio\/index.php?rest_route=\/wp\/v2\/posts\/4772\/revisions"}],"wp:featuredmedia":[{"embeddable":true,"href":"https:\/\/www.ocorreionews.com.br\/acervo-correio\/index.php?rest_route=\/wp\/v2\/media\/4774"}],"wp:attachment":[{"href":"https:\/\/www.ocorreionews.com.br\/acervo-correio\/index.php?rest_route=%2Fwp%2Fv2%2Fmedia&parent=4772"}],"wp:term":[{"taxonomy":"category","embeddable":true,"href":"https:\/\/www.ocorreionews.com.br\/acervo-correio\/index.php?rest_route=%2Fwp%2Fv2%2Fcategories&post=4772"},{"taxonomy":"post_tag","embeddable":true,"href":"https:\/\/www.ocorreionews.com.br\/acervo-correio\/index.php?rest_route=%2Fwp%2Fv2%2Ftags&post=4772"}],"curies":[{"name":"wp","href":"https:\/\/api.w.org\/{rel}","templated":true}]}}