{"id":4828,"date":"2015-07-01T13:48:10","date_gmt":"2015-07-01T17:48:10","guid":{"rendered":"https:\/\/ocorreionews.com.br\/?p=4828"},"modified":"2015-07-01T13:48:10","modified_gmt":"2015-07-01T17:48:10","slug":"semana-dos-bombeiros-alunos-da-apae-visitaram-quartel","status":"publish","type":"post","link":"https:\/\/www.ocorreionews.com.br\/acervo-correio\/?p=4828","title":{"rendered":"Semana dos Bombeiros: Alunos da APAE visitaram quartel"},"content":{"rendered":"<p>Nesta semana iniciam-se as comemora\u00e7\u00f5es ao Dia dos Bombeiros. Em Chapad\u00e3o do Sul, o 7\u00ba Agrupamento dos Bombeiros recebeu nessa manh\u00e3 a visita dos alunos da APAE, onde os soldados dos bombeiros realizaram uma s\u00e9rie de atividades de entretenimento com eles, como voltas nos carros dos bombeiros e tamb\u00e9m desceram em uma mini tirolesa, e logo ap\u00f3s foi servido um lanche para os alunos. Para finalizar o aluno Maicon contou duas musicas onde emocionaram as pessoas presentes.<\/p>\n<p>Amanh\u00e3 dia 02 comemora-se em todo o Pa\u00eds a data da Funda\u00e7\u00e3o da primeira unidade Militar dos Bombeiros. Est\u00e1 previsto para ser realizada a Alvorada Festiva, com todos os bombeiros.<\/p>\n<p><strong><a href=\"https:\/\/ocorreionews.com.br\/2015\/07\/01\/alunos-da-apae-visitam-quartel-dos-bombeiros\/\" target=\"_blank\">VEJA AS FOTOS<\/a><\/strong><\/p>\n<p>Na sexta-feira dia 03, ser\u00e1 realizado a partir das 8hs30, um curso de primeiros socorros dirigido especialmente aos integrantes da Imprensa da cidade.<\/p>\n","protected":false},"excerpt":{"rendered":"<p>Nesta semana iniciam-se as comemora\u00e7\u00f5es ao Dia dos Bombeiros. Em Chapad\u00e3o do Sul, o 7\u00ba Agrupamento dos Bombeiros recebeu nessa manh\u00e3 a visita dos alunos da APAE, onde os soldados dos bombeiros realizaram uma s\u00e9rie de atividades de entretenimento com eles, como voltas nos carros dos bombeiros e tamb\u00e9m desceram em uma mini tirolesa, e [&hellip;]<\/p>\n","protected":false},"author":4,"featured_media":4824,"comment_status":"closed","ping_status":"closed","sticky":false,"template":"","format":"standard","meta":{"footnotes":""},"categories":[23],"tags":[],"class_list":["post-4828","post","type-post","status-publish","format-standard","has-post-thumbnail","hentry","category-chapadao-do-sul"],"_links":{"self":[{"href":"https:\/\/www.ocorreionews.com.br\/acervo-correio\/index.php?rest_route=\/wp\/v2\/posts\/4828","targetHints":{"allow":["GET"]}}],"collection":[{"href":"https:\/\/www.ocorreionews.com.br\/acervo-correio\/index.php?rest_route=\/wp\/v2\/posts"}],"about":[{"href":"https:\/\/www.ocorreionews.com.br\/acervo-correio\/index.php?rest_route=\/wp\/v2\/types\/post"}],"author":[{"embeddable":true,"href":"https:\/\/www.ocorreionews.com.br\/acervo-correio\/index.php?rest_route=\/wp\/v2\/users\/4"}],"replies":[{"embeddable":true,"href":"https:\/\/www.ocorreionews.com.br\/acervo-correio\/index.php?rest_route=%2Fwp%2Fv2%2Fcomments&post=4828"}],"version-history":[{"count":0,"href":"https:\/\/www.ocorreionews.com.br\/acervo-correio\/index.php?rest_route=\/wp\/v2\/posts\/4828\/revisions"}],"wp:featuredmedia":[{"embeddable":true,"href":"https:\/\/www.ocorreionews.com.br\/acervo-correio\/index.php?rest_route=\/wp\/v2\/media\/4824"}],"wp:attachment":[{"href":"https:\/\/www.ocorreionews.com.br\/acervo-correio\/index.php?rest_route=%2Fwp%2Fv2%2Fmedia&parent=4828"}],"wp:term":[{"taxonomy":"category","embeddable":true,"href":"https:\/\/www.ocorreionews.com.br\/acervo-correio\/index.php?rest_route=%2Fwp%2Fv2%2Fcategories&post=4828"},{"taxonomy":"post_tag","embeddable":true,"href":"https:\/\/www.ocorreionews.com.br\/acervo-correio\/index.php?rest_route=%2Fwp%2Fv2%2Ftags&post=4828"}],"curies":[{"name":"wp","href":"https:\/\/api.w.org\/{rel}","templated":true}]}}