{"id":5253,"date":"2015-07-11T07:28:32","date_gmt":"2015-07-11T11:28:32","guid":{"rendered":"https:\/\/ocorreionews.com.br\/?p=5253"},"modified":"2015-07-11T07:28:32","modified_gmt":"2015-07-11T11:28:32","slug":"homem-baleado-dirige-130-km-para-buscar-socorro-no-hospital-auxiliadora","status":"publish","type":"post","link":"https:\/\/www.ocorreionews.com.br\/acervo-correio\/?p=5253","title":{"rendered":"Homem baleado dirige 130 km para buscar socorro no Hospital Auxiliadora"},"content":{"rendered":"<div class=\"content_text_10702\">\n<p>Um desentendimento entre dois funcion\u00e1rios de uma transportadora que presta servi\u00e7o para uma empresa de celulose quase terminou em trag\u00e9dia ap\u00f3s troca de tiros .<\/p>\n<p>De acordo com informa\u00e7\u00f5es de um representante da empresa, os parceiros de trabalho estavam no munic\u00edpio \u00c1gua Clara (MS), distante 130 km de Tr\u00eas Lagoas, quando iniciaram uma discuss\u00e3o na tarde de ontem que terminou com uma troca de tiros.<\/p>\n<p>Informa\u00e7\u00f5es extraoficiais apontam que um dos homens envolvidos, identificado como F.B.S., 21 anos, foi atingido por tr\u00eas sendo dois deles no bra\u00e7o e um nas costas.<\/p>\n<p>O jovem ao notar que estava ferido pegou o seu veiculo e mesmo ferido dirigiu na busca de socorro at\u00e9 a cidade de Tr\u00eas Lagoas, por\u00e9m ao chegar nas proximidades do munic\u00edpio de Garcia, distante 50 km de Seu destino, a gasolina de seu carro acabou e o jovem foi auxiliado por populares que o encaminharam at\u00e9 o Hospital Auxiliadora.<\/p>\n<p>Por volta das 16h 30m a Pol\u00edcia Militar foi notificada da entrada de um homem ferido por arma de fogo na unidade de sa\u00fade e se deslocou at\u00e9 o local para verificar a situa\u00e7\u00e3o.<\/p>\n<p>Ainda n\u00e3o se sabe o motivo da discuss\u00e3o e a Pol\u00edcia investiga o que ocasionou a briga.<\/p>\n<\/div>\n<div class=\"content_3292 galeria-folio\">\n<div id=\"links_3292\" class=\"galeria-folio-interna mb20\">\n<div class=\"\">\n<div>\n<div><a title=\"\" href=\"http:\/\/www.tlnoticias.com.br\/media\/gallery\/3292\/3292\/55a07a491ae13e9dc6acf25abefd042fd5be5a0f5cb2d_55a052e8c0b06768ceddf12381b00988c9211ec7443b0_img_0117.jpg\"> <img loading=\"lazy\" decoding=\"async\" src=\"http:\/\/www.tlnoticias.com.br\/base\/www\/tlnoticias.com.br\/media\/gallery\/3292\/3292\/tmp\/thumb319x239x4-55a07a491ae13e9dc6acf25abefd042fd5be5a0f5cb2d_55a052e8c0b06768ceddf12381b00988c9211ec7443b0_img_0117.jpg\" alt=\"\" width=\"319\" height=\"239\" \/> <\/a><\/div>\n<\/div>\n<\/div>\n<div class=\"\">\n<div>\n<div><a title=\"\" href=\"http:\/\/www.tlnoticias.com.br\/media\/gallery\/3292\/3292\/55a07a4b39b656e8c3c6af8b7e38e22f59d1caad9ccdd_55a052e9c9bf0f61c2115d37ac65b9c803c9b18997a12_img_0120.jpg\"> <img loading=\"lazy\" decoding=\"async\" src=\"http:\/\/www.tlnoticias.com.br\/base\/www\/tlnoticias.com.br\/media\/gallery\/3292\/3292\/tmp\/thumb319x239x4-55a07a4b39b656e8c3c6af8b7e38e22f59d1caad9ccdd_55a052e9c9bf0f61c2115d37ac65b9c803c9b18997a12_img_0120.jpg\" alt=\"\" width=\"319\" height=\"239\" \/> <\/a><\/div>\n<div>TL Noticias<\/div>\n<\/div>\n<\/div>\n<\/div>\n<\/div>\n","protected":false},"excerpt":{"rendered":"<p>Um desentendimento entre dois funcion\u00e1rios de uma transportadora que presta servi\u00e7o para uma empresa de celulose quase terminou em trag\u00e9dia ap\u00f3s troca de tiros . De acordo com informa\u00e7\u00f5es de um representante da empresa, os parceiros de trabalho estavam no munic\u00edpio \u00c1gua Clara (MS), distante 130 km de Tr\u00eas Lagoas, quando iniciaram uma discuss\u00e3o na [&hellip;]<\/p>\n","protected":false},"author":4,"featured_media":5254,"comment_status":"closed","ping_status":"closed","sticky":false,"template":"","format":"standard","meta":{"footnotes":""},"categories":[38],"tags":[],"class_list":["post-5253","post","type-post","status-publish","format-standard","has-post-thumbnail","hentry","category-policia"],"_links":{"self":[{"href":"https:\/\/www.ocorreionews.com.br\/acervo-correio\/index.php?rest_route=\/wp\/v2\/posts\/5253","targetHints":{"allow":["GET"]}}],"collection":[{"href":"https:\/\/www.ocorreionews.com.br\/acervo-correio\/index.php?rest_route=\/wp\/v2\/posts"}],"about":[{"href":"https:\/\/www.ocorreionews.com.br\/acervo-correio\/index.php?rest_route=\/wp\/v2\/types\/post"}],"author":[{"embeddable":true,"href":"https:\/\/www.ocorreionews.com.br\/acervo-correio\/index.php?rest_route=\/wp\/v2\/users\/4"}],"replies":[{"embeddable":true,"href":"https:\/\/www.ocorreionews.com.br\/acervo-correio\/index.php?rest_route=%2Fwp%2Fv2%2Fcomments&post=5253"}],"version-history":[{"count":0,"href":"https:\/\/www.ocorreionews.com.br\/acervo-correio\/index.php?rest_route=\/wp\/v2\/posts\/5253\/revisions"}],"wp:featuredmedia":[{"embeddable":true,"href":"https:\/\/www.ocorreionews.com.br\/acervo-correio\/index.php?rest_route=\/wp\/v2\/media\/5254"}],"wp:attachment":[{"href":"https:\/\/www.ocorreionews.com.br\/acervo-correio\/index.php?rest_route=%2Fwp%2Fv2%2Fmedia&parent=5253"}],"wp:term":[{"taxonomy":"category","embeddable":true,"href":"https:\/\/www.ocorreionews.com.br\/acervo-correio\/index.php?rest_route=%2Fwp%2Fv2%2Fcategories&post=5253"},{"taxonomy":"post_tag","embeddable":true,"href":"https:\/\/www.ocorreionews.com.br\/acervo-correio\/index.php?rest_route=%2Fwp%2Fv2%2Ftags&post=5253"}],"curies":[{"name":"wp","href":"https:\/\/api.w.org\/{rel}","templated":true}]}}