{"id":5262,"date":"2015-07-11T10:45:24","date_gmt":"2015-07-11T14:45:24","guid":{"rendered":"https:\/\/ocorreionews.com.br\/?p=5262"},"modified":"2015-07-11T13:22:48","modified_gmt":"2015-07-11T17:22:48","slug":"temporal-com-rajadas-de-63-kmh-derruba-arvores-e-destelha-casas","status":"publish","type":"post","link":"https:\/\/www.ocorreionews.com.br\/acervo-correio\/?p=5262","title":{"rendered":"Temporal com rajadas de 63 km\/h derruba \u00e1rvores e destelha casas"},"content":{"rendered":"<div class=\"bloco_texto_span\">\n<p style=\"text-align: justify;\">O temporal com rajadas de vento com 63,6 quil\u00f4metros por hora causou quedas de \u00e1rvores em ruas, avenidas e sobre ve\u00edculos nos bairros localizados nas sa\u00eddas para Sidrol\u00e2ndia e Aquidauana. Tamb\u00e9m houve destelhamento de casas e condom\u00ednios. O tr\u00e1fego de ve\u00edculos est\u00e1 impedido em v\u00e1rios bairros situados na sa\u00edda para Sidrol\u00e2ndia.<\/p>\n<p style=\"text-align: justify;\">A Coordenadoria Municipal da Defesa registrou destelhamentos nos residenciais Nelson Trad, no Jardim Carioca, e no Leonel Brizola, no Jardim Tijuca.<\/p>\n<p style=\"text-align: justify;\">Segundo o sistema de monitoramento da Defesa Civil de Campo Grande, a chuva mais forte atinge a regi\u00e3o das Moreninhas, na sa\u00edda para S\u00e3o Paulo, onde choveu 27 mil\u00edmetros. Tamb\u00e9m choveu em torno de 10 mil\u00edmetros nas regi\u00f5es dos bairros Cabre\u00fava, do Itanhang\u00e1 Park, Vilas Boas e do Shopping Norte Sul.<\/p>\n<p style=\"text-align: justify;\">No Hospital Regional de Mato Grosso do Sul Rosa Pedrossian, no Conjunto Aero Rancho, duas \u00e1rvores ca\u00edram no p\u00e1tio. A queda de uma \u00e1rvore de maior porte assustou pacientes e funcion\u00e1rios na entrada da institui\u00e7\u00e3o, entre as avenidas Gunter Hans e Vereador Thyrson de Almeida (prolongamento da Avenida Ernesto Geisel).<\/p>\n<\/div>\n<div class=\"imagem\" style=\"text-align: justify;\">\n<div class=\"zoom\"><\/div>\n<p><a title=\"\u00c1rvore caiu e interditou o tr\u00e2nsito na Avenida Gunter Hans (Foto; Direto das Ruas)\" href=\"http:\/\/cdn1.campograndenews.com.br\/uploads\/tmp\/images\/5155980\/wm-640x480-cf31e0c69acc4559e0d1542a387ffd8c.jpg\" rel=\"lightbox[galeria]\"><img loading=\"lazy\" decoding=\"async\" class=\"alignnone\" title=\"\u00c1rvore caiu e interditou o tr\u00e2nsito na Avenida Gunter Hans (Foto; Direto das Ruas)\" src=\"http:\/\/cdn1.campograndenews.com.br\/uploads\/tmp\/images\/5155980\/300x225-cf31e0c69acc4559e0d1542a387ffd8c.jpg\" alt=\"\u00c1rvore caiu e interditou o tr\u00e2nsito na Avenida Gunter Hans (Foto; Direto das Ruas)\" width=\"299\" height=\"225\" \/><\/a><\/p>\n<p>\u00c1rvore caiu e interditou o tr\u00e2nsito na Avenida Gunter Hans (Foto; Direto das Ruas)<\/p>\n<\/div>\n<div class=\"imagem\" style=\"text-align: justify;\">\n<div class=\"zoom\"><\/div>\n<p><a title=\"Condom\u00ednio Leonel Brizola foi destelhado na manh\u00e3 de hoje (Foto:Debora Cristina)\" href=\"http:\/\/cdn1.campograndenews.com.br\/uploads\/tmp\/images\/5155980\/wm-640x480-c9dc2f5f4ffc3f6e74dbbf320838c560.jpg\" rel=\"lightbox[galeria]\"><img loading=\"lazy\" decoding=\"async\" class=\" alignnone\" title=\"Condom\u00ednio Leonel Brizola foi destelhado na manh\u00e3 de hoje (Foto:Debora Cristina)\" src=\"http:\/\/cdn1.campograndenews.com.br\/uploads\/tmp\/images\/5155980\/300x225-c9dc2f5f4ffc3f6e74dbbf320838c560.jpg\" alt=\"Condom\u00ednio Leonel Brizola foi destelhado na manh\u00e3 de hoje (Foto:Debora Cristina)\" width=\"300\" height=\"225\" \/><\/a><\/p>\n<p>Condom\u00ednio Leonel Brizola foi destelhado na manh\u00e3 de hoje (Foto:Debora Cristina)<\/p>\n<\/div>\n<div class=\"divisor\" style=\"text-align: justify;\"><\/div>\n<div class=\"bloco_texto_span\" style=\"text-align: justify;\">\n<p>Segundo o funcion\u00e1rio do setor administrativo do HR, Edson Costa, ca\u00edram duas \u00e1rvores no hospital. Uma quebrou a vidra\u00e7a do ambulat\u00f3rio da quimioterapia, mas n\u00e3o houve v\u00edtimas porque o local fica fechado no fim de semana. Os pacientes e funcion\u00e1rios viram a queda das \u00e1rvores e levaram um susto durante a ventania, segundo Edson.<\/p>\n<p>O Corpo de Bombeiros atende a queda de \u00e1rvore sobre resid\u00eancia na Rua Roda Velha, no Indubrasil, na sa\u00edda para Aquidauana. Outra \u00e1rvore caiu sobre ve\u00edculo na Avenida Guaicurus, na Vila Mariana, na regi\u00e3o sul da Capital.<\/p>\n<p>Uma leitora do Campo Grande News ligou para falar que houve destelhamento do Condom\u00ednio Residencial Leonel Brizola, na Vila S\u00e3o Pedro, na sa\u00edda para Sidrol\u00e2ndia.<\/p>\n<p>Segundo o Inmet (Instituto Nacional de Meteorologia), as rajadas de vento atingiram 63,6 quil\u00f4metros por hora em Campo Grande.<\/p>\n<p>Uma \u00e1rvore de grande porte caiu e interditou o tr\u00e1fego de ve\u00edculos na Avenida Gunter Hans, obrigando os ve\u00edculos a trafegar por dentro do Terminal Aero Rancho. Houve quedas de \u00e1rvores e placas de publicidade nas avenidas Marechal Deododo e Panambi Ver\u00e1.<\/p>\n<\/div>\n<div class=\"imagem\" style=\"text-align: justify;\">\n<div class=\"zoom\"><\/div>\n<p><a title=\"Choveu em torno de 10 mil\u00edmetros na regi\u00e3o central (Foto: Marcos Erm\u00ednio)\" href=\"http:\/\/cdn1.campograndenews.com.br\/uploads\/tmp\/images\/5155980\/wm-640x480-8e83e88fe8797a83e4e6d4692bfad8bb.jpg\" rel=\"lightbox[galeria]\"><img loading=\"lazy\" decoding=\"async\" class=\"\" title=\"Choveu em torno de 10 mil\u00edmetros na regi\u00e3o central (Foto: Marcos Erm\u00ednio)\" src=\"http:\/\/cdn1.campograndenews.com.br\/uploads\/tmp\/images\/5155980\/640x480-8e83e88fe8797a83e4e6d4692bfad8bb.jpg\" alt=\"Choveu em torno de 10 mil\u00edmetros na regi\u00e3o central (Foto: Marcos Erm\u00ednio)\" width=\"640\" height=\"426\" \/><\/a><\/p>\n<p>Choveu em torno de 10 mil\u00edmetros na regi\u00e3o central (Foto: Marcos Erm\u00ednio)<\/p>\n<\/div>\n<div class=\"imagem\" style=\"text-align: justify;\">\n<h5>Edivaldo Bitencourt, Ra\u00edza Calixto, Filipe Prado e Ricardo Campos Jr. CGnews<\/h5>\n<\/div>\n","protected":false},"excerpt":{"rendered":"<p>O temporal com rajadas de vento com 63,6 quil\u00f4metros por hora causou quedas de \u00e1rvores em ruas, avenidas e sobre ve\u00edculos nos bairros localizados nas sa\u00eddas para Sidrol\u00e2ndia e Aquidauana. Tamb\u00e9m houve destelhamento de casas e condom\u00ednios. O tr\u00e1fego de ve\u00edculos est\u00e1 impedido em v\u00e1rios bairros situados na sa\u00edda para Sidrol\u00e2ndia. A Coordenadoria Municipal da [&hellip;]<\/p>\n","protected":false},"author":4,"featured_media":5263,"comment_status":"closed","ping_status":"closed","sticky":false,"template":"","format":"standard","meta":{"footnotes":""},"categories":[31,33],"tags":[],"class_list":["post-5262","post","type-post","status-publish","format-standard","has-post-thumbnail","hentry","category-geral","category-mundo"],"_links":{"self":[{"href":"https:\/\/www.ocorreionews.com.br\/acervo-correio\/index.php?rest_route=\/wp\/v2\/posts\/5262","targetHints":{"allow":["GET"]}}],"collection":[{"href":"https:\/\/www.ocorreionews.com.br\/acervo-correio\/index.php?rest_route=\/wp\/v2\/posts"}],"about":[{"href":"https:\/\/www.ocorreionews.com.br\/acervo-correio\/index.php?rest_route=\/wp\/v2\/types\/post"}],"author":[{"embeddable":true,"href":"https:\/\/www.ocorreionews.com.br\/acervo-correio\/index.php?rest_route=\/wp\/v2\/users\/4"}],"replies":[{"embeddable":true,"href":"https:\/\/www.ocorreionews.com.br\/acervo-correio\/index.php?rest_route=%2Fwp%2Fv2%2Fcomments&post=5262"}],"version-history":[{"count":0,"href":"https:\/\/www.ocorreionews.com.br\/acervo-correio\/index.php?rest_route=\/wp\/v2\/posts\/5262\/revisions"}],"wp:featuredmedia":[{"embeddable":true,"href":"https:\/\/www.ocorreionews.com.br\/acervo-correio\/index.php?rest_route=\/wp\/v2\/media\/5263"}],"wp:attachment":[{"href":"https:\/\/www.ocorreionews.com.br\/acervo-correio\/index.php?rest_route=%2Fwp%2Fv2%2Fmedia&parent=5262"}],"wp:term":[{"taxonomy":"category","embeddable":true,"href":"https:\/\/www.ocorreionews.com.br\/acervo-correio\/index.php?rest_route=%2Fwp%2Fv2%2Fcategories&post=5262"},{"taxonomy":"post_tag","embeddable":true,"href":"https:\/\/www.ocorreionews.com.br\/acervo-correio\/index.php?rest_route=%2Fwp%2Fv2%2Ftags&post=5262"}],"curies":[{"name":"wp","href":"https:\/\/api.w.org\/{rel}","templated":true}]}}