{"id":5272,"date":"2015-07-12T09:48:07","date_gmt":"2015-07-12T13:48:07","guid":{"rendered":"https:\/\/ocorreionews.com.br\/?p=5272"},"modified":"2015-07-12T09:53:17","modified_gmt":"2015-07-12T13:53:17","slug":"vinil-de-ouro-revelou-novos-talentos-em-chapadao-do-sul","status":"publish","type":"post","link":"https:\/\/www.ocorreionews.com.br\/acervo-correio\/?p=5272","title":{"rendered":"Vinil de Ouro revelou novos talentos em Chapad\u00e3o do Sul"},"content":{"rendered":"<p style=\"text-align: justify;\">Um bom publicou acompanhou neste s\u00e1bado (11) as finais do Vinil de Ouro 2015, em sua terceira edi\u00e7\u00e3o, promovido pela Secretaria de Cultura e Esportes, com o apoio da KS Seguran\u00e7a, Fazenda Campo Bom e patroc\u00ednio da C\u00e2mara Municipal.<\/p>\n<p style=\"text-align: justify;\">Realizado no \u00e2mbito municipal, contou o evento com a participa\u00e7\u00e3o do cantor Everton Leal, ex-integrante da dupla Everton e Leal. E, nesta \u00faltima noite o p\u00fablico pode apreciar a apresenta\u00e7\u00e3o especial da Banda Gospel 10 Cent\u2019s, formada com pratas da casa.<\/p>\n<p style=\"text-align: justify;\">Os vereadores Teacher Wagner, Al\u00edrio Bacca e a presidente da C\u00e2mara, S\u00f4nia Maran tamb\u00e9m prestigiaram a \u00faltima noite do festival.<\/p>\n<p style=\"text-align: justify;\">S\u00f4nia Maran, recebeu do secret\u00e1rio adjunto Wesley Canger\u00ea uma medalha de Honra ao M\u00e9rito, em agradecimento \u00e0 colabora\u00e7\u00e3o na realiza\u00e7\u00e3o deste evento cultural. Vale lembrar que C\u00e2mara Municipal fez a devolu\u00e7\u00e3o de duod\u00e9cimo no valor de R$ 16 mil, destinado a cobrir as despesas com o evento.<\/p>\n<figure id=\"attachment_5276\" aria-describedby=\"caption-attachment-5276\" style=\"width: 469px\" class=\"wp-caption alignnone\"><a href=\"https:\/\/ocorreionews.com.br\/wp-content\/uploads\/2015\/07\/vinil1.jpg\"><img loading=\"lazy\" decoding=\"async\" class=\"wp-image-5276 size-full\" src=\"https:\/\/ocorreionews.com.br\/wp-content\/uploads\/2015\/07\/vinil1.jpg\" alt=\"vinil1\" width=\"469\" height=\"312\" srcset=\"https:\/\/www.ocorreionews.com.br\/acervo-correio\/wp-content\/uploads\/2015\/07\/vinil1.jpg 469w, https:\/\/www.ocorreionews.com.br\/acervo-correio\/wp-content\/uploads\/2015\/07\/vinil1-300x200.jpg 300w\" sizes=\"auto, (max-width: 469px) 100vw, 469px\" \/><\/a><figcaption id=\"caption-attachment-5276\" class=\"wp-caption-text\">Presidente da C\u00e2mara S\u00f4nia Maran recebe a medalha pelo apoio dos vereadores na realiza\u00e7\u00e3o do Vinil<\/figcaption><\/figure>\n<p style=\"text-align: justify;\">Em seu discurso a presidente da C\u00e2mara parabenizou o professor Raul Martin Palomares e equipe, pela organiza\u00e7\u00e3o do festival e colocou a Casa de Leis \u00e0 disposi\u00e7\u00e3o para novamente colaborar na pr\u00f3xima edi\u00e7\u00e3o, em 2016. Parabenizou a todos os participantes, especialmente os finalistas e disse da sua satisfa\u00e7\u00e3o em prestigiar a festa.<\/p>\n<p style=\"text-align: justify;\">S\u00f4nia Maran deixou ainda uma mensagem a todos os presentes.<\/p>\n<p style=\"text-align: justify;\">\u201cQuando se tem um sonho devemos lutar, seguir em frente e olhar para cima, pois l\u00e1 est\u00e1 Deus\u201d, finalizou a Chefe do Legislativo Municipal.<\/p>\n<p style=\"text-align: justify;\">Veja como ficou a classifica\u00e7\u00e3o final:<\/p>\n<p style=\"text-align: justify;\"><strong><u>MPB<\/u><\/strong><\/p>\n<p style=\"text-align: justify;\">1\u00ba lugar: Bruna Monteiro<\/p>\n<p style=\"text-align: justify;\">2\u00ba lugar: Helo\u00edsa Barbosa<\/p>\n<p style=\"text-align: justify;\">3\u00ba lugar: Marielena Palomares<\/p>\n<p style=\"text-align: justify;\">4\u00ba lugar: Darlose Rauber<\/p>\n<p style=\"text-align: justify;\">5\u00ba lugar: Ariana Portz Oliveira<\/p>\n<p style=\"text-align: justify;\"><strong><u>GOSPEL<\/u><\/strong><\/p>\n<p style=\"text-align: justify;\">1\u00ba lugar: S\u00e2mela Mayla<\/p>\n<p style=\"text-align: justify;\">2\u00ba lugar: Matheus Fran\u00e7a<\/p>\n<p style=\"text-align: justify;\">3\u00ba lugar: Vera L\u00facia<\/p>\n<p style=\"text-align: justify;\">4\u00ba lugar: Lindomar<\/p>\n<p style=\"text-align: justify;\">5\u00ba lugar: Gabriel Resende<\/p>\n<p style=\"text-align: justify;\"><strong><u>SERTANEJO<\/u><\/strong><\/p>\n<p style=\"text-align: justify;\">1\u00ba lugar: Everton Leonel<\/p>\n<p style=\"text-align: justify;\">2\u00ba lugar: L\u00e9o e Nathy<\/p>\n<p style=\"text-align: justify;\">3\u00ba lugar: P\u00e2mela Balbino<\/p>\n<p style=\"text-align: justify;\">4\u00ba lugar: \u00c9lvis Leonel<\/p>\n<p style=\"text-align: justify;\">5\u00ba lugar: Adrian e Felipe<\/p>\n<p style=\"text-align: justify;\">diariochapadense<\/p>\n","protected":false},"excerpt":{"rendered":"<p>Um bom publicou acompanhou neste s\u00e1bado (11) as finais do Vinil de Ouro 2015, em sua terceira edi\u00e7\u00e3o, promovido pela Secretaria de Cultura e Esportes, com o apoio da KS Seguran\u00e7a, Fazenda Campo Bom e patroc\u00ednio da C\u00e2mara Municipal. Realizado no \u00e2mbito municipal, contou o evento com a participa\u00e7\u00e3o do cantor Everton Leal, ex-integrante da [&hellip;]<\/p>\n","protected":false},"author":4,"featured_media":5274,"comment_status":"closed","ping_status":"closed","sticky":false,"template":"","format":"standard","meta":{"footnotes":""},"categories":[23],"tags":[],"class_list":["post-5272","post","type-post","status-publish","format-standard","has-post-thumbnail","hentry","category-chapadao-do-sul"],"_links":{"self":[{"href":"https:\/\/www.ocorreionews.com.br\/acervo-correio\/index.php?rest_route=\/wp\/v2\/posts\/5272","targetHints":{"allow":["GET"]}}],"collection":[{"href":"https:\/\/www.ocorreionews.com.br\/acervo-correio\/index.php?rest_route=\/wp\/v2\/posts"}],"about":[{"href":"https:\/\/www.ocorreionews.com.br\/acervo-correio\/index.php?rest_route=\/wp\/v2\/types\/post"}],"author":[{"embeddable":true,"href":"https:\/\/www.ocorreionews.com.br\/acervo-correio\/index.php?rest_route=\/wp\/v2\/users\/4"}],"replies":[{"embeddable":true,"href":"https:\/\/www.ocorreionews.com.br\/acervo-correio\/index.php?rest_route=%2Fwp%2Fv2%2Fcomments&post=5272"}],"version-history":[{"count":0,"href":"https:\/\/www.ocorreionews.com.br\/acervo-correio\/index.php?rest_route=\/wp\/v2\/posts\/5272\/revisions"}],"wp:featuredmedia":[{"embeddable":true,"href":"https:\/\/www.ocorreionews.com.br\/acervo-correio\/index.php?rest_route=\/wp\/v2\/media\/5274"}],"wp:attachment":[{"href":"https:\/\/www.ocorreionews.com.br\/acervo-correio\/index.php?rest_route=%2Fwp%2Fv2%2Fmedia&parent=5272"}],"wp:term":[{"taxonomy":"category","embeddable":true,"href":"https:\/\/www.ocorreionews.com.br\/acervo-correio\/index.php?rest_route=%2Fwp%2Fv2%2Fcategories&post=5272"},{"taxonomy":"post_tag","embeddable":true,"href":"https:\/\/www.ocorreionews.com.br\/acervo-correio\/index.php?rest_route=%2Fwp%2Fv2%2Ftags&post=5272"}],"curies":[{"name":"wp","href":"https:\/\/api.w.org\/{rel}","templated":true}]}}