{"id":5288,"date":"2015-07-13T08:43:12","date_gmt":"2015-07-13T12:43:12","guid":{"rendered":"https:\/\/ocorreionews.com.br\/?p=5288"},"modified":"2015-07-13T08:43:12","modified_gmt":"2015-07-13T12:43:12","slug":"empresa-divulga-novas-vagas-abertas-para-chapadao-do-sul-e-regiao","status":"publish","type":"post","link":"https:\/\/www.ocorreionews.com.br\/acervo-correio\/?p=5288","title":{"rendered":"Empresa divulga novas vagas abertas para Chapad\u00e3o do Sul e regi\u00e3o"},"content":{"rendered":"<p>Se voc\u00ea est\u00e1 procurando emprego, ou busca uma nova oportunidade na carreira, deve ficar atento as novas vagas abertas pela empresa IACO Agr\u00edcola.<\/p>\n<p>As vagas s\u00e3o para Chapad\u00e3o do Sul e toda a regi\u00e3o.<\/p>\n<p>Veja abaixo:<\/p>\n<p>&nbsp;<\/p>\n<p><strong>&#8212;&#8212;&#8212;&#8212;&#8212;&#8212;&#8212;&#8211; AGR\u00cdCOLA &#8212;&#8212;&#8212;&#8212;&#8212;&#8212;&#8212;<\/strong><\/p>\n<p>&nbsp;<\/p>\n<p><strong>Faturamento \u2013 Comercial (01 vaga)<\/strong><\/p>\n<ul>\n<li>Forma\u00e7\u00e3o em: Ci\u00eancias Cont\u00e1beis<\/li>\n<\/ul>\n<p>Administra\u00e7\u00e3o<\/p>\n<ul>\n<li>Dom\u00ednio em Inform\u00e1tica (Excel)<\/li>\n<li>Desej\u00e1vel experi\u00eancia na fun\u00e7\u00e3o<\/li>\n<\/ul>\n<p>&nbsp;<\/p>\n<p><strong>Torneiro Mec\u00e2nico(01 vaga)<\/strong><\/p>\n<ul>\n<li>Ensino M\u00e9dio Completo<\/li>\n<li>CNH \u201cAB\u201d<\/li>\n<li>Experi\u00eancia na Fun\u00e7\u00e3o<\/li>\n<\/ul>\n<p>&nbsp;<\/p>\n<p><strong>Fiscal de Log\u00edstica (Porteiro)(01 vaga)<\/strong><\/p>\n<ul>\n<li>Ensino M\u00e9dio Completo<\/li>\n<li>No\u00e7\u00f5es em Inform\u00e1tica<\/li>\n<li>CNH \u201cAB\u201d<\/li>\n<\/ul>\n<p>&nbsp;<\/p>\n<p><strong>Auxiliar em <\/strong><strong>Planejamento e Controle da Manuten\u00e7\u00e3o &#8211; PCM<\/strong><strong> (01 vaga)<\/strong><\/p>\n<ul>\n<li>Ensino M\u00e9dio Completo<\/li>\n<li>Habilidade em Inform\u00e1tica<\/li>\n<\/ul>\n<p>&nbsp;<\/p>\n<p><strong>Mec\u00e2nico de: Colhedora ou\u00a0 de Campo\u00a0 \u00a0(02 vagas)\u00a0 <\/strong><\/p>\n<p><strong>\u00a0\u00a0\u00a0\u00a0\u00a0\u00a0\u00a0\u00a0\u00a0\u00a0\u00a0\u00a0\u00a0\u00a0\u00a0\u00a0\u00a0\u00a0\u00a0\u00a0\u00a0\u00a0 Tratores (01 vaga)<\/strong><\/p>\n<ul>\n<li>Ensino Fundamental Completo<\/li>\n<li>CNH \u201cAB\u201d<\/li>\n<li>Experi\u00eancia na Fun\u00e7\u00e3o<\/li>\n<\/ul>\n<p>&nbsp;<\/p>\n<p><strong>Auxiliar de Mec\u00e2nico: Leve e Pesados (01 vaga)<\/strong><\/p>\n<p><strong>\u00a0\u00a0\u00a0\u00a0\u00a0\u00a0\u00a0\u00a0\u00a0\u00a0\u00a0\u00a0\u00a0\u00a0\u00a0\u00a0\u00a0\u00a0\u00a0\u00a0\u00a0\u00a0\u00a0\u00a0\u00a0\u00a0\u00a0\u00a0\u00a0\u00a0\u00a0\u00a0\u00a0\u00a0\u00a0 Hidra\u00falica (01 vaga) <\/strong><\/p>\n<p><strong>Auxiliar de Soldador (01 vaga)<\/strong><\/p>\n<ul>\n<li>Ensino Fundamental Completo<\/li>\n<li>Desej\u00e1vel Experi\u00eancia na Fun\u00e7\u00e3o<\/li>\n<\/ul>\n<p>&nbsp;<\/p>\n<p><strong>Motorista \u2013 Caminh\u00e3o Munck(03 vagas)<\/strong><\/p>\n<ul>\n<li>Ensino M\u00e9dio Completo<\/li>\n<li>CNH \u201cAD\u201d<\/li>\n<li>Curso Munck<\/li>\n<li>Desej\u00e1vel Experi\u00eancia na Fun\u00e7\u00e3o<\/li>\n<\/ul>\n<p>&nbsp;<\/p>\n<p><strong>Operador de M\u00e1quinas Pesadas -P\u00e1 Carregadeira(01 vaga)<\/strong><\/p>\n<ul>\n<li>Ensino Fundamental Completo<\/li>\n<li>CNH \u201cAC\u201d<\/li>\n<li>Desej\u00e1vel Experi\u00eancia na Fun\u00e7\u00e3o<\/li>\n<\/ul>\n<p>&nbsp;<\/p>\n<p><strong>Tratorista: \u00a0Agr\u00edcola\u00a0\u00a0\u00a0\u00a0\u00a0\u00a0\u00a0 (11 vagas)<\/strong><\/p>\n<ul>\n<li>Ensino Fundamental Completo<\/li>\n<\/ul>\n<ul>\n<li>CNH \u201cAB\u201d<\/li>\n<li>Desej\u00e1vel Experi\u00eancia na Fun\u00e7\u00e3o<\/li>\n<\/ul>\n<p>&nbsp;<\/p>\n<p><strong>Servi\u00e7os Gerais: Agr\u00edcola (06 vagas)<\/strong><\/p>\n<ul>\n<li>Habilidade e experi\u00eancia em trabalho manual (horta)<\/li>\n<\/ul>\n<p>&nbsp;<\/p>\n<p><strong>&#8212;&#8212;&#8212;&#8212;&#8212;&#8212;IND\u00daSTRIA&#8212;&#8212;&#8212;&#8212;&#8212;&#8212;&#8212;&#8212;&#8212;-<\/strong><\/p>\n<p>&nbsp;<\/p>\n<p><strong>T\u00e9cnico em Enfermagem (01 vaga)<\/strong><\/p>\n<ul>\n<li>Curso T\u00e9cnico em Enfermagem conclu\u00eddo com registro no COREN<\/li>\n<li>Disponibilidade para rod\u00edzio de turno<\/li>\n<li>No\u00e7\u00f5es em Inform\u00e1tica<\/li>\n<\/ul>\n<p>&nbsp;<\/p>\n<p><strong>T\u00e9cnico em An\u00e1lise de Vibra\u00e7\u00e3o (01 Vaga)<\/strong><\/p>\n<ul>\n<li>Forma\u00e7\u00e3o em An\u00e1lise de Vibra\u00e7\u00e3o<\/li>\n<li>Com Experi\u00eancia na Fun\u00e7\u00e3o<\/li>\n<\/ul>\n<p>&nbsp;<\/p>\n<p><strong>Operador de Processo \u2013 Caldeira (02 vagas)<\/strong><\/p>\n<ul>\n<li>Ensino Fundamental Completo<\/li>\n<li>Desej\u00e1vel Experi\u00eancia na Fun\u00e7\u00e3o<\/li>\n<\/ul>\n<p>&nbsp;<\/p>\n<p><strong>Auxiliar Processo (01 vaga)<\/strong><\/p>\n<ul>\n<li>Ensino Fundamental Completo<\/li>\n<li>Desej\u00e1vel Experi\u00eancia na Fun\u00e7\u00e3o<\/li>\n<\/ul>\n<p>&nbsp;<\/p>\n<p><strong>T\u00e9cnico em Eletr\u00f4nica(01 vaga)<\/strong><\/p>\n<ul>\n<li>Forma\u00e7\u00e3o em: T\u00e9cnico em Automa\u00e7\u00e3o ou Mecatr\u00f4nica<\/li>\n<\/ul>\n<p>T\u00e9cnico em Eletr\u00f4nica<\/p>\n<p>T\u00e9cnico em Eletrot\u00e9cnica<\/p>\n<ul>\n<li>Desej\u00e1vel Experi\u00eancia na Fun\u00e7\u00e3o<\/li>\n<\/ul>\n<p>&nbsp;<\/p>\n<p><strong>T\u00e9cnico em Eletrot\u00e9cnica(02 vagas)<\/strong><\/p>\n<ul>\n<li>Forma\u00e7\u00e3o em Eletrot\u00e9cnica<\/li>\n<li>Desej\u00e1vel Experi\u00eancia na Fun\u00e7\u00e3o<\/li>\n<\/ul>\n<p>&nbsp;<\/p>\n<p><strong>T\u00e9cnico em Refrigera\u00e7\u00e3o(01 vaga)<\/strong><\/p>\n<ul>\n<li>Forma\u00e7\u00e3o em: T\u00e9cnico em Mec\u00e2nica de Refrigera\u00e7\u00e3o<\/li>\n<\/ul>\n<p>T\u00e9cnico em Refrigera\u00e7\u00e3o<\/p>\n<p>T\u00e9cnico em Eletrot\u00e9cnica<\/p>\n<ul>\n<li>Desej\u00e1vel Experi\u00eancia na Fun\u00e7\u00e3o<\/li>\n<\/ul>\n<p>&nbsp;<\/p>\n<p><strong>Trainee em An\u00e1lise e Desenvolvimento de Sistemas(01 vaga) <\/strong><\/p>\n<ul>\n<li>Forma\u00e7\u00e3o em: An\u00e1lise de Sistemas<\/li>\n<\/ul>\n<p>Sistemas de Informa\u00e7\u00e3o<\/p>\n<p>Ci\u00eancias da Computa\u00e7\u00e3o<\/p>\n<p>Tecn\u00f3logo em An\u00e1lise e Desenvolvimento de Sistemas<\/p>\n<p>&nbsp;<\/p>\n<p>As entrevistas s\u00e3o realizadas de segunda \u00e0 quinta-feira, no per\u00edodo matutino, das 06 \u00e0s 10 horas.<\/p>\n<p>Interessados devem enviar o curr\u00edculo para o endere\u00e7o de email: roberta.takahara@iaco.ind.br.<\/p>\n<p>Mais informa\u00e7\u00f5es: Tel: (67) 3562.5700 &#8211; Ramal 5870.<\/p>\n","protected":false},"excerpt":{"rendered":"<p>Se voc\u00ea est\u00e1 procurando emprego, ou busca uma nova oportunidade na carreira, deve ficar atento as novas vagas abertas pela empresa IACO Agr\u00edcola. As vagas s\u00e3o para Chapad\u00e3o do Sul e toda a regi\u00e3o. Veja abaixo: &nbsp; &#8212;&#8212;&#8212;&#8212;&#8212;&#8212;&#8212;&#8211; AGR\u00cdCOLA &#8212;&#8212;&#8212;&#8212;&#8212;&#8212;&#8212; &nbsp; Faturamento \u2013 Comercial (01 vaga) Forma\u00e7\u00e3o em: Ci\u00eancias Cont\u00e1beis Administra\u00e7\u00e3o Dom\u00ednio em Inform\u00e1tica (Excel) [&hellip;]<\/p>\n","protected":false},"author":4,"featured_media":494,"comment_status":"closed","ping_status":"closed","sticky":false,"template":"","format":"standard","meta":{"footnotes":""},"categories":[24],"tags":[],"class_list":["post-5288","post","type-post","status-publish","format-standard","has-post-thumbnail","hentry","category-classificados"],"_links":{"self":[{"href":"https:\/\/www.ocorreionews.com.br\/acervo-correio\/index.php?rest_route=\/wp\/v2\/posts\/5288","targetHints":{"allow":["GET"]}}],"collection":[{"href":"https:\/\/www.ocorreionews.com.br\/acervo-correio\/index.php?rest_route=\/wp\/v2\/posts"}],"about":[{"href":"https:\/\/www.ocorreionews.com.br\/acervo-correio\/index.php?rest_route=\/wp\/v2\/types\/post"}],"author":[{"embeddable":true,"href":"https:\/\/www.ocorreionews.com.br\/acervo-correio\/index.php?rest_route=\/wp\/v2\/users\/4"}],"replies":[{"embeddable":true,"href":"https:\/\/www.ocorreionews.com.br\/acervo-correio\/index.php?rest_route=%2Fwp%2Fv2%2Fcomments&post=5288"}],"version-history":[{"count":0,"href":"https:\/\/www.ocorreionews.com.br\/acervo-correio\/index.php?rest_route=\/wp\/v2\/posts\/5288\/revisions"}],"wp:featuredmedia":[{"embeddable":true,"href":"https:\/\/www.ocorreionews.com.br\/acervo-correio\/index.php?rest_route=\/wp\/v2\/media\/494"}],"wp:attachment":[{"href":"https:\/\/www.ocorreionews.com.br\/acervo-correio\/index.php?rest_route=%2Fwp%2Fv2%2Fmedia&parent=5288"}],"wp:term":[{"taxonomy":"category","embeddable":true,"href":"https:\/\/www.ocorreionews.com.br\/acervo-correio\/index.php?rest_route=%2Fwp%2Fv2%2Fcategories&post=5288"},{"taxonomy":"post_tag","embeddable":true,"href":"https:\/\/www.ocorreionews.com.br\/acervo-correio\/index.php?rest_route=%2Fwp%2Fv2%2Ftags&post=5288"}],"curies":[{"name":"wp","href":"https:\/\/api.w.org\/{rel}","templated":true}]}}