{"id":5293,"date":"2015-07-13T09:10:38","date_gmt":"2015-07-13T13:10:38","guid":{"rendered":"https:\/\/ocorreionews.com.br\/?p=5293"},"modified":"2015-07-14T06:14:13","modified_gmt":"2015-07-14T10:14:13","slug":"saude-realizara-processo-seletivo-com-50-vagas-e-salario-de-ate-r-5-80000","status":"publish","type":"post","link":"https:\/\/www.ocorreionews.com.br\/acervo-correio\/?p=5293","title":{"rendered":"Sa\u00fade realizar\u00e1 processo seletivo com 50 vagas e s\u00e1lario de at\u00e9 R$ 5.800,00"},"content":{"rendered":"<p>A Secretaria de Sa\u00fade de Chapad\u00e3o do Sul realizar\u00e1 processo seletivo para a contrata\u00e7\u00e3o tempor\u00e1ria de profissionais de diversos n\u00edveis de escolaridade \u2013 fundamental incompleto, m\u00e9dio e superior.<\/p>\n<p>Conforme edital publicado na edi\u00e7\u00e3o de sexta-feira, 10, do Di\u00e1rio Oficial do Munic\u00edpio, o Processo Seletivo Simplificado \u00e9 para o provimento de cargos e forma\u00e7\u00e3o de cadastro de reserva de profissionais, com vistas \u00e0 contrata\u00e7\u00e3o tempor\u00e1ria para atendimento \u00e0s necessidades de excepcional interesse p\u00fablico na Secretaria de Sa\u00fade do munic\u00edpio de Chapad\u00e3o do Sul, por 06 (seis) meses, podendo ser prorrogado por igual per\u00edodo.<\/p>\n<p><strong>S\u00e3o oferecidas 50 vagas<\/strong> para os cargos de: Servi\u00e7os Gerais, Agente de Endemias, Agente Comunit\u00e1rio de Sa\u00fade, Enfermeiro(a) e M\u00e9dico Auditor. Os sal\u00e1rios variam entre R$ 794,42 a R$ 5.800,00.<\/p>\n<p>A entrega do formul\u00e1rio de inscri\u00e7\u00e3o ocorrer\u00e1 entre os dias <strong>20 a 24 de Julho<\/strong>, das 07h \u00e0s 13h, na Secretaria Municipal de Sa\u00fade, localizada na Rua Dezoito, 876, Centro &#8211; Chapad\u00e3o do Sul.<\/p>\n<p>O candidato poder\u00e1 inscrever-se para vagas para Agente Comunit\u00e1rio de Sa\u00fade somente na \u00e1rea em que reside, conforme descri\u00e7\u00e3o contida no edital de lan\u00e7amento do processo.<\/p>\n<p>O processo seletivo constar\u00e1 de prova de t\u00edtulos, de car\u00e1ter classificat\u00f3rio, para todos os cargos. Os candidatos dever\u00e3o entregar os documentos comprobat\u00f3rios de titula\u00e7\u00e3o atrav\u00e9s de fotoc\u00f3pias autenticadas em cart\u00f3rio, no ato da inscri\u00e7\u00e3o.<\/p>\n<p>Os candidatos poder\u00e3o dirimir d\u00favidas relativas ao Processo Seletivo P\u00fablico, atrav\u00e9s dos telefones (67) 3562-6600.<\/p>\n<p>Veja o quadro de vagas oferecidas:<\/p>\n<table border=\"1\" width=\"665\" cellspacing=\"0\" cellpadding=\"0\">\n<tbody>\n<tr>\n<td>\n<p align=\"center\">Cargo<\/p>\n<\/td>\n<td>\n<p align=\"center\">Vagas<\/p>\n<\/td>\n<td>\n<p align=\"center\">Escolaridade \/ Requisitos<\/p>\n<\/td>\n<td>Atribui\u00e7\u00f5es do Cargo<\/td>\n<td>Carga Hor\u00e1ria Semanal<\/td>\n<td>Vencimentos (R$)<\/td>\n<\/tr>\n<tr>\n<td>\n<p align=\"center\">Auxiliar de Servi\u00e7os Operacionais I-Servi\u00e7os Gerais<\/p>\n<\/td>\n<td>\n<p align=\"center\">03<\/p>\n<\/td>\n<td>\n<p align=\"center\">Ensino Fundamental incompleto &#8211; alfabetizado<\/p>\n<\/td>\n<td>Varrer, lavar encerar pisos, limpar paredes, janelas, portas, m\u00e1quinas, m\u00f3veis e equipamentos. Manter as instala\u00e7\u00f5es sanit\u00e1rias limpas. Limpar carpetes, arrumando arm\u00e1rios e estantes, polindo objetos pe\u00e7as e placas met\u00e1licas, efetuar o controle o material existente no setor, descriminando-os por pe\u00e7as e respectivas quantidades, para manter o estoque e outros extravios, manter a ordem, higiene e seguran\u00e7a do ambiente de trabalho, observando as normas de instru\u00e7\u00f5es para prevenir acidentes, lavar secar e passar roupas e utens\u00edlios de usu\u00e1rios da unidade em que trabalham; controlar e distribuir roupas, coletar e acondicionar o lixo, zelar pela seguran\u00e7a individual e coletiva utilizando equipamento de prote\u00e7\u00e3o apropriada, quando da execu\u00e7\u00e3o dos servi\u00e7os, executar outras tarefas de mesma natureza ou n\u00edvel de complexidade associadas a sua especialidade e ambiente organizacional a crit\u00e9rio do seu superior.<\/td>\n<td>\n<p align=\"center\">40h\/s<\/p>\n<\/td>\n<td>\n<p align=\"center\">R$ 794,42<\/p>\n<\/td>\n<\/tr>\n<tr>\n<td>\n<p align=\"center\">Assistente de Servi\u00e7os de Sa\u00fade II &#8211; Agente de Endemias<\/p>\n<\/td>\n<td>\n<p align=\"center\">07 (04 masculino e 03 feminino)<\/p>\n<\/td>\n<td>\n<p align=\"center\">N\u00edvel m\u00e9dio completo<\/p>\n<\/td>\n<td>Fiscalizar e realizar recenseamento em resid\u00eancias, terrenos baldios, ind\u00fastrias, ferro velho, reciclagens, borracharias e todos os tipos de estabelecimentos comerciais com intuito de levantamento de \u00edndice amostral e com intuito de tratamento de focos do mosquito Aedes aegypti com aplica\u00e7\u00e3o de inseticidas; Realizar trabalho de conscientiza\u00e7\u00e3o populacional no ato das fiscaliza\u00e7\u00f5es; Atuar em a\u00e7\u00f5es educativas em sa\u00fade; Executar a\u00e7\u00f5es elementares de saneamento b\u00e1sico; Trabalho de campo em zona rural na efetua\u00e7\u00e3o de fiscaliza\u00e7\u00f5es bem como utiliza\u00e7\u00e3o de inseticidas para combate de vetores de doen\u00e7as transmiss\u00edveis; Organizar e participar de eventos vinculados \u00e0 sa\u00fade p\u00fablica; Aplicar inseticidas com o uso de aparelhagem espec\u00edfica (Bomba motorizada UBV costa e manual); realizar trabalho administrativo vinculado a interesses de vigil\u00e2ncia sanit\u00e1ria e epidemiol\u00f3gica. Executar outras tarefas de mesma natureza ou n\u00edvel de complexidade, associadas \u00e0 sua especialidade e ambiente organizacional.<\/td>\n<td>\n<p align=\"center\">40h\/s<\/p>\n<\/td>\n<td>\n<p align=\"center\">R$ 1.138,09<\/p>\n<\/td>\n<\/tr>\n<tr>\n<td>\n<p align=\"center\">Assistente de Servi\u00e7os de Sa\u00fade II &#8211; Agente Comunit\u00e1rio de Sa\u00fade<\/p>\n<\/td>\n<td>\n<p align=\"center\">38<\/p>\n<\/td>\n<td>\n<p align=\"center\">N\u00edvel m\u00e9dio completo<\/p>\n<\/td>\n<td>Visitas domiciliares para monitoramento difundindo no\u00e7\u00f5es gerais sobre sa\u00fade e saneamento, realizar pesquisas de campo para estimar a frequ\u00eancia aos servi\u00e7os de sa\u00fade em campanhas de preven\u00e7\u00e3o de doen\u00e7as, identificar os principais sintomas de doen\u00e7as transmiss\u00edveis, levando ao conhecimento da autoridade competente; esclarecer a popula\u00e7\u00e3o sobre diagn\u00f3sticos, prescri\u00e7\u00f5es m\u00e9dicas, pedido para exames de laborat\u00f3rio e retorno quando necess\u00e1rio; orientar sobre o planejamento familiar e o uso adequado de m\u00e9todos anticonceptivos; orientar sobre a realiza\u00e7\u00e3o dos exames pr\u00e9-natais, acompanhando a evolu\u00e7\u00e3o da gesta\u00e7\u00e3o e puerp\u00e9rio; acompanhar o crescimento e desenvolvimento da popula\u00e7\u00e3o infantil; colaborar na coleta de dados estat\u00edsticos e outros requeridos nos programas de sa\u00fade, executar outras tarefas de mesma natureza ou n\u00edvel de complexidade, associadas \u00e0 sua especialidade e ambiente organizacional.<\/td>\n<td>\n<p align=\"center\">40h\/s<\/p>\n<\/td>\n<td>\n<p align=\"center\">R$ 1.138,09<\/p>\n<\/td>\n<\/tr>\n<tr>\n<td>\n<p align=\"center\">Profissional de Servi\u00e7os de Sa\u00fade &#8211; Enfer-meiro(a)<\/p>\n<\/td>\n<td>\n<p align=\"center\">01<\/p>\n<\/td>\n<td>\n<p align=\"center\">N\u00edvel Superior &#8211; Curso de Gradua\u00e7\u00e3o em Enfermagem e registro no respectivo \u00d3rg\u00e3o de Classe.<\/p>\n<\/td>\n<td>Desenvolver e programar a\u00e7\u00f5es de educa\u00e7\u00e3o, preven\u00e7\u00e3o, promo\u00e7\u00e3o, prote\u00e7\u00e3o e reabilita\u00e7\u00e3o da sa\u00fade individual e coletiva; sistematizar a assist\u00eancia de enfermagem nas diferentes fases do ciclo vital; identificar e atuar em situa\u00e7\u00f5es de risco \u00e0 sa\u00fade; supervisionar a equipe de enfermagem; participar da elabora\u00e7\u00e3o de protocolos de assist\u00eancia e atuar em equipe multiprofissional; participar do planejamento das atividades a serem desenvolvidas, na institui\u00e7\u00e3o, por residentes, estagi\u00e1rios e volunt\u00e1rios; executar outras tarefas de mesma natureza ou n\u00edvel de complexidade, associadas \u00e0 sua especialidade e ambiente organizacional.<\/td>\n<td>\n<p align=\"center\">40h\/s<\/p>\n<\/td>\n<td>\n<p align=\"center\">R$ 3.298,56<\/p>\n<\/td>\n<\/tr>\n<tr>\n<td>\n<p align=\"center\">Profissional de Servi\u00e7os de Sa\u00fade &#8211; M\u00e9dico Auditor<\/p>\n<\/td>\n<td>\n<p align=\"center\">01<\/p>\n<\/td>\n<td>\n<p align=\"center\">N\u00edvel Superior &#8211; Curso de Gradua\u00e7\u00e3o em Medicina e Especializa\u00e7\u00e3o em Auditoria, registro no respectivo \u00d3rg\u00e3o de Classe.<\/p>\n<\/td>\n<td>Realizar o controle, a avalia\u00e7\u00e3o e revis\u00e3o t\u00e9cnica das contas e faturas dos prestadores de servi\u00e7os da rede pr\u00f3pria e credenciada. Auditar os servi\u00e7os m\u00e9dicos, hospitalares, \u00a0laboratoriais e ambulatoriais p\u00fablicos ou privados. Realizar auditoria anal\u00edtica, autorizativa e operativa. Analisar relat\u00f3rios gerenciais. Atender aos usu\u00e1rios no processo de autoriza\u00e7\u00e3o e orienta\u00e7\u00e3o quanto aos procedimentos solicitados. Analisar e emitir pareceres t\u00e9cnicos sobre procedimentos cl\u00ednicos, faturas, diagn\u00f3sticos e solicita\u00e7\u00f5es pertinentes \u00e0 \u00e1rea de atua\u00e7\u00e3o. Prestar servi\u00e7os em equipes multiprofissionais e de acompanhamento domiciliar. Executar demais atividades correlatas.<\/td>\n<td>\n<p align=\"center\">4h\/s e 02 visitas mensais obrigat\u00f3rias<\/p>\n<\/td>\n<td>\n<p align=\"center\">R$ 5.800,00<\/p>\n<\/td>\n<\/tr>\n<\/tbody>\n<\/table>\n<p>&nbsp;<\/p>\n<p>As vagas para agentes comunit\u00e1rios de sa\u00fade ser\u00e3o assim distribu\u00eddas.<\/p>\n<p>Tabela de \u00c1rea de Atua\u00e7\u00e3o<\/p>\n<p>&nbsp;<\/p>\n<table border=\"0\" width=\"100%\" cellspacing=\"0\" cellpadding=\"0\">\n<tbody>\n<tr>\n<td>N\u00ba da \u00e1rea<\/td>\n<td>\u00c1REAS DE ATUA\u00c7\u00c3O<\/td>\n<td>Carga Hor\u00e1ria<\/td>\n<td>VAGAS<\/td>\n<\/tr>\n<tr>\n<td>01<\/td>\n<td>ESF Sa\u00fade da Fam\u00edlia (Esperan\u00e7a)<\/td>\n<td>40 Horas\/Semanais<\/td>\n<td>07<\/td>\n<\/tr>\n<tr>\n<td>02<\/td>\n<td>ESF Sa\u00fade lar<\/td>\n<td>40 Horas\/Semanais<\/td>\n<td>07<\/td>\n<\/tr>\n<tr>\n<td>03<\/td>\n<td>ESF Sibipiruna<\/td>\n<td>40 Horas\/Semanais<\/td>\n<td>06<\/td>\n<\/tr>\n<tr>\n<td>04<\/td>\n<td>ESF Flamboyant<\/td>\n<td>40 Horas\/Semanais<\/td>\n<td>07<\/td>\n<\/tr>\n<tr>\n<td>05<\/td>\n<td>ESF Central<\/td>\n<td>40 Horas\/Semanais<\/td>\n<td>05<\/td>\n<\/tr>\n<tr>\n<td>06<\/td>\n<td>ESF Planalto<\/td>\n<td>40 Horas\/Semanais<\/td>\n<td>05<\/td>\n<\/tr>\n<tr>\n<td><\/td>\n<td>Zona Rural &#8211; Assentamento Aroeira<\/td>\n<td>40 Horas\/Semanais<\/td>\n<td>01<\/td>\n<\/tr>\n<tr>\n<td><\/td>\n<td colspan=\"2\">TOTAL DE VAGAS:<\/td>\n<td>38<\/td>\n<\/tr>\n<\/tbody>\n<\/table>\n<p><em><strong><a href=\"http:\/\/www.chapadaodosul.ms.gov.br\/admin\/arquivos\/files\/1436565560.pdf\" target=\"_blank\">Clique aqui e acesse o Dosul com o edital completo e baixe a ficha de inscri\u00e7\u00e3o.<\/a><\/strong><\/em><\/p>\n<p>&nbsp;<\/p>\n<p>Assecom PMCS<\/p>\n","protected":false},"excerpt":{"rendered":"<p>A Secretaria de Sa\u00fade de Chapad\u00e3o do Sul realizar\u00e1 processo seletivo para a contrata\u00e7\u00e3o tempor\u00e1ria de profissionais de diversos n\u00edveis de escolaridade \u2013 fundamental incompleto, m\u00e9dio e superior. Conforme edital publicado na edi\u00e7\u00e3o de sexta-feira, 10, do Di\u00e1rio Oficial do Munic\u00edpio, o Processo Seletivo Simplificado \u00e9 para o provimento de cargos e forma\u00e7\u00e3o de cadastro [&hellip;]<\/p>\n","protected":false},"author":4,"featured_media":2749,"comment_status":"closed","ping_status":"closed","sticky":false,"template":"","format":"standard","meta":{"footnotes":""},"categories":[23],"tags":[],"class_list":["post-5293","post","type-post","status-publish","format-standard","has-post-thumbnail","hentry","category-chapadao-do-sul"],"_links":{"self":[{"href":"https:\/\/www.ocorreionews.com.br\/acervo-correio\/index.php?rest_route=\/wp\/v2\/posts\/5293","targetHints":{"allow":["GET"]}}],"collection":[{"href":"https:\/\/www.ocorreionews.com.br\/acervo-correio\/index.php?rest_route=\/wp\/v2\/posts"}],"about":[{"href":"https:\/\/www.ocorreionews.com.br\/acervo-correio\/index.php?rest_route=\/wp\/v2\/types\/post"}],"author":[{"embeddable":true,"href":"https:\/\/www.ocorreionews.com.br\/acervo-correio\/index.php?rest_route=\/wp\/v2\/users\/4"}],"replies":[{"embeddable":true,"href":"https:\/\/www.ocorreionews.com.br\/acervo-correio\/index.php?rest_route=%2Fwp%2Fv2%2Fcomments&post=5293"}],"version-history":[{"count":0,"href":"https:\/\/www.ocorreionews.com.br\/acervo-correio\/index.php?rest_route=\/wp\/v2\/posts\/5293\/revisions"}],"wp:featuredmedia":[{"embeddable":true,"href":"https:\/\/www.ocorreionews.com.br\/acervo-correio\/index.php?rest_route=\/wp\/v2\/media\/2749"}],"wp:attachment":[{"href":"https:\/\/www.ocorreionews.com.br\/acervo-correio\/index.php?rest_route=%2Fwp%2Fv2%2Fmedia&parent=5293"}],"wp:term":[{"taxonomy":"category","embeddable":true,"href":"https:\/\/www.ocorreionews.com.br\/acervo-correio\/index.php?rest_route=%2Fwp%2Fv2%2Fcategories&post=5293"},{"taxonomy":"post_tag","embeddable":true,"href":"https:\/\/www.ocorreionews.com.br\/acervo-correio\/index.php?rest_route=%2Fwp%2Fv2%2Ftags&post=5293"}],"curies":[{"name":"wp","href":"https:\/\/api.w.org\/{rel}","templated":true}]}}