{"id":5314,"date":"2015-07-13T13:03:58","date_gmt":"2015-07-13T17:03:58","guid":{"rendered":"https:\/\/ocorreionews.com.br\/?p=5314"},"modified":"2015-07-13T13:03:58","modified_gmt":"2015-07-13T17:03:58","slug":"em-dourados-irmao-mata-irma-com-dois-golpes-de-faca","status":"publish","type":"post","link":"https:\/\/www.ocorreionews.com.br\/acervo-correio\/?p=5314","title":{"rendered":"Em Dourados Irm\u00e3o mata irm\u00e3 com dois golpes de faca"},"content":{"rendered":"<p>Morreu na mulher de 38 anos que foi agredida com duas facadas no dia 18 de junho, em Dourados. Maril\u00e9ia Costa Gomes estava internada em estado grave na UTI do Hospital da Vida.<\/p>\n<p>Segundo a pol\u00edcia, Maril\u00e9ia foi agredida com duas facadas na barriga quando visitava os filhos que estavam na casa da m\u00e3e, na Rua Rouxinol no bairro BNH 4\u00ba Plano.<\/p>\n<p>Valnilson Costa Gomes, de 49 anos, irm\u00e3o da vitima \u00e9 o principal suspeito e est\u00e1 foragido. Ap\u00f3s agredir a irm\u00e3, Vanilson deixou o local em uma moto. O filho da vitima acionou o marido de Maril\u00e9ia, que chamou o Servi\u00e7o de Atendimento M\u00f3vel de Urg\u00eancia (Samu).<\/p>\n<p>Ela estava internada na unidade de terapia intensiva (UTI) do hospital da vida, e na noite de ontem morreu.<\/p>\n<p>Foto: Sidnei Bronka- 94FM Dourados<\/p>\n","protected":false},"excerpt":{"rendered":"<p>Morreu na mulher de 38 anos que foi agredida com duas facadas no dia 18 de junho, em Dourados. Maril\u00e9ia Costa Gomes estava internada em estado grave na UTI do Hospital da Vida. Segundo a pol\u00edcia, Maril\u00e9ia foi agredida com duas facadas na barriga quando visitava os filhos que estavam na casa da m\u00e3e, na [&hellip;]<\/p>\n","protected":false},"author":4,"featured_media":5315,"comment_status":"closed","ping_status":"closed","sticky":false,"template":"","format":"standard","meta":{"footnotes":""},"categories":[38],"tags":[],"class_list":["post-5314","post","type-post","status-publish","format-standard","has-post-thumbnail","hentry","category-policia"],"_links":{"self":[{"href":"https:\/\/www.ocorreionews.com.br\/acervo-correio\/index.php?rest_route=\/wp\/v2\/posts\/5314","targetHints":{"allow":["GET"]}}],"collection":[{"href":"https:\/\/www.ocorreionews.com.br\/acervo-correio\/index.php?rest_route=\/wp\/v2\/posts"}],"about":[{"href":"https:\/\/www.ocorreionews.com.br\/acervo-correio\/index.php?rest_route=\/wp\/v2\/types\/post"}],"author":[{"embeddable":true,"href":"https:\/\/www.ocorreionews.com.br\/acervo-correio\/index.php?rest_route=\/wp\/v2\/users\/4"}],"replies":[{"embeddable":true,"href":"https:\/\/www.ocorreionews.com.br\/acervo-correio\/index.php?rest_route=%2Fwp%2Fv2%2Fcomments&post=5314"}],"version-history":[{"count":0,"href":"https:\/\/www.ocorreionews.com.br\/acervo-correio\/index.php?rest_route=\/wp\/v2\/posts\/5314\/revisions"}],"wp:featuredmedia":[{"embeddable":true,"href":"https:\/\/www.ocorreionews.com.br\/acervo-correio\/index.php?rest_route=\/wp\/v2\/media\/5315"}],"wp:attachment":[{"href":"https:\/\/www.ocorreionews.com.br\/acervo-correio\/index.php?rest_route=%2Fwp%2Fv2%2Fmedia&parent=5314"}],"wp:term":[{"taxonomy":"category","embeddable":true,"href":"https:\/\/www.ocorreionews.com.br\/acervo-correio\/index.php?rest_route=%2Fwp%2Fv2%2Fcategories&post=5314"},{"taxonomy":"post_tag","embeddable":true,"href":"https:\/\/www.ocorreionews.com.br\/acervo-correio\/index.php?rest_route=%2Fwp%2Fv2%2Ftags&post=5314"}],"curies":[{"name":"wp","href":"https:\/\/api.w.org\/{rel}","templated":true}]}}