{"id":5317,"date":"2015-07-13T13:16:41","date_gmt":"2015-07-13T17:16:41","guid":{"rendered":"https:\/\/ocorreionews.com.br\/?p=5317"},"modified":"2015-07-13T13:16:41","modified_gmt":"2015-07-13T17:16:41","slug":"policia-investiga-morte-de-homem-em-clinica-de-recuperacao-em-coxim","status":"publish","type":"post","link":"https:\/\/www.ocorreionews.com.br\/acervo-correio\/?p=5317","title":{"rendered":"Pol\u00edcia investiga morte de homem em cl\u00ednica de recupera\u00e7\u00e3o em Coxim"},"content":{"rendered":"<p style=\"text-align: justify;\">A Pol\u00edcia Civil est\u00e1 investigando a morte de um homem, que vamos identificar apenas como A. S.B., de 37 anos, ocorrida por volta das 20h30 deste s\u00e1bado (11), numa cl\u00ednica de recupera\u00e7\u00e3o de dependentes qu\u00edmicos, no bairro Fl\u00e1vio Garcia, em Coxim.<\/p>\n<p style=\"text-align: justify;\">Inicialmente o caso est\u00e1 sendo tratado como suic\u00eddio, pois a informa\u00e7\u00e3o repassada a pol\u00edcia foi de que o interno se enforcou amarrando um cinto no beliche de um dos quartos da cl\u00ednica. O homem chegou a ser socorrido, mas chegou ao Hospital Regional sem vida.<\/p>\n<p style=\"text-align: justify;\">A necropsia realizada na manh\u00e3 deste domingo (12) constatou asfixia mec\u00e2nica, em seguida o corpo foi liberado para a fam\u00edlia. Segundo o delegado Gustavo Mussi, ele vai ouvir os respons\u00e1veis pela cl\u00ednica, assim como testemunhas.<\/p>\n<p style=\"text-align: justify;\">O cinto que teria sido utilizado foi apreendido pela Pol\u00edcia Civil. A.S.B. era dependente qu\u00edmico e apresentava quadro de esquizofrenia, precisando fazer uso di\u00e1rio de medicamentos, al\u00e9m de acompanhamento m\u00e9dico.<\/p>\n<p style=\"text-align: justify;\">Sheila Forato- edi\u00e7\u00e3odenoticias<\/p>\n","protected":false},"excerpt":{"rendered":"<p>A Pol\u00edcia Civil est\u00e1 investigando a morte de um homem, que vamos identificar apenas como A. S.B., de 37 anos, ocorrida por volta das 20h30 deste s\u00e1bado (11), numa cl\u00ednica de recupera\u00e7\u00e3o de dependentes qu\u00edmicos, no bairro Fl\u00e1vio Garcia, em Coxim. Inicialmente o caso est\u00e1 sendo tratado como suic\u00eddio, pois a informa\u00e7\u00e3o repassada a pol\u00edcia [&hellip;]<\/p>\n","protected":false},"author":4,"featured_media":5318,"comment_status":"closed","ping_status":"closed","sticky":false,"template":"","format":"standard","meta":{"footnotes":""},"categories":[38],"tags":[],"class_list":["post-5317","post","type-post","status-publish","format-standard","has-post-thumbnail","hentry","category-policia"],"_links":{"self":[{"href":"https:\/\/www.ocorreionews.com.br\/acervo-correio\/index.php?rest_route=\/wp\/v2\/posts\/5317","targetHints":{"allow":["GET"]}}],"collection":[{"href":"https:\/\/www.ocorreionews.com.br\/acervo-correio\/index.php?rest_route=\/wp\/v2\/posts"}],"about":[{"href":"https:\/\/www.ocorreionews.com.br\/acervo-correio\/index.php?rest_route=\/wp\/v2\/types\/post"}],"author":[{"embeddable":true,"href":"https:\/\/www.ocorreionews.com.br\/acervo-correio\/index.php?rest_route=\/wp\/v2\/users\/4"}],"replies":[{"embeddable":true,"href":"https:\/\/www.ocorreionews.com.br\/acervo-correio\/index.php?rest_route=%2Fwp%2Fv2%2Fcomments&post=5317"}],"version-history":[{"count":0,"href":"https:\/\/www.ocorreionews.com.br\/acervo-correio\/index.php?rest_route=\/wp\/v2\/posts\/5317\/revisions"}],"wp:featuredmedia":[{"embeddable":true,"href":"https:\/\/www.ocorreionews.com.br\/acervo-correio\/index.php?rest_route=\/wp\/v2\/media\/5318"}],"wp:attachment":[{"href":"https:\/\/www.ocorreionews.com.br\/acervo-correio\/index.php?rest_route=%2Fwp%2Fv2%2Fmedia&parent=5317"}],"wp:term":[{"taxonomy":"category","embeddable":true,"href":"https:\/\/www.ocorreionews.com.br\/acervo-correio\/index.php?rest_route=%2Fwp%2Fv2%2Fcategories&post=5317"},{"taxonomy":"post_tag","embeddable":true,"href":"https:\/\/www.ocorreionews.com.br\/acervo-correio\/index.php?rest_route=%2Fwp%2Fv2%2Ftags&post=5317"}],"curies":[{"name":"wp","href":"https:\/\/api.w.org\/{rel}","templated":true}]}}