{"id":5330,"date":"2015-07-13T15:20:49","date_gmt":"2015-07-13T19:20:49","guid":{"rendered":"https:\/\/ocorreionews.com.br\/?p=5330"},"modified":"2015-07-13T15:20:49","modified_gmt":"2015-07-13T19:20:49","slug":"o-uso-intensivo-e-sustentavel-dos-recursos-naturais","status":"publish","type":"post","link":"https:\/\/www.ocorreionews.com.br\/acervo-correio\/?p=5330","title":{"rendered":"O uso intensivo e sustent\u00e1vel dos recursos naturais"},"content":{"rendered":"<p style=\"text-align: justify;\">Maur\u00edcio Ant\u00f4nio Lopes<\/p>\n<p style=\"text-align: justify;\">Presidente da Embrapa<\/p>\n<p style=\"text-align: justify;\">\n<p style=\"text-align: justify;\">\u201cIntensifica\u00e7\u00e3o sustent\u00e1vel.\u201d Este \u00e9 um conceito que cada vez mais ganhar\u00e1 notoriedade. A raz\u00e3o \u00e9 simples. A popula\u00e7\u00e3o mundial seguir\u00e1 crescendo, mais urbanizada e exigente, em um planeta de recursos naturais finitos. Vai exigir mais alimentos, energia e bem-estar, o que requer uso mais eficiente das riquezas da natureza &#8211; e ser\u00e1 preciso conservar tais bens para as gera\u00e7\u00f5es futuras. \u201cFechar essa conta\u201d define a intensifica\u00e7\u00e3o sustent\u00e1vel.<\/p>\n<p style=\"text-align: justify;\">O estudo <em>Vis\u00e3o 2014-2034: o futuro do desenvolvimento tecnol\u00f3gico da agricultura brasileira<\/em>, lan\u00e7ado pela Embrapa em 2014, sinaliza que, por volta de 2030, poucos pa\u00edses v\u00e3o concentrar boa parcela da popula\u00e7\u00e3o e da renda. A popula\u00e7\u00e3o mundial, gradativamente se tornar\u00e1 mais idosa. A renda per capita em importantes pa\u00edses consumidores ir\u00e1 se elevar, assim como a demanda por prote\u00ednas nobres como leite, carne, ovos, peixes, frutas, verduras e legumes.<\/p>\n<p style=\"text-align: justify;\">Em duas d\u00e9cadas, deve aumentar em 3 bilh\u00f5es o n\u00famero de consumidores do planeta e a regi\u00e3o da \u00c1sia-Pac\u00edfico concentrar\u00e1 cerca de 60% da classe m\u00e9dia mundial. T\u00e3o significativo quanto o crescimento da popula\u00e7\u00e3o e a mudan\u00e7a das exig\u00eancias e prefer\u00eancias dos consumidores \u00e9 o fato de que tal cen\u00e1rio dever\u00e1 ser observado mais em regi\u00f5es onde \u00e9 baixa a possibilidade de se ampliar a produ\u00e7\u00e3o de alimentos. H\u00e1 car\u00eancia de terras agricult\u00e1veis e de recursos essenciais, principalmente \u00e1gua, como nas imensas \u00e1reas des\u00e9rticas e semi\u00e1ridas da \u00c1frica e da \u00c1sia.<\/p>\n<p style=\"text-align: justify;\">No mundo, as \u00e1reas que poderiam ser utilizadas para a expans\u00e3o da fronteira agr\u00edcola est\u00e3o na R\u00fassia e no Leste Europeu. Mas seu aproveitamento \u00e9 limitado em raz\u00e3o do clima e da necessidade de grandes investimentos, de dif\u00edcil realiza\u00e7\u00e3o nas pr\u00f3ximas d\u00e9cadas. O Canad\u00e1, pa\u00eds onde h\u00e1 terras e boa infraestrutura de suporte \u00e0 produ\u00e7\u00e3o agr\u00edcola, convive com s\u00e9rias limita\u00e7\u00f5es clim\u00e1ticas.<\/p>\n<p style=\"text-align: justify;\">A Am\u00e9rica do Sul \u00e9 a regi\u00e3o que disp\u00f5e de condi\u00e7\u00f5es de clima e recursos naturais mais favor\u00e1veis para a expans\u00e3o sustent\u00e1vel da atividade agr\u00edcola, especialmente em sua faixa tropical e subtropical. Potencial semelhante existe em partes da \u00c1frica Subsaariana, embora o aproveitamento nessa regi\u00e3o dependa de substantivas mudan\u00e7as pol\u00edticas e estruturais, uma tarefa para muitas gera\u00e7\u00f5es.<\/p>\n<p style=\"text-align: justify;\">Repousa, portanto, sobre a Am\u00e9rica Tropical, a grande responsabilidade de alimentar a popula\u00e7\u00e3o e, ao mesmo tempo, ampliar a a\u00e7\u00e3o de prover alimentos para um mundo que seguir\u00e1 crescendo e demandando em quantidade, diversidade e alto padr\u00e3o de qualidade. Faz\u00ea-lo, de forma sustent\u00e1vel, demandar\u00e1 sofistica\u00e7\u00e3o tecnol\u00f3gica que amplie a efici\u00eancia de uso dos recursos ambientais \u2013 especialmente \u00e1gua, solo e biodiversidade \u2013 e garanta servi\u00e7os ecossist\u00eamicos adequados, como reciclagem de res\u00edduos, recomposi\u00e7\u00e3o das reservas h\u00eddricas, melhoria da atmosfera, dentre outros.<\/p>\n<p style=\"text-align: justify;\">O Brasil lidera um grande esfor\u00e7o de gera\u00e7\u00e3o e uso de tecnologias &#8220;poupa-recursos&#8221;, de baixa emiss\u00e3o de carbono, capaz de promover a expans\u00e3o sustent\u00e1vel da produ\u00e7\u00e3o agr\u00edcola. Expans\u00e3o baseada mais em ganhos na produtividade da terra, em sintonia com o novo C\u00f3digo Florestal. O Plano ABC &#8211; \u201cAgricultura de Baixa Emiss\u00e3o de Carbono\u201d \u00e9 uma arrojada pol\u00edtica p\u00fablica que visa ampliar a recupera\u00e7\u00e3o de pastagens degradadas, a integra\u00e7\u00e3o lavoura-pecu\u00e1ria-floresta (ILPF), o sistema de plantio direto (SPD), a fixa\u00e7\u00e3o biol\u00f3gica de nitrog\u00eanio (FBN), florestas plantadas e o tratamento de dejetos animais.<\/p>\n<p style=\"text-align: justify;\">Por isso, chama a aten\u00e7\u00e3o do mundo o potencial de intensifica\u00e7\u00e3o sustent\u00e1vel da agricultura brasileira. Uma grande extens\u00e3o de nossas \u00e1reas agr\u00edcolas pode ser utilizada de maneira segura 365 dias ao ano, produzindo, no mesmo espa\u00e7o, gr\u00e3os, prote\u00edna animal, fibras e bioenergia. E, diferentemente de qualquer grande produtor de alimentos no mundo, o Brasil mant\u00e9m 62% do seu territ\u00f3rio com cobertura vegetal natural.<\/p>\n<p style=\"text-align: justify;\">Esse protagonismo\u00a0e as oportunidades de gera\u00e7\u00e3o e dissemina\u00e7\u00e3o de tecnologias capazes de promover a expans\u00e3o sustent\u00e1vel da produ\u00e7\u00e3o agropecu\u00e1ria\u00a0dominar\u00e3o\u00a0as discuss\u00f5es\u00a0de especialistas\u00a0nacionais e internacionais no\u00a0primeiro Congresso Mundial sobre Integra\u00e7\u00e3o Lavoura-Pecu\u00e1ria-Floresta. O evento,\u00a0organizado pela Embrapa\u00a0e institui\u00e7\u00f5es parceiras do Brasil e do exterior, esta semana,\u00a0no Centro de Conven\u00e7\u00f5es Ulysses Guimar\u00e3es, em Bras\u00edlia.<\/p>\n<p style=\"text-align: justify;\">\n<p style=\"text-align: justify;\">Este f\u00f3rum ter\u00e1 como pano de fundo a ambi\u00e7\u00e3o de se garantir a seguran\u00e7a alimentar e nutricional no futuro. \u00c9 uma grande oportunidade para que o Brasil se apresente como na\u00e7\u00e3o preparada a contribuir por duas vias complementares: pela via da voca\u00e7\u00e3o natural, de pa\u00eds grande e diverso, com pujante riqueza ambiental; e pela via da compet\u00eancia, amparada em sua hist\u00f3ria de pesquisa e inova\u00e7\u00e3o agropecu\u00e1ria consolidada nas \u00faltimas quatro d\u00e9cadas.<\/p>\n","protected":false},"excerpt":{"rendered":"<p>Maur\u00edcio Ant\u00f4nio Lopes Presidente da Embrapa \u201cIntensifica\u00e7\u00e3o sustent\u00e1vel.\u201d Este \u00e9 um conceito que cada vez mais ganhar\u00e1 notoriedade. A raz\u00e3o \u00e9 simples. A popula\u00e7\u00e3o mundial seguir\u00e1 crescendo, mais urbanizada e exigente, em um planeta de recursos naturais finitos. Vai exigir mais alimentos, energia e bem-estar, o que requer uso mais eficiente das riquezas da natureza [&hellip;]<\/p>\n","protected":false},"author":4,"featured_media":5331,"comment_status":"closed","ping_status":"closed","sticky":false,"template":"","format":"standard","meta":{"footnotes":""},"categories":[17],"tags":[],"class_list":["post-5330","post","type-post","status-publish","format-standard","has-post-thumbnail","hentry","category-agropecuaria"],"_links":{"self":[{"href":"https:\/\/www.ocorreionews.com.br\/acervo-correio\/index.php?rest_route=\/wp\/v2\/posts\/5330","targetHints":{"allow":["GET"]}}],"collection":[{"href":"https:\/\/www.ocorreionews.com.br\/acervo-correio\/index.php?rest_route=\/wp\/v2\/posts"}],"about":[{"href":"https:\/\/www.ocorreionews.com.br\/acervo-correio\/index.php?rest_route=\/wp\/v2\/types\/post"}],"author":[{"embeddable":true,"href":"https:\/\/www.ocorreionews.com.br\/acervo-correio\/index.php?rest_route=\/wp\/v2\/users\/4"}],"replies":[{"embeddable":true,"href":"https:\/\/www.ocorreionews.com.br\/acervo-correio\/index.php?rest_route=%2Fwp%2Fv2%2Fcomments&post=5330"}],"version-history":[{"count":0,"href":"https:\/\/www.ocorreionews.com.br\/acervo-correio\/index.php?rest_route=\/wp\/v2\/posts\/5330\/revisions"}],"wp:featuredmedia":[{"embeddable":true,"href":"https:\/\/www.ocorreionews.com.br\/acervo-correio\/index.php?rest_route=\/wp\/v2\/media\/5331"}],"wp:attachment":[{"href":"https:\/\/www.ocorreionews.com.br\/acervo-correio\/index.php?rest_route=%2Fwp%2Fv2%2Fmedia&parent=5330"}],"wp:term":[{"taxonomy":"category","embeddable":true,"href":"https:\/\/www.ocorreionews.com.br\/acervo-correio\/index.php?rest_route=%2Fwp%2Fv2%2Fcategories&post=5330"},{"taxonomy":"post_tag","embeddable":true,"href":"https:\/\/www.ocorreionews.com.br\/acervo-correio\/index.php?rest_route=%2Fwp%2Fv2%2Ftags&post=5330"}],"curies":[{"name":"wp","href":"https:\/\/api.w.org\/{rel}","templated":true}]}}