{"id":5333,"date":"2015-07-13T15:31:55","date_gmt":"2015-07-13T19:31:55","guid":{"rendered":"https:\/\/ocorreionews.com.br\/?p=5333"},"modified":"2015-07-13T15:31:55","modified_gmt":"2015-07-13T19:31:55","slug":"cantora-gospel-thalyta-silva-de-paraiso-das-aguas-lanca-seu-1o-album","status":"publish","type":"post","link":"https:\/\/www.ocorreionews.com.br\/acervo-correio\/?p=5333","title":{"rendered":"Cantora Gospel Thalyta Silva de Para\u00edso das \u00c1guas lan\u00e7a seu 1\u00ba \u00e1lbum"},"content":{"rendered":"<p style=\"text-align: justify;\"><span style=\"font-family: helvetica; font-size: medium;\">A cantora gospel Thalyta Silva, lan\u00e7a seu primeiro CD &#8211; <b>Valeu a pena &#8211;<\/b> com 09 grandes sucessos da cantora. J\u00e1 conhecida no universo gospel, Thalyta Silva vem se destacando com sua voz marcante e tomada pela Espirito Santo.<\/span><\/p>\n<div style=\"text-align: justify;\"><span style=\"font-family: helvetica; font-size: medium;\">\u00a0<\/span><\/div>\n<div style=\"text-align: justify;\"><span style=\"font-family: helvetica; font-size: medium;\">Thalyta Silva, de apenas 17 anos, \u00a0\u00e9 uma jovem paraisense, uma grande guerreira, querida e respeitada pelos seus familiares e amigos. Diante de uma grande prova\u00e7\u00e3o, ela realizou seu maior sonho &#8211; de gravar um CD com suas m\u00fasicas evang\u00e9licas.<\/span><\/div>\n<div style=\"text-align: justify;\"><span style=\"font-family: helvetica; font-size: medium;\">\u00a0<\/span><\/div>\n<div style=\"text-align: justify;\"><span style=\"font-family: helvetica; font-size: medium;\">No\u00a0in\u00edcio\u00a0deste ano, enquanto produzia seu CD, Thalyta Silva perdeu sua m\u00e3e, que faleceu em seus bra\u00e7os ouvindo uma de suas can\u00e7\u00f5es prediletas, a m\u00fasica &#8220;Andorinha Machucada&#8221;, na qual Thalyta fez quest\u00e3o de incluir no seu repert\u00f3rio, sendo a faixa 04 do CD. Era o sonho de sua m\u00e3e Ros\u00e2ngela, poder ver a filha fazendo sucesso com suas m\u00fasicas.<\/span><\/div>\n<div style=\"text-align: justify;\"><span style=\"font-family: helvetica; font-size: medium;\">\u00a0<\/span><\/div>\n<div style=\"text-align: justify;\"><span style=\"font-family: helvetica; font-size: medium;\">Mesmo diante da maior perda de sua vida, a talentosa jovem, continuou esfor\u00e7ando em busca de seus objetivos e da realiza\u00e7\u00e3o de seu sonho. Finalmente ela exibe seu primeiro \u00e1lbum, um trabalho com um resultado final maravilhoso e que traz m\u00fasicas espirituais de alta qualidade de produ\u00e7\u00e3o e com uma\u00a0discografia cuidadosamente selecionada para o p\u00fablico.<\/span><\/div>\n<div style=\"text-align: justify;\"><span style=\"font-family: helvetica; font-size: medium;\">\u00a0<\/span><\/div>\n<div style=\"text-align: justify;\"><span style=\"font-family: helvetica; font-size: medium;\">Thalyta Silva planeja agora lan\u00e7ar oficialmente seu 1\u00ba \u00e1lbum. Aproveite para levar para sua cidade e evento uma cantora inspirada pelo Esp\u00edrito Santo, de testemunho crist\u00e3o e que f<\/p>\n","protected":false},"excerpt":{"rendered":"<p>A cantora gospel Thalyta Silva, lan\u00e7a seu primeiro CD &#8211; Valeu a pena &#8211; com 09 grandes sucessos da cantora. J\u00e1 conhecida no universo gospel, Thalyta Silva vem se destacando com sua voz marcante e tomada pela Espirito Santo. \u00a0 Thalyta Silva, de apenas 17 anos, \u00a0\u00e9 uma jovem paraisense, uma grande guerreira, querida e [&hellip;]<\/p>\n","protected":false},"author":4,"featured_media":5334,"comment_status":"closed","ping_status":"closed","sticky":false,"template":"","format":"standard","meta":{"footnotes":""},"categories":[36],"tags":[],"class_list":["post-5333","post","type-post","status-publish","format-standard","has-post-thumbnail","hentry","category-paraiso-das-aguas"],"_links":{"self":[{"href":"https:\/\/www.ocorreionews.com.br\/acervo-correio\/index.php?rest_route=\/wp\/v2\/posts\/5333","targetHints":{"allow":["GET"]}}],"collection":[{"href":"https:\/\/www.ocorreionews.com.br\/acervo-correio\/index.php?rest_route=\/wp\/v2\/posts"}],"about":[{"href":"https:\/\/www.ocorreionews.com.br\/acervo-correio\/index.php?rest_route=\/wp\/v2\/types\/post"}],"author":[{"embeddable":true,"href":"https:\/\/www.ocorreionews.com.br\/acervo-correio\/index.php?rest_route=\/wp\/v2\/users\/4"}],"replies":[{"embeddable":true,"href":"https:\/\/www.ocorreionews.com.br\/acervo-correio\/index.php?rest_route=%2Fwp%2Fv2%2Fcomments&post=5333"}],"version-history":[{"count":0,"href":"https:\/\/www.ocorreionews.com.br\/acervo-correio\/index.php?rest_route=\/wp\/v2\/posts\/5333\/revisions"}],"wp:featuredmedia":[{"embeddable":true,"href":"https:\/\/www.ocorreionews.com.br\/acervo-correio\/index.php?rest_route=\/wp\/v2\/media\/5334"}],"wp:attachment":[{"href":"https:\/\/www.ocorreionews.com.br\/acervo-correio\/index.php?rest_route=%2Fwp%2Fv2%2Fmedia&parent=5333"}],"wp:term":[{"taxonomy":"category","embeddable":true,"href":"https:\/\/www.ocorreionews.com.br\/acervo-correio\/index.php?rest_route=%2Fwp%2Fv2%2Fcategories&post=5333"},{"taxonomy":"post_tag","embeddable":true,"href":"https:\/\/www.ocorreionews.com.br\/acervo-correio\/index.php?rest_route=%2Fwp%2Fv2%2Ftags&post=5333"}],"curies":[{"name":"wp","href":"https:\/\/api.w.org\/{rel}","templated":true}]}}