{"id":5341,"date":"2015-07-14T06:09:09","date_gmt":"2015-07-14T10:09:09","guid":{"rendered":"https:\/\/ocorreionews.com.br\/?p=5341"},"modified":"2015-07-14T06:09:09","modified_gmt":"2015-07-14T10:09:09","slug":"pauta-da-sessao-da-camara-dessa-terca-feira-14","status":"publish","type":"post","link":"https:\/\/www.ocorreionews.com.br\/acervo-correio\/?p=5341","title":{"rendered":"Pauta da Sess\u00e3o da C\u00e2mara dessa ter\u00e7a-feira 14"},"content":{"rendered":"<p style=\"text-align: left;\" align=\"center\"><strong>PAUTA PARA A 1069\u00aa SESS\u00c3O ORDIN\u00c1RIA, DA 3\u00aa<\/strong><strong>\u00a0<\/strong><strong>SESS\u00c3O<\/strong><strong>\u00a0<\/strong><strong>LEGISLATIVA, DA 7\u00aa LEGISLATURA, A REALIZAR-SENO DIA 14\/07\/2015 \u2013 TER\u00c7A-FEIRA \u00c0S 8h<\/strong><\/p>\n<p align=\"center\"><strong>\u00a0ORDEM DO DIA<br \/>\n<\/strong><\/p>\n<p><strong>&#8211; Mensagem n\u00ba 034\/2015. Executivo<\/strong>.<\/p>\n<p>Veto parcial ao Aut\u00f3grafo n\u00ba 1137\/2015, DE 22 DE JUNHO DE 2015. \u201cDisp\u00f5e sobre as Diretrizes Or\u00e7ament\u00e1rias para o exerc\u00edcio de 2016 e d\u00e1 outras provid\u00eancias\u201d.<\/p>\n<p><strong>\u00a0<\/strong><\/p>\n<p><strong>\u00a0<\/strong><\/p>\n<p><strong>\u00a0<\/strong><\/p>\n<p align=\"center\">SECRETARIA DAS SESS\u00d5ES, 13 DE JULHO DE 2015.<\/p>\n<p align=\"center\">Jacqueline C. Tomiazzi Belotti,<\/p>\n<p align=\"center\">Coordenadora de Atividades Legislativa.<\/p>\n<p>&nbsp;<\/p>\n","protected":false},"excerpt":{"rendered":"<p>PAUTA PARA A 1069\u00aa SESS\u00c3O ORDIN\u00c1RIA, DA 3\u00aa\u00a0SESS\u00c3O\u00a0LEGISLATIVA, DA 7\u00aa LEGISLATURA, A REALIZAR-SENO DIA 14\/07\/2015 \u2013 TER\u00c7A-FEIRA \u00c0S 8h \u00a0ORDEM DO DIA &#8211; Mensagem n\u00ba 034\/2015. Executivo. Veto parcial ao Aut\u00f3grafo n\u00ba 1137\/2015, DE 22 DE JUNHO DE 2015. \u201cDisp\u00f5e sobre as Diretrizes Or\u00e7ament\u00e1rias para o exerc\u00edcio de 2016 e d\u00e1 outras provid\u00eancias\u201d. \u00a0 \u00a0 [&hellip;]<\/p>\n","protected":false},"author":4,"featured_media":1813,"comment_status":"closed","ping_status":"closed","sticky":false,"template":"","format":"standard","meta":{"footnotes":""},"categories":[20],"tags":[],"class_list":["post-5341","post","type-post","status-publish","format-standard","has-post-thumbnail","hentry","category-camara-municipal"],"_links":{"self":[{"href":"https:\/\/www.ocorreionews.com.br\/acervo-correio\/index.php?rest_route=\/wp\/v2\/posts\/5341","targetHints":{"allow":["GET"]}}],"collection":[{"href":"https:\/\/www.ocorreionews.com.br\/acervo-correio\/index.php?rest_route=\/wp\/v2\/posts"}],"about":[{"href":"https:\/\/www.ocorreionews.com.br\/acervo-correio\/index.php?rest_route=\/wp\/v2\/types\/post"}],"author":[{"embeddable":true,"href":"https:\/\/www.ocorreionews.com.br\/acervo-correio\/index.php?rest_route=\/wp\/v2\/users\/4"}],"replies":[{"embeddable":true,"href":"https:\/\/www.ocorreionews.com.br\/acervo-correio\/index.php?rest_route=%2Fwp%2Fv2%2Fcomments&post=5341"}],"version-history":[{"count":0,"href":"https:\/\/www.ocorreionews.com.br\/acervo-correio\/index.php?rest_route=\/wp\/v2\/posts\/5341\/revisions"}],"wp:featuredmedia":[{"embeddable":true,"href":"https:\/\/www.ocorreionews.com.br\/acervo-correio\/index.php?rest_route=\/wp\/v2\/media\/1813"}],"wp:attachment":[{"href":"https:\/\/www.ocorreionews.com.br\/acervo-correio\/index.php?rest_route=%2Fwp%2Fv2%2Fmedia&parent=5341"}],"wp:term":[{"taxonomy":"category","embeddable":true,"href":"https:\/\/www.ocorreionews.com.br\/acervo-correio\/index.php?rest_route=%2Fwp%2Fv2%2Fcategories&post=5341"},{"taxonomy":"post_tag","embeddable":true,"href":"https:\/\/www.ocorreionews.com.br\/acervo-correio\/index.php?rest_route=%2Fwp%2Fv2%2Ftags&post=5341"}],"curies":[{"name":"wp","href":"https:\/\/api.w.org\/{rel}","templated":true}]}}