{"id":5349,"date":"2015-07-14T06:21:42","date_gmt":"2015-07-14T10:21:42","guid":{"rendered":"https:\/\/ocorreionews.com.br\/?p=5349"},"modified":"2015-07-14T06:22:24","modified_gmt":"2015-07-14T10:22:24","slug":"vereador-ilton-perde-o-cargo-por-ter-votado-a-favor-da-abertura-da-cp-2","status":"publish","type":"post","link":"https:\/\/www.ocorreionews.com.br\/acervo-correio\/?p=5349","title":{"rendered":"Vereador Ilton perde o cargo por ter votado a favor da abertura da CP"},"content":{"rendered":"<p style=\"text-align: justify;\">Na noite de ontem o vereador Ilton Henrichesen, ao usar da tribuna fez a sua despedida do cargo de vereador.<\/p>\n<p style=\"text-align: justify;\">Ocupando o cargo de vereador suplente de T\u00e2nia Francini, Ilton era l\u00edder do prefeito, mas, n\u00e3o seguiu as determina\u00e7\u00f5es do grupo e seguindo a sua doutrina de trabalhar para o bem do munic\u00edpio, votou a favor da abertura da Comiss\u00e3o Processante, contra o prefeito e, esse temendo que ele seria o voto decisivo na sua cassa\u00e7\u00e3o, determinou a volta da vereadora Tania Francini, a C\u00e2mara. Ela que atualmente ocupa o cargo de secretaria de governo.<\/p>\n<p style=\"text-align: justify;\">O vereador Ilton afirmou, que ele tem suas convic\u00e7\u00f5es pr\u00f3prias e que n\u00e3o iria carregar um fardo e nem ser um vereador que segue determina\u00e7\u00f5es de outras pessoas e que sai com a consci\u00eancia limpa do dever cumprido.<\/p>\n<p style=\"text-align: justify;\">Por outro lado, fica a interroga\u00e7\u00e3o quanto a volta da vereadora T\u00e2nia Francini, que faz parte do time do prefeito, se ela vai cumprir com a sua palavra em TRIBUNA, quando afirmou h\u00e1 pouco tempo atr\u00e1s que: \u201cSe for provado que h\u00e1 irregularidade na administra\u00e7\u00e3o, ela vai votar da abertura de CPI ou at\u00e9 mesmo do afastamento do prefeito\u201d.<\/p>\n","protected":false},"excerpt":{"rendered":"<p>Na noite de ontem o vereador Ilton Henrichesen, ao usar da tribuna fez a sua despedida do cargo de vereador. Ocupando o cargo de vereador suplente de T\u00e2nia Francini, Ilton era l\u00edder do prefeito, mas, n\u00e3o seguiu as determina\u00e7\u00f5es do grupo e seguindo a sua doutrina de trabalhar para o bem do munic\u00edpio, votou a [&hellip;]<\/p>\n","protected":false},"author":4,"featured_media":5350,"comment_status":"closed","ping_status":"closed","sticky":false,"template":"","format":"standard","meta":{"footnotes":""},"categories":[20,23],"tags":[],"class_list":["post-5349","post","type-post","status-publish","format-standard","has-post-thumbnail","hentry","category-camara-municipal","category-chapadao-do-sul"],"_links":{"self":[{"href":"https:\/\/www.ocorreionews.com.br\/acervo-correio\/index.php?rest_route=\/wp\/v2\/posts\/5349","targetHints":{"allow":["GET"]}}],"collection":[{"href":"https:\/\/www.ocorreionews.com.br\/acervo-correio\/index.php?rest_route=\/wp\/v2\/posts"}],"about":[{"href":"https:\/\/www.ocorreionews.com.br\/acervo-correio\/index.php?rest_route=\/wp\/v2\/types\/post"}],"author":[{"embeddable":true,"href":"https:\/\/www.ocorreionews.com.br\/acervo-correio\/index.php?rest_route=\/wp\/v2\/users\/4"}],"replies":[{"embeddable":true,"href":"https:\/\/www.ocorreionews.com.br\/acervo-correio\/index.php?rest_route=%2Fwp%2Fv2%2Fcomments&post=5349"}],"version-history":[{"count":0,"href":"https:\/\/www.ocorreionews.com.br\/acervo-correio\/index.php?rest_route=\/wp\/v2\/posts\/5349\/revisions"}],"wp:featuredmedia":[{"embeddable":true,"href":"https:\/\/www.ocorreionews.com.br\/acervo-correio\/index.php?rest_route=\/wp\/v2\/media\/5350"}],"wp:attachment":[{"href":"https:\/\/www.ocorreionews.com.br\/acervo-correio\/index.php?rest_route=%2Fwp%2Fv2%2Fmedia&parent=5349"}],"wp:term":[{"taxonomy":"category","embeddable":true,"href":"https:\/\/www.ocorreionews.com.br\/acervo-correio\/index.php?rest_route=%2Fwp%2Fv2%2Fcategories&post=5349"},{"taxonomy":"post_tag","embeddable":true,"href":"https:\/\/www.ocorreionews.com.br\/acervo-correio\/index.php?rest_route=%2Fwp%2Fv2%2Ftags&post=5349"}],"curies":[{"name":"wp","href":"https:\/\/api.w.org\/{rel}","templated":true}]}}