{"id":5362,"date":"2015-07-14T08:52:32","date_gmt":"2015-07-14T12:52:32","guid":{"rendered":"https:\/\/ocorreionews.com.br\/?p=5362"},"modified":"2015-07-14T08:52:32","modified_gmt":"2015-07-14T12:52:32","slug":"vii-conferencia-municipal-de-saude-sera-realizada-dia-16-de-julho-em-costa-rica","status":"publish","type":"post","link":"https:\/\/www.ocorreionews.com.br\/acervo-correio\/?p=5362","title":{"rendered":"VII Confer\u00eancia Municipal de Sa\u00fade ser\u00e1 realizada dia 16 de julho em Costa Rica"},"content":{"rendered":"<div class=\"marginBottom30px link-Internas\">\n<p>Na quinta \u2013feira, 16 de julho de 2015, acontece na sede do Rotary Club de Costa Rica \u2013 MS, a VII Confer\u00eancia Municipal de Sa\u00fade que ser\u00e1 realizada durante todo o dia, das 7h \u00e0s 17h.<\/p>\n<p>O evento \u00e9 uma realiza\u00e7\u00e3o da Secretaria Municipal de Sa\u00fade e do CMS \u2013 Conselho Municipal de Sa\u00fade e ter\u00e1 como p\u00fablico alvo usu\u00e1rios do SUS \u2013 Sistema \u00danico de Sa\u00fade \u2013 funcion\u00e1rios, coordenadores da sa\u00fade p\u00fablica e interessados da sociedade.<\/p>\n<p>A edi\u00e7\u00e3o deste ano tem o tema &#8220;Sa\u00fade P\u00fablica de qualidade para cuidar bem das pessoas: Direito do Povo Brasileiro&#8221;.<\/p>\n<p>\u201cA confer\u00eancia \u00e9 um espa\u00e7o de debates, discuss\u00f5es e defini\u00e7\u00f5es de Pol\u00edticas P\u00fablicas de Sa\u00fade no nosso Munic\u00edpio, portanto, a participa\u00e7\u00e3o da sociedade \u00e9 de fundamental import\u00e2ncia para o SUS que queremos\u201d, esclarece a secret\u00e1ria Adriana Tobal.<\/p>\n<p>O Rotary Club de Costa Rica est\u00e1 localizado na Rua S\u00e3o Jo\u00e3o, N\u00ba50, bairro S\u00e3o Francisco.<\/p>\n<\/div>\n<div class=\"marginBottom30px link-Internas\">ASSECOM\/PMCR<\/div>\n","protected":false},"excerpt":{"rendered":"<p>Na quinta \u2013feira, 16 de julho de 2015, acontece na sede do Rotary Club de Costa Rica \u2013 MS, a VII Confer\u00eancia Municipal de Sa\u00fade que ser\u00e1 realizada durante todo o dia, das 7h \u00e0s 17h. O evento \u00e9 uma realiza\u00e7\u00e3o da Secretaria Municipal de Sa\u00fade e do CMS \u2013 Conselho Municipal de Sa\u00fade e [&hellip;]<\/p>\n","protected":false},"author":4,"featured_media":5363,"comment_status":"closed","ping_status":"closed","sticky":false,"template":"","format":"standard","meta":{"footnotes":""},"categories":[25],"tags":[],"class_list":["post-5362","post","type-post","status-publish","format-standard","has-post-thumbnail","hentry","category-costa-rica"],"_links":{"self":[{"href":"https:\/\/www.ocorreionews.com.br\/acervo-correio\/index.php?rest_route=\/wp\/v2\/posts\/5362","targetHints":{"allow":["GET"]}}],"collection":[{"href":"https:\/\/www.ocorreionews.com.br\/acervo-correio\/index.php?rest_route=\/wp\/v2\/posts"}],"about":[{"href":"https:\/\/www.ocorreionews.com.br\/acervo-correio\/index.php?rest_route=\/wp\/v2\/types\/post"}],"author":[{"embeddable":true,"href":"https:\/\/www.ocorreionews.com.br\/acervo-correio\/index.php?rest_route=\/wp\/v2\/users\/4"}],"replies":[{"embeddable":true,"href":"https:\/\/www.ocorreionews.com.br\/acervo-correio\/index.php?rest_route=%2Fwp%2Fv2%2Fcomments&post=5362"}],"version-history":[{"count":0,"href":"https:\/\/www.ocorreionews.com.br\/acervo-correio\/index.php?rest_route=\/wp\/v2\/posts\/5362\/revisions"}],"wp:featuredmedia":[{"embeddable":true,"href":"https:\/\/www.ocorreionews.com.br\/acervo-correio\/index.php?rest_route=\/wp\/v2\/media\/5363"}],"wp:attachment":[{"href":"https:\/\/www.ocorreionews.com.br\/acervo-correio\/index.php?rest_route=%2Fwp%2Fv2%2Fmedia&parent=5362"}],"wp:term":[{"taxonomy":"category","embeddable":true,"href":"https:\/\/www.ocorreionews.com.br\/acervo-correio\/index.php?rest_route=%2Fwp%2Fv2%2Fcategories&post=5362"},{"taxonomy":"post_tag","embeddable":true,"href":"https:\/\/www.ocorreionews.com.br\/acervo-correio\/index.php?rest_route=%2Fwp%2Fv2%2Ftags&post=5362"}],"curies":[{"name":"wp","href":"https:\/\/api.w.org\/{rel}","templated":true}]}}