{"id":5365,"date":"2015-07-14T09:00:09","date_gmt":"2015-07-14T13:00:09","guid":{"rendered":"https:\/\/ocorreionews.com.br\/?p=5365"},"modified":"2015-07-14T09:05:01","modified_gmt":"2015-07-14T13:05:01","slug":"caravana-liderada-por-waldeli-leva-presidente-da-fundtur-empresarios-e-vereadores-para-conhecer-pontos-turisticos","status":"publish","type":"post","link":"https:\/\/www.ocorreionews.com.br\/acervo-correio\/?p=5365","title":{"rendered":"Caravana liderada por Waldeli leva presidente da FUNDTUR, empres\u00e1rios e vereadores para conhecer pontos tur\u00edsticos"},"content":{"rendered":"<div style=\"text-align: justify;\">A compet\u00eancia e seriedade do prefeito Waldeli dos Santos Rosa em administrar e aplicar de forma transparente e justa os recursos do Munic\u00edpio receberam elogios por parte do diretor-presidente da Fundtur &#8211; Funda\u00e7\u00e3o de Turismo de Mato Grosso do Sul &#8211; Nelson Cintra e sua comitiva, que visitaram nesta segunda-feira (13) alguns pontos tur\u00edsticos de Costa Rica \u2013 MS.<\/div>\n<div style=\"text-align: justify;\"><\/div>\n<div style=\"text-align: justify;\"><\/div>\n<div style=\"text-align: justify;\">Para o prefeito Waldeli essa visita do presidente junto com a caravana de empres\u00e1rios do Munic\u00edpio \u00e9 muito oportuna para alavancar o turismo de Costa Rica e da Regi\u00e3o Norte. \u201cFiz quest\u00e3o de mostrar os nossos pontos tur\u00edsticos, as nossas belezas naturais e nossos parques, precisamos que o Estado volte seus olhos para os nossos parques, no sentido de incentivar a divulgar esses ricos pontos tur\u00edsticos da nossa regi\u00e3o\u201d, contou.<\/div>\n<div style=\"text-align: justify;\"><\/div>\n<div style=\"text-align: justify;\"><\/div>\n<div style=\"text-align: justify;\">A caravana iniciou o passeio visitando o Parque Ecol\u00f3gico Vilibaldo Rodrigues Barbosa \u2018Vilibaldo\u2019; em seguida o Centro de Eventos Ramez Tebet; as obras de conten\u00e7\u00e3o e recupera\u00e7\u00e3o da Eros\u00e3o no C\u00f3rrego Cabeceira do A\u00e7ude, o PNMS \u2013 Parque Natural Municipal Salto do Sucuri\u00fa; o Parque Natural da Lage e encerrou o passeio no Parque Estadual das Nascentes do Rio Taquari com um perfeito cen\u00e1rio do por do sol nos canyons.<\/div>\n<div style=\"text-align: justify;\"><\/div>\n<div style=\"text-align: justify;\"><\/div>\n<div style=\"text-align: justify;\">\u201cEsse passeio oportunizou que apresent\u00e1ssemos ao presidente da FUDTUR a import\u00e2ncia da integra\u00e7\u00e3o e da parceria entre o Munic\u00edpio e o Estado para a promo\u00e7\u00e3o do turismo sul-mato-grossense e da valoriza\u00e7\u00e3o da Regi\u00e3o Norte, bem como a sua cultura. Neste \u00e2mbito tamb\u00e9m pedi apoio do Nelson Cintra no sentido de nos ajudar junto ao governador para levarmos a MS 316 at\u00e9 a entrada do PNE \u2013 Parque Nacional das Emas \u2013 e assim tamb\u00e9m explorarmos aquele local onde o nosso Estado tem aproximadamente 4 mil hectares&#8221;, enfatizou Waldeli.<\/div>\n<div style=\"text-align: justify;\"><\/div>\n<div style=\"text-align: justify;\"><\/div>\n<div style=\"text-align: justify;\">Cintra que foi prefeito de Porto Murtinho por dois mandatos, ficou impressionado com a qualidade das obras no per\u00edmetro urbano, que alavancar\u00e3o o turismo de Costa Rica e da regi\u00e3o, e fez elogios ao prefeito Waldeli na gest\u00e3o da cidade e na aplica\u00e7\u00e3o dos recursos. \u201cEsses pontos tur\u00edsticos que visitamos e as obras que pudemos ver no decorrer do passeio, s\u00e3o bel\u00edssimos projetos que est\u00e3o muito adiantados e certamente ser\u00e3o polos de atra\u00e7\u00e3o tur\u00edstica n\u00e3o apenas para Costa Rica, mas para toda a regi\u00e3o\u201d, frisou.<\/div>\n<div style=\"text-align: justify;\"><\/div>\n<div style=\"text-align: justify;\"><\/div>\n<div style=\"text-align: justify;\">O diretor-presidente da Fundtur destacou o apoio \u00e0 cidade no desenvolvimento de projetos que potencializem o turismo como principal caracter\u00edstica alavancando o perfil dos parques que teve a oportunidade de visitar. \u201cTemos que elogiar o esfor\u00e7o da atual administra\u00e7\u00e3o municipal para que a cidade continue se fortalecendo e qualificando-se ainda mais para buscar sua merecida posi\u00e7\u00e3o de destaque no turismo sul-mato-grossense. Tenho certeza de que Costa Rica est\u00e1 numa ascens\u00e3o progressiva e ela vai se tornar cada vez mais, um dos pontos tur\u00edsticos mais importantes da regi\u00e3o, do Estado e do Pa\u00eds\u201d, definiu.<\/div>\n<div style=\"text-align: justify;\"><\/div>\n<div style=\"text-align: justify;\"><\/div>\n<div style=\"text-align: justify;\">Waldeli finalizou destacando a import\u00e2ncia do trabalho conjunto, com Estado e Munic\u00edpio, para a realiza\u00e7\u00e3o de grandes a\u00e7\u00f5es. &#8220;Quando as esferas p\u00fablicas trabalham juntas, realizam trabalhos importantes. Quero agradecer a visita do presidente da FUNDTUR e da sua equipe e estamos esperan\u00e7osos nos resultados&#8221;.<\/div>\n<div style=\"text-align: justify;\"><\/div>\n<div style=\"text-align: justify;\"><\/div>\n<div style=\"text-align: justify;\">Acompanhou a caravana, os empres\u00e1rios no ramo de hotelaria Wellington Ferrato e Sakamoto; a secret\u00e1ria Municipal de Turismo, Meio Ambiente, Esporte e Cultura, Eliana Teodoro Lopes Lalier; a secret\u00e1ria de Educa\u00e7\u00e3o Prof\u00aa. Me. Manuelina Martins da Silva Arantes Cabral, a gestora do PNMSS \u2013 Parque Natural Municipal Salto do Sucuri\u00fa Silviane Tedeschi Rocha Ferreira, os vereadores Ivanildo Ferrari \u2018Did\u00e3o\u2019 e Ronivaldo Garcia Cota, os monitores ambientais Fabiano Ramos, Regina M\u00e1rcia Caldeira e Victor Renato; e a equipe da FUNDTUR: Fernanda, Marcia e Clayton.<\/div>\n<div style=\"text-align: justify;\"><\/div>\n<div style=\"text-align: justify;\">\n<div id='gallery-1' class='gallery galleryid-5365 gallery-columns-4 gallery-size-thumbnail'><figure class='gallery-item'>\n\t\t\t<div class='gallery-icon landscape'>\n\t\t\t\t<a href='https:\/\/www.ocorreionews.com.br\/acervo-correio\/wp-content\/uploads\/2015\/07\/carana-FUNDTUR-2.jpg'><img loading=\"lazy\" decoding=\"async\" width=\"150\" height=\"150\" src=\"https:\/\/www.ocorreionews.com.br\/acervo-correio\/wp-content\/uploads\/2015\/07\/carana-FUNDTUR-2-150x150.jpg\" class=\"attachment-thumbnail size-thumbnail\" alt=\"\" \/><\/a>\n\t\t\t<\/div><\/figure><figure class='gallery-item'>\n\t\t\t<div class='gallery-icon landscape'>\n\t\t\t\t<a href='https:\/\/www.ocorreionews.com.br\/acervo-correio\/wp-content\/uploads\/2015\/07\/carana-FUNDTUR-3.jpg'><img loading=\"lazy\" decoding=\"async\" width=\"150\" height=\"150\" src=\"https:\/\/www.ocorreionews.com.br\/acervo-correio\/wp-content\/uploads\/2015\/07\/carana-FUNDTUR-3-150x150.jpg\" class=\"attachment-thumbnail size-thumbnail\" alt=\"\" \/><\/a>\n\t\t\t<\/div><\/figure><figure class='gallery-item'>\n\t\t\t<div class='gallery-icon landscape'>\n\t\t\t\t<a href='https:\/\/www.ocorreionews.com.br\/acervo-correio\/wp-content\/uploads\/2015\/07\/carana-FUNDTUR-4.jpg'><img loading=\"lazy\" decoding=\"async\" width=\"150\" height=\"150\" src=\"https:\/\/www.ocorreionews.com.br\/acervo-correio\/wp-content\/uploads\/2015\/07\/carana-FUNDTUR-4-150x150.jpg\" class=\"attachment-thumbnail size-thumbnail\" alt=\"\" \/><\/a>\n\t\t\t<\/div><\/figure><figure class='gallery-item'>\n\t\t\t<div class='gallery-icon landscape'>\n\t\t\t\t<a href='https:\/\/www.ocorreionews.com.br\/acervo-correio\/wp-content\/uploads\/2015\/07\/carana-FUNDTUR-5.jpg'><img loading=\"lazy\" decoding=\"async\" width=\"150\" height=\"150\" src=\"https:\/\/www.ocorreionews.com.br\/acervo-correio\/wp-content\/uploads\/2015\/07\/carana-FUNDTUR-5-150x150.jpg\" class=\"attachment-thumbnail size-thumbnail\" alt=\"\" \/><\/a>\n\t\t\t<\/div><\/figure><figure class='gallery-item'>\n\t\t\t<div class='gallery-icon landscape'>\n\t\t\t\t<a href='https:\/\/www.ocorreionews.com.br\/acervo-correio\/wp-content\/uploads\/2015\/07\/carana-FUNDTUR-6.jpg'><img loading=\"lazy\" decoding=\"async\" width=\"150\" height=\"150\" src=\"https:\/\/www.ocorreionews.com.br\/acervo-correio\/wp-content\/uploads\/2015\/07\/carana-FUNDTUR-6-150x150.jpg\" class=\"attachment-thumbnail size-thumbnail\" alt=\"\" \/><\/a>\n\t\t\t<\/div><\/figure><figure class='gallery-item'>\n\t\t\t<div class='gallery-icon landscape'>\n\t\t\t\t<a href='https:\/\/www.ocorreionews.com.br\/acervo-correio\/wp-content\/uploads\/2015\/07\/carana-FUNDTUR-7.jpg'><img loading=\"lazy\" decoding=\"async\" width=\"150\" height=\"150\" src=\"https:\/\/www.ocorreionews.com.br\/acervo-correio\/wp-content\/uploads\/2015\/07\/carana-FUNDTUR-7-150x150.jpg\" class=\"attachment-thumbnail size-thumbnail\" alt=\"\" \/><\/a>\n\t\t\t<\/div><\/figure><figure class='gallery-item'>\n\t\t\t<div class='gallery-icon landscape'>\n\t\t\t\t<a href='https:\/\/www.ocorreionews.com.br\/acervo-correio\/wp-content\/uploads\/2015\/07\/carana-FUNDTUR-8.jpg'><img loading=\"lazy\" decoding=\"async\" width=\"150\" height=\"150\" src=\"https:\/\/www.ocorreionews.com.br\/acervo-correio\/wp-content\/uploads\/2015\/07\/carana-FUNDTUR-8-150x150.jpg\" class=\"attachment-thumbnail size-thumbnail\" alt=\"\" \/><\/a>\n\t\t\t<\/div><\/figure><figure class='gallery-item'>\n\t\t\t<div class='gallery-icon landscape'>\n\t\t\t\t<a href='https:\/\/www.ocorreionews.com.br\/acervo-correio\/wp-content\/uploads\/2015\/07\/carana-FUNDTUR-9.jpg'><img loading=\"lazy\" decoding=\"async\" width=\"150\" height=\"150\" src=\"https:\/\/www.ocorreionews.com.br\/acervo-correio\/wp-content\/uploads\/2015\/07\/carana-FUNDTUR-9-150x150.jpg\" class=\"attachment-thumbnail size-thumbnail\" alt=\"\" \/><\/a>\n\t\t\t<\/div><\/figure><figure class='gallery-item'>\n\t\t\t<div class='gallery-icon landscape'>\n\t\t\t\t<a href='https:\/\/www.ocorreionews.com.br\/acervo-correio\/wp-content\/uploads\/2015\/07\/carana-FUNDTUR-10.jpg'><img loading=\"lazy\" decoding=\"async\" width=\"150\" height=\"150\" src=\"https:\/\/www.ocorreionews.com.br\/acervo-correio\/wp-content\/uploads\/2015\/07\/carana-FUNDTUR-10-150x150.jpg\" class=\"attachment-thumbnail size-thumbnail\" alt=\"\" \/><\/a>\n\t\t\t<\/div><\/figure><figure class='gallery-item'>\n\t\t\t<div class='gallery-icon landscape'>\n\t\t\t\t<a href='https:\/\/www.ocorreionews.com.br\/acervo-correio\/wp-content\/uploads\/2015\/07\/carana-FUNDTUR-11.jpg'><img loading=\"lazy\" decoding=\"async\" width=\"150\" height=\"150\" src=\"https:\/\/www.ocorreionews.com.br\/acervo-correio\/wp-content\/uploads\/2015\/07\/carana-FUNDTUR-11-150x150.jpg\" class=\"attachment-thumbnail size-thumbnail\" alt=\"\" \/><\/a>\n\t\t\t<\/div><\/figure><figure class='gallery-item'>\n\t\t\t<div class='gallery-icon landscape'>\n\t\t\t\t<a href='https:\/\/www.ocorreionews.com.br\/acervo-correio\/wp-content\/uploads\/2015\/07\/carana-FUNDTUR-12.jpg'><img loading=\"lazy\" decoding=\"async\" width=\"150\" height=\"150\" src=\"https:\/\/www.ocorreionews.com.br\/acervo-correio\/wp-content\/uploads\/2015\/07\/carana-FUNDTUR-12-150x150.jpg\" class=\"attachment-thumbnail size-thumbnail\" alt=\"\" \/><\/a>\n\t\t\t<\/div><\/figure><figure class='gallery-item'>\n\t\t\t<div class='gallery-icon landscape'>\n\t\t\t\t<a href='https:\/\/www.ocorreionews.com.br\/acervo-correio\/wp-content\/uploads\/2015\/07\/carana-FUNDTUR-13.jpg'><img loading=\"lazy\" decoding=\"async\" width=\"150\" height=\"150\" src=\"https:\/\/www.ocorreionews.com.br\/acervo-correio\/wp-content\/uploads\/2015\/07\/carana-FUNDTUR-13-150x150.jpg\" class=\"attachment-thumbnail size-thumbnail\" alt=\"\" \/><\/a>\n\t\t\t<\/div><\/figure><figure class='gallery-item'>\n\t\t\t<div class='gallery-icon landscape'>\n\t\t\t\t<a href='https:\/\/www.ocorreionews.com.br\/acervo-correio\/wp-content\/uploads\/2015\/07\/carana-FUNDTUR1.jpg'><img loading=\"lazy\" decoding=\"async\" width=\"150\" height=\"150\" src=\"https:\/\/www.ocorreionews.com.br\/acervo-correio\/wp-content\/uploads\/2015\/07\/carana-FUNDTUR1-150x150.jpg\" class=\"attachment-thumbnail size-thumbnail\" alt=\"\" \/><\/a>\n\t\t\t<\/div><\/figure>\n\t\t<\/div>\n\n<\/div>\n<div style=\"text-align: justify;\"><\/div>\n<div style=\"text-align: justify;\">Fonte: Costa Rica em Foco ;\u00a0Fotos Igor Santana<\/div>\n","protected":false},"excerpt":{"rendered":"<p>A compet\u00eancia e seriedade do prefeito Waldeli dos Santos Rosa em administrar e aplicar de forma transparente e justa os recursos do Munic\u00edpio receberam elogios por parte do diretor-presidente da Fundtur &#8211; Funda\u00e7\u00e3o de Turismo de Mato Grosso do Sul &#8211; Nelson Cintra e sua comitiva, que visitaram nesta segunda-feira (13) alguns pontos tur\u00edsticos de [&hellip;]<\/p>\n","protected":false},"author":4,"featured_media":5366,"comment_status":"closed","ping_status":"closed","sticky":false,"template":"","format":"standard","meta":{"footnotes":""},"categories":[25],"tags":[],"class_list":["post-5365","post","type-post","status-publish","format-standard","has-post-thumbnail","hentry","category-costa-rica"],"_links":{"self":[{"href":"https:\/\/www.ocorreionews.com.br\/acervo-correio\/index.php?rest_route=\/wp\/v2\/posts\/5365","targetHints":{"allow":["GET"]}}],"collection":[{"href":"https:\/\/www.ocorreionews.com.br\/acervo-correio\/index.php?rest_route=\/wp\/v2\/posts"}],"about":[{"href":"https:\/\/www.ocorreionews.com.br\/acervo-correio\/index.php?rest_route=\/wp\/v2\/types\/post"}],"author":[{"embeddable":true,"href":"https:\/\/www.ocorreionews.com.br\/acervo-correio\/index.php?rest_route=\/wp\/v2\/users\/4"}],"replies":[{"embeddable":true,"href":"https:\/\/www.ocorreionews.com.br\/acervo-correio\/index.php?rest_route=%2Fwp%2Fv2%2Fcomments&post=5365"}],"version-history":[{"count":0,"href":"https:\/\/www.ocorreionews.com.br\/acervo-correio\/index.php?rest_route=\/wp\/v2\/posts\/5365\/revisions"}],"wp:featuredmedia":[{"embeddable":true,"href":"https:\/\/www.ocorreionews.com.br\/acervo-correio\/index.php?rest_route=\/wp\/v2\/media\/5366"}],"wp:attachment":[{"href":"https:\/\/www.ocorreionews.com.br\/acervo-correio\/index.php?rest_route=%2Fwp%2Fv2%2Fmedia&parent=5365"}],"wp:term":[{"taxonomy":"category","embeddable":true,"href":"https:\/\/www.ocorreionews.com.br\/acervo-correio\/index.php?rest_route=%2Fwp%2Fv2%2Fcategories&post=5365"},{"taxonomy":"post_tag","embeddable":true,"href":"https:\/\/www.ocorreionews.com.br\/acervo-correio\/index.php?rest_route=%2Fwp%2Fv2%2Ftags&post=5365"}],"curies":[{"name":"wp","href":"https:\/\/api.w.org\/{rel}","templated":true}]}}