{"id":54392,"date":"2017-05-19T14:07:53","date_gmt":"2017-05-19T18:07:53","guid":{"rendered":"https:\/\/ocorreionews.com.br\/?p=54392"},"modified":"2017-05-19T14:07:53","modified_gmt":"2017-05-19T18:07:53","slug":"prefeitura-vai-realizar-evento-voltado-para-educacao-ambiental","status":"publish","type":"post","link":"https:\/\/www.ocorreionews.com.br\/acervo-correio\/?p=54392","title":{"rendered":"Prefeitura vai realizar evento voltado para educa\u00e7\u00e3o ambiental"},"content":{"rendered":"<p>Em comemora\u00e7\u00e3o ao Dia Mundial da Reciclagem e Dia da Biodiversidade, a Prefeitura de Alcin\u00f3polis, por meio da Secretaria Municipal de Desenvolvimento, Agricultura, Pecu\u00e1ria, Turismo e Meio Ambiente (Semudes) e Secretaria Municipal de Educa\u00e7\u00e3o, Cultura e Desporto, vai realizar a 1\u00aa Noite Pr\u00f3-Meio Ambiente. O evento acontecer\u00e1 dia 22 de maio, \u00e0s 19 horas, na quadra de esportes da Escola Municipal.<\/p>\n<p>A comemora\u00e7\u00e3o contar\u00e1 com apresenta\u00e7\u00f5es culturais e educativas dos estudantes da Escola Municipal Alcino Carneiro, Centro Municipal de Educa\u00e7\u00e3o Infantil, Brenno Cris\u00f3stomo Duart e Escola Estadual Professora Romilda Costa Carneiro.<\/p>\n<p>Na oportunidade, haver\u00e1 sorteio de brindes feitos de material recicl\u00e1vel pelo Centro de Conviv\u00eancia da Melhor Idade e Centro de Atendimento da Crian\u00e7a e do Adolescente e vendas de artesanato da Associa\u00e7\u00e3o de Pais e Amigos dos Excepcionais (APAE) de Alcin\u00f3polis.<\/p>\n<p>Segundo a Secret\u00e1ria Municipal de Desenvolvimento, Bruna Barbosa, o evento tem o objetivo de realizar uma reflex\u00e3o sobre o nosso papel na produ\u00e7\u00e3o do lixo individual e o coletivo e como colaborar para reciclar todo esse res\u00edduo acumulado. \u201cA data tamb\u00e9m tem por objetivo conscientizar as pessoas a respeito da import\u00e2ncia de protegermos a diversidade biol\u00f3gica do nosso planeta\u201d, ressaltou a Secret\u00e1ria.<\/p>\n","protected":false},"excerpt":{"rendered":"<p>Em comemora\u00e7\u00e3o ao Dia Mundial da Reciclagem e Dia da Biodiversidade, a Prefeitura de Alcin\u00f3polis, por meio da Secretaria Municipal de Desenvolvimento, Agricultura, Pecu\u00e1ria, Turismo e Meio Ambiente (Semudes) e Secretaria Municipal de Educa\u00e7\u00e3o, Cultura e Desporto, vai realizar a 1\u00aa Noite Pr\u00f3-Meio Ambiente. O evento acontecer\u00e1 dia 22 de maio, \u00e0s 19 horas, na [&hellip;]<\/p>\n","protected":false},"author":4,"featured_media":54393,"comment_status":"closed","ping_status":"closed","sticky":false,"template":"","format":"standard","meta":{"footnotes":""},"categories":[18],"tags":[],"class_list":["post-54392","post","type-post","status-publish","format-standard","has-post-thumbnail","hentry","category-alcinopolis"],"_links":{"self":[{"href":"https:\/\/www.ocorreionews.com.br\/acervo-correio\/index.php?rest_route=\/wp\/v2\/posts\/54392","targetHints":{"allow":["GET"]}}],"collection":[{"href":"https:\/\/www.ocorreionews.com.br\/acervo-correio\/index.php?rest_route=\/wp\/v2\/posts"}],"about":[{"href":"https:\/\/www.ocorreionews.com.br\/acervo-correio\/index.php?rest_route=\/wp\/v2\/types\/post"}],"author":[{"embeddable":true,"href":"https:\/\/www.ocorreionews.com.br\/acervo-correio\/index.php?rest_route=\/wp\/v2\/users\/4"}],"replies":[{"embeddable":true,"href":"https:\/\/www.ocorreionews.com.br\/acervo-correio\/index.php?rest_route=%2Fwp%2Fv2%2Fcomments&post=54392"}],"version-history":[{"count":0,"href":"https:\/\/www.ocorreionews.com.br\/acervo-correio\/index.php?rest_route=\/wp\/v2\/posts\/54392\/revisions"}],"wp:featuredmedia":[{"embeddable":true,"href":"https:\/\/www.ocorreionews.com.br\/acervo-correio\/index.php?rest_route=\/wp\/v2\/media\/54393"}],"wp:attachment":[{"href":"https:\/\/www.ocorreionews.com.br\/acervo-correio\/index.php?rest_route=%2Fwp%2Fv2%2Fmedia&parent=54392"}],"wp:term":[{"taxonomy":"category","embeddable":true,"href":"https:\/\/www.ocorreionews.com.br\/acervo-correio\/index.php?rest_route=%2Fwp%2Fv2%2Fcategories&post=54392"},{"taxonomy":"post_tag","embeddable":true,"href":"https:\/\/www.ocorreionews.com.br\/acervo-correio\/index.php?rest_route=%2Fwp%2Fv2%2Ftags&post=54392"}],"curies":[{"name":"wp","href":"https:\/\/api.w.org\/{rel}","templated":true}]}}